{"id":202207,"date":"2025-10-26T18:12:16","date_gmt":"2025-10-26T18:12:16","guid":{"rendered":"https:\/\/www.europesays.com\/es\/202207\/"},"modified":"2025-10-26T18:12:16","modified_gmt":"2025-10-26T18:12:16","slug":"juan-antonio-madrid-experto-en-cronobiologia-deberiamos-evitar-el-horario-de-verano-permanente","status":"publish","type":"post","link":"https:\/\/www.europesays.com\/es\/202207\/","title":{"rendered":"Juan Antonio Madrid, experto en cronobiolog\u00eda: \u00abDeber\u00edamos evitar el horario de verano permanente\u00bb"},"content":{"rendered":"<p>Espa\u00f1a, actualmente, comparte la hora oficial con pa\u00edses situados mucho m\u00e1s al este de Europa. De esta manera, <b>anochece y amanece m\u00e1s tarde respecto de lo que deber\u00eda<\/b>, en concreto dos horas m\u00e1s tarde con el horario de verano y una con el de invierno. Esa asimetr\u00eda favorece acostarse tarde, recortar el sue\u00f1o en <a href=\"https:\/\/www.eleconomista.es\/actualidad\/noticias\/13609935\/10\/25\/cuantos-festivos-quedan-en-madrid-en-2025-fechas-confirmadas-y-dos-puentes-con-los-que-muchos-no-contaban.html\" title=\"\u00bfCu\u00e1ntos festivos quedan en Madrid en 2025? Fechas confirmadas y dos puentes con los que muchos no contaban\" rel=\"nofollow noopener\" target=\"_blank\">d\u00edas laborables<\/a>, y acumular jet-lag social.<\/p>\n<p>As\u00ed lo denuncia en una entrevista con Europa Press Salud Infosalus el catedr\u00e1tico de Fisiolog\u00eda de la Universidad de Murcia y experto referente en Cronobiolog\u00eda, <b>Juan Antonio Madrid<\/b>, coincidiendo con el cambio de hora vivido la madrugada de este s\u00e1bado al domingo, y tras la propuesta lanzada por el Gobierno a Europa para que Espa\u00f1a se mantenga en el horario de invierno.<\/p>\n<p>\u00abLa evidencia internacional muestra que vivir alejado del huso horario solar <b>se asocia a menos sue\u00f1o y a peores indicadores de salud y de productividad<\/b>; por eso, los expertos europeos en cronobiolog\u00eda y sue\u00f1o recomiendan alinear lo m\u00e1s posible la hora oficial con la solar; lo que en nuestro caso nos deber\u00eda llevar a<b> evitar el horario de verano permanente<\/b>\u00ab, afirma Madrid.<\/p>\n<p>Efectos del cambio de hora en nuestra salud<\/p>\n<p>Es m\u00e1s, mantiene que la desincronizaci\u00f3n cr\u00f3nica se asocia a <a href=\"https:\/\/www.eleconomista.es\/salud-bienestar\/salud-mental\/noticias\/13602650\/10\/25\/la-sociedad-espanola-de-sueno-pide-que-nos-preparemos-para-lo-que-viene-porque-afecta-a-todo-el-pais-a-partir-de.html\" title=\"La Sociedad Espa\u00f1ola de Sue\u00f1o pide que nos preparemos para lo que viene con el cambio de hora porque afecta a todo el pa\u00eds: &quot;A partir de...&quot;\" rel=\"nofollow noopener\" target=\"_blank\">menos horas de sue\u00f1o<\/a> durante los d\u00edas de trabajo, peor rendimiento, y a m\u00e1s riesgo cardio-metab\u00f3lico, ya que <b>tiende a aumentar el sobrepeso y a empeorar el control de la glucosa<\/b>. \u00abAdem\u00e1s, hay que tener en cuenta que cuando hablamos de un sue\u00f1o de calidad no s\u00f3lo importa su duraci\u00f3n, tambi\u00e9n es muy importante la regularidad de horarios, y el momento en el que se duerme; y estos empeoran tras los cambios horarios\u00bb, subraya.<\/p>\n<p>Recuerda aqu\u00ed este especialista que el cambio de hora primaveral desplaza la luz de la ma\u00f1ana hacia la tarde, <a href=\"https:\/\/www.eleconomista.es\/motor\/noticias\/13610729\/10\/25\/cambio-de-hora-en-espana-2025-asi-puedes-ajustar-el-reloj-del-coche-en-menos-de-un-minuto.html\" title=\"Cambio de hora en Espa\u00f1a 2025: as\u00ed puedes ajustar el reloj del coche en menos de un minuto\" rel=\"nofollow noopener\" target=\"_blank\">retrasando el reloj <\/a>circadiano, as\u00ed como el horario de la cena y de ir a dormir, reduciendo como contamos a la vez el sue\u00f1o, y<b> aumentando la somnolencia diurna<\/b>. \u00abDe forma aguda se han descrito picos de accidentes de tr\u00e1fico, lesiones laborales, y algunos eventos cardiovasculares tras el cambio de marzo\u00bb, subraya.<\/p>\n<p>En cambio, apunta que <b>el cambio de hora de oto\u00f1o suele tener efectos m\u00e1s leves,<\/b> ya que al retrasar el reloj una hora se recupera parte del sue\u00f1o perdido, y la mayor parte de las personas se adaptan en pocos d\u00edas tras el cambio. \u00abSin embargo, la transici\u00f3n puede provocar alteraciones temporales del ritmo circadiano, de insomnio, o de somnolencia, <b>sobre todo en ni\u00f1os, ancianos, y en personas con trastornos de sue\u00f1o\u00bb<\/b>, precisa este catedr\u00e1tico y experto en cronobiolog\u00eda.<\/p>\n<p>Cu\u00e1nto tarda el cuerpo en adaptarse<\/p>\n<p>El cuerpo humano<b> no se adapta de inmediato al cambio horario<\/b>, seg\u00fan prosigue Juan Antonio Madrid, porque los relojes biol\u00f3gicos se ajustan principalmente con la luz solar matutina, y s\u00f3lo pueden desplazarse unos 20 a 30 minutos por d\u00eda. \u00abPor eso, tras el cambio de hora, la adaptaci\u00f3n <a href=\"https:\/\/www.eleconomista.es\/salud-bienestar\/mas-50\/noticias\/13607844\/10\/25\/la-salud-de-las-personas-mayores-podria-verse-afectada-por-el-cambio-definitivo-de-hora-hay-muchas-diferencias-para-ellos-entre-el-de-verano-y-el-de-invierno.html\" title=\"La salud de las personas mayores podr\u00eda verse afectada por el cambio definitivo de hora: hay muchas diferencias entre el horario de verano y el de invierno\" rel=\"nofollow noopener\" target=\"_blank\">suele requerir entre tres y siete d\u00edas<\/a>, aunque en algunas personas puede prolongarse hasta dos semanas\u00bb, sostiene.<\/p>\n<p>Es m\u00e1s, destaca que la direcci\u00f3n del cambio horario tambi\u00e9n es importante; y de ah\u00ed que, tal y como reconoce, el paso al horario de verano (que adelanta el reloj) sea m\u00e1s dif\u00edcil porque<b> nos obliga a levantarnos antes de lo habitual,<\/b> reduciendo el tiempo de sue\u00f1o. \u00abEn cambio, el regreso al horario de invierno retrasa el reloj, lo que suele ser m\u00e1s f\u00e1cil y hasta reparador\u00bb, reconoce Juan Antonio Madrid.<\/p>\n<p>Los cronotipos, la tendencia natural a ser m\u00e1s matutino o vespertino dice que tambi\u00e9n es un factor determinante en esta adaptaci\u00f3n. \u00abLas <b>personas matutinas, o &#8216;alondras&#8217;,<\/b> se ajustan mejor al horario de invierno porque coincide con su inclinaci\u00f3n natural a dormir y a despertarse temprano. Mientras, las <b>personas vespertinas o &#8216;b\u00fahos&#8217;<\/b>, m\u00e1s frecuentes en adolescentes y j\u00f3venes, sufren m\u00e1s el paso al horario de verano, ya que su reloj interno tiende a retrasarse y la luz nocturna les afecta m\u00e1s.<\/p>\n<p>\u00abEn general los <b>grupos m\u00e1s vulnerables frente al cambio de hora<\/b>, especialmente al cambio de primavera, son los adolescentes y los j\u00f3venes (reloj m\u00e1s tard\u00edo), cronotipos vespertinos y trabajadores a turnos. Tambi\u00e9n lo sufren m\u00e1s las personas con trastornos del sue\u00f1o, <a href=\"https:\/\/www.eleconomista.es\/salud-bienestar\/enfermedades\/noticias\/13597191\/10\/25\/el-aviso-de-un-cardiologo-a-toda-espana-si-esta-enfermedad-llega-a-consulta-en-fase-avanzada-el-dano-cardiaco-es-irreversible.html\" title=\"El aviso de un cardi\u00f3logo a toda Espa\u00f1a: &quot;Si esta enfermedad llega a consulta en fase avanzada, el da\u00f1o cardiaco es irreversible&quot;\" rel=\"nofollow noopener\" target=\"_blank\">enfermos cardiovasculares<\/a>, o pacientes con alteraciones del estado de \u00e1nimo\u00bb, describe este experto.<\/p>\n<p>WhatsApp<a href=\"https:\/\/api.whatsapp.com\/send?text=https:\/\/www.eleconomista.es\/salud-bienestar\/ultimas-noticias\/noticias\/13612081\/10\/25\/juan-antonio-madrid-experto-en-cronobiologia-deberiamos-evitar-el-horario-de-verano-permanente.html?utm_source%3Dwhatsapp%26utm_medium%3Dshare_button&amp;id=1648118629957_whatsapp\" target=\"_blank\" data-action=\"share\/whatsapp\/share\" aria-label=\"Compartir en Whatsapp\" rel=\"nofollow noopener\"><\/a>Facebook<a id=\"fb-share\" href=\"#\" target=\"_blank\" rel=\"noopener noreferrer\" aria-label=\"Compartir en Facebook\"><\/a>Twitter<a href=\"https:\/\/twitter.com\/share?text=Juan+Antonio+Madrid%2C+experto+en+cronobiolog%C3%ADa%3A+%22Deber%C3%ADamos+evitar+el+horario+de+verano+permanente%22&amp;url=https:\/\/www.eleconomista.es\/salud-bienestar\/ultimas-noticias\/noticias\/13612081\/10\/25\/juan-antonio-madrid-experto-en-cronobiologia-deberiamos-evitar-el-horario-de-verano-permanente.html&amp;via=elEconomistaes&amp;id=1648118839245_twitter\" target=\"_blank\" aria-label=\"Compartir en Twitter\" rel=\"nofollow noopener\"><\/a>Linkedin<a href=\"https:\/\/linkedin.com\/share?text=https:\/\/www.eleconomista.es\/salud-bienestar\/ultimas-noticias\/noticias\/13612081\/10\/25\/juan-antonio-madrid-experto-en-cronobiologia-deberiamos-evitar-el-horario-de-verano-permanente.html&amp;via=elEconomistaes\" target=\"_blank\" aria-label=\"Compartir en linkedin\" rel=\"nofollow noopener\"><\/a>Beloud<a href=\"https:\/\/beloud.com\/share?text=Juan+Antonio+Madrid%2C+experto+en+cronobiolog%C3%ADa%3A+%22Deber%C3%ADamos+evitar+el+horario+de+verano+permanente%22&amp;url=https:\/\/www.eleconomista.es\/salud-bienestar\/ultimas-noticias\/noticias\/13612081\/10\/25\/juan-antonio-madrid-experto-en-cronobiologia-deberiamos-evitar-el-horario-de-verano-permanente.html&amp;via=elEconomistaes&amp;id=1648118839245_beloud\" target=\"_blank\" aria-label=\"Compartir en beloud\" rel=\"nofollow noopener\"><\/a>Bluesky<a href=\"https:\/\/bsky.app\/intent\/compose?text=https:\/\/bsky.app\/intent\/compose?text=https:\/\/www.eleconomista.es\/salud-bienestar\/ultimas-noticias\/noticias\/13612081\/10\/25\/juan-antonio-madrid-experto-en-cronobiologia-deberiamos-evitar-el-horario-de-verano-permanente.html&amp;url=https:\/\/www.eleconomista.es\/salud-bienestar\/ultimas-noticias\/noticias\/13612081\/10\/25\/juan-antonio-madrid-experto-en-cronobiologia-deberiamos-evitar-el-horario-de-verano-permanente.html&amp;via=elEconomistaes&amp;id=1648118839245_bluesky\" target=\"_blank\" aria-label=\"Compartir en bluesky\" rel=\"nofollow noopener\"><\/a><\/p>\n<p><script async src=\"https:\/\/platform.twitter.com\/widgets.js\" charset=\"utf-8\"><\/script><\/p>\n","protected":false},"excerpt":{"rendered":"Espa\u00f1a, actualmente, comparte la hora oficial con pa\u00edses situados mucho m\u00e1s al este de Europa. De esta manera,&hellip;\n","protected":false},"author":2,"featured_media":202208,"comment_status":"","ping_status":"","sticky":false,"template":"","format":"standard","meta":{"footnotes":""},"categories":[8],"tags":[17,18,25,24,13,14,11,19,20,9,10,15,16,4134,23,12,21,22],"class_list":{"0":"post-202207","1":"post","2":"type-post","3":"status-publish","4":"format-standard","5":"has-post-thumbnail","7":"category-espana","8":"tag-breaking-news","9":"tag-breakingnews","10":"tag-es","11":"tag-espana","12":"tag-featured-news","13":"tag-featurednews","14":"tag-headlines","15":"tag-latest-news","16":"tag-latestnews","17":"tag-news","18":"tag-noticias","19":"tag-noticias-destacadas","20":"tag-noticiasdestacadas","21":"tag-salud-bienestar","22":"tag-spain","23":"tag-titulares","24":"tag-ultimas-noticias","25":"tag-ultimasnoticias"},"share_on_mastodon":{"url":"https:\/\/pubeurope.com\/@es\/115441824464318612","error":""},"_links":{"self":[{"href":"https:\/\/www.europesays.com\/es\/wp-json\/wp\/v2\/posts\/202207","targetHints":{"allow":["GET"]}}],"collection":[{"href":"https:\/\/www.europesays.com\/es\/wp-json\/wp\/v2\/posts"}],"about":[{"href":"https:\/\/www.europesays.com\/es\/wp-json\/wp\/v2\/types\/post"}],"author":[{"embeddable":true,"href":"https:\/\/www.europesays.com\/es\/wp-json\/wp\/v2\/users\/2"}],"replies":[{"embeddable":true,"href":"https:\/\/www.europesays.com\/es\/wp-json\/wp\/v2\/comments?post=202207"}],"version-history":[{"count":0,"href":"https:\/\/www.europesays.com\/es\/wp-json\/wp\/v2\/posts\/202207\/revisions"}],"wp:featuredmedia":[{"embeddable":true,"href":"https:\/\/www.europesays.com\/es\/wp-json\/wp\/v2\/media\/202208"}],"wp:attachment":[{"href":"https:\/\/www.europesays.com\/es\/wp-json\/wp\/v2\/media?parent=202207"}],"wp:term":[{"taxonomy":"category","embeddable":true,"href":"https:\/\/www.europesays.com\/es\/wp-json\/wp\/v2\/categories?post=202207"},{"taxonomy":"post_tag","embeddable":true,"href":"https:\/\/www.europesays.com\/es\/wp-json\/wp\/v2\/tags?post=202207"}],"curies":[{"name":"wp","href":"https:\/\/api.w.org\/{rel}","templated":true}]}}