{"id":202213,"date":"2025-10-26T18:19:09","date_gmt":"2025-10-26T18:19:09","guid":{"rendered":"https:\/\/www.europesays.com\/es\/202213\/"},"modified":"2025-10-26T18:19:09","modified_gmt":"2025-10-26T18:19:09","slug":"once-anos-despues-albert-torres-vuelve-a-ser-campeon-del-mundo","status":"publish","type":"post","link":"https:\/\/www.europesays.com\/es\/202213\/","title":{"rendered":"Once a\u00f1os despu\u00e9s, Albert Torres vuelve a ser campe\u00f3n del mundo"},"content":{"rendered":"<p style=\"\">Un habitual de los podios, la purpurina y los trofeos en un deporte minoritario, <a href=\"https:\/\/www.abc.es\/deportes\/ciclismo\/barcelona-saluda-tour-2026-dos-finales-etapa-20251023134217-nt.html\" target=\"_blank\" data-voc-vtm-id=\"in-text-traffic\" title=\"el ciclismo en pista\" rel=\"nofollow noopener\">el ciclismo en pista<\/a>, vuelve a saborear la miel de un campeonato del mundo. Albert Torres (Menorca, 35 a\u00f1os) es de nuevo campe\u00f3n mundial, once a\u00f1os despu\u00e9s de su primera  &#8230; corona, en Cali (Colombia) en 2014 en la prueba de madison.<\/p>\n<p class=\"voc-p\" style=\"\">El ciclista balear consigui\u00f3 la primera medalla para la selecci\u00f3n espa\u00f1ola en el Mundial de<a href=\"https:\/\/www.abc.es\/deportes\/ciclismo\/equipo-ciclista-israel-premier-tech-cambia-nombre-20251006165651-nt.html\" target=\"_blank\" data-voc-vtm-id=\"in-text-traffic\" title=\" ciclismo\" rel=\"nofollow noopener\"> ciclismo<\/a> en pista que se est\u00e1 disputando en Santiago de Chile tras adjudicarse la victoria en la prueba de \u00f3mnium.<\/p>\n<p class=\"voc-p\" style=\"\">El \u00f3mnium es una combinada de <strong>cuatro disciplinas<\/strong>: scratch, carrera tempo, eliminaci\u00f3n y carrera por puntos. Los corredores acumulan puntos en las tres primeras pruebas y la clasificaci\u00f3n final se determina por la suma de los puntos obtenidos en las cuatro carreras.<\/p>\n<p class=\"voc-p\" style=\"\">El<strong> scratch<\/strong> es una carrera de distancia fija donde gana el primer corredor en cruzar la meta. La carrera tempo es similar a una carrera por puntos, pero solo el ganador de cada sprint intermedio recibe un punto y se pueden obtener puntos extra por doblar a la competencia.<\/p>\n<p class=\"voc-p\" style=\"\">En la <strong>eliminaci\u00f3n<\/strong>, el \u00faltimo ciclista en cruzar la l\u00ednea desaparece de la competici\u00f3n cada dos vueltas. La prueba sigue hasta que queden dos corredores, que compiten por el sprint final. En <strong>la carrera por puntos<\/strong> los ciclistas ganan puntos en sprints intermedios a lo largo de la carrera. <\/p>\n<p class=\"voc-p\" style=\"\">Torres obtuvo el oro despu\u00e9s de firmar una actuaci\u00f3n muy s\u00f3lida durante las cuatro pruebas y se impuso con 133 puntos por delante del japon\u00e9s Kazushige Kuboki y del belga Lindsay de Vylder.<\/p>\n<p class=\"voc-p\" style=\"\">\u00abEstoy muy feliz porque ha sido un a\u00f1o muy dif\u00edcil por las lesiones, pero este final de temporada es inmejorable\u00bb, dijo el menorqu\u00edn. \u00abTuve la ocasi\u00f3n de conseguirlo en 2014 en Cali y muchos a\u00f1os despu\u00e9s volvemos a subir a lo m\u00e1s alto del podio, y esta vez acompa\u00f1ado de mi familia que ha tenido que hacer un viaje muy largo\u00bb.<\/p>\n<p class=\"voc-p\" style=\"\"> Torres reconoc\u00eda que la clave \u00abha sido la regularidad durante toda la competici\u00f3n. En la puntuaci\u00f3n intent\u00e9 coger el bonus, pero hubo muchas alternativas. Y realmente hasta el final no sab\u00eda si hab\u00eda ganado o no\u00ab.<\/p>\n<p class=\"voc-p\" style=\"\">Torres ha sido <strong>cinco veces campe\u00f3n europeo<\/strong> (2015, 2016, 2017 y 2020) y gan\u00f3 ocho medallas en el los Mundiales entre 2013 y 2025, adem\u00e1s de siete medallas en los Europeos entre los a\u00f1os 2013 y 2023.<\/p>\n<p class=\"voc-p\" style=\"\">De esta manera el menorqu\u00edn perpet\u00faa una valiosa tradici\u00f3n de ciclistas espa\u00f1oles en la pista. Los m\u00e1s famosos fueron <strong>Guillermo Timoner<\/strong> y Joan Llaneras, ambos baleares (de Mallorca), como Torres. Timoner fue el primer espa\u00f1ol en ganar un t\u00edtulo mundial en pista tras moto, y <strong>Llaneras<\/strong> es considerado el mejor ciclista espa\u00f1ol en pista de la historia, con m\u00faltiples medallas ol\u00edmpicas (dos oros) y mundiales (ocho).<\/p>\n","protected":false},"excerpt":{"rendered":"Un habitual de los podios, la purpurina y los trofeos en un deporte minoritario, el ciclismo en pista,&hellip;\n","protected":false},"author":2,"featured_media":202214,"comment_status":"","ping_status":"","sticky":false,"template":"","format":"standard","meta":{"footnotes":""},"categories":[273],"tags":[30430,988,5773,313,312,168,987,25,24,3013,531,23,167,4655,739],"class_list":{"0":"post-202213","1":"post","2":"type-post","3":"status-publish","4":"format-standard","5":"has-post-thumbnail","7":"category-ciclismo","8":"tag-albert","9":"tag-anos","10":"tag-campeon","11":"tag-ciclismo","12":"tag-cycling","13":"tag-deportes","14":"tag-despues","15":"tag-es","16":"tag-espana","17":"tag-mundo","18":"tag-once","19":"tag-spain","20":"tag-sports","21":"tag-torres","22":"tag-vuelve"},"share_on_mastodon":{"url":"https:\/\/pubeurope.com\/@es\/115441851636106492","error":""},"_links":{"self":[{"href":"https:\/\/www.europesays.com\/es\/wp-json\/wp\/v2\/posts\/202213","targetHints":{"allow":["GET"]}}],"collection":[{"href":"https:\/\/www.europesays.com\/es\/wp-json\/wp\/v2\/posts"}],"about":[{"href":"https:\/\/www.europesays.com\/es\/wp-json\/wp\/v2\/types\/post"}],"author":[{"embeddable":true,"href":"https:\/\/www.europesays.com\/es\/wp-json\/wp\/v2\/users\/2"}],"replies":[{"embeddable":true,"href":"https:\/\/www.europesays.com\/es\/wp-json\/wp\/v2\/comments?post=202213"}],"version-history":[{"count":0,"href":"https:\/\/www.europesays.com\/es\/wp-json\/wp\/v2\/posts\/202213\/revisions"}],"wp:featuredmedia":[{"embeddable":true,"href":"https:\/\/www.europesays.com\/es\/wp-json\/wp\/v2\/media\/202214"}],"wp:attachment":[{"href":"https:\/\/www.europesays.com\/es\/wp-json\/wp\/v2\/media?parent=202213"}],"wp:term":[{"taxonomy":"category","embeddable":true,"href":"https:\/\/www.europesays.com\/es\/wp-json\/wp\/v2\/categories?post=202213"},{"taxonomy":"post_tag","embeddable":true,"href":"https:\/\/www.europesays.com\/es\/wp-json\/wp\/v2\/tags?post=202213"}],"curies":[{"name":"wp","href":"https:\/\/api.w.org\/{rel}","templated":true}]}}