{"id":202221,"date":"2025-10-26T18:24:15","date_gmt":"2025-10-26T18:24:15","guid":{"rendered":"https:\/\/www.europesays.com\/es\/202221\/"},"modified":"2025-10-26T18:24:15","modified_gmt":"2025-10-26T18:24:15","slug":"nadie-quiso-reclamar-la-propiedad-de-la-muralla-en-el-ano-1972","status":"publish","type":"post","link":"https:\/\/www.europesays.com\/es\/202221\/","title":{"rendered":"Nadie quiso reclamar la propiedad de la muralla en el a\u00f1o 1972"},"content":{"rendered":"<p>Su altura f\u00edsica e intelectual, el paso largo de su edad, permiten a Antonio Gonz\u00e1lez Trigo (Vilagarc\u00eda de Arousa, 1933) mirar los asuntos en perspectiva amplia. Como arquitecto ejecut\u00f3, en el sentido estricto de la palabra, la Operaci\u00f3n Muralla Limpia en<a href=\"https:\/\/www.elprogreso.es\/\" rel=\"nofollow noopener\" target=\"_blank\"> Lugo<\/a>. Esa labor\u00a0liber\u00f3\u00a0el monumento de las casas y los negocios que ten\u00eda apoyados a principios de los a\u00f1os 70. Le gustan la arquitectura y la ac\u00fastica. Combin\u00f3 sus conocimientos para dise\u00f1ar los auditorios de Veterinaria y del edificio de Caixa Galicia en la Praza Maior.<\/p>\n<p><strong>\u00bfQu\u00e9 sab\u00eda usted de Lugo cuando vino?<\/strong><br \/>Sab\u00eda que era un sitio en el que hac\u00eda mucho fr\u00edo y nevaba porque era lo que le\u00eda en los peri\u00f3dicos en Vilagarc\u00eda, de donde soy. En 1968 aprob\u00e9 una oposici\u00f3n a t\u00e9cnico de Hacienda. Mi padre estaba muriendo. La \u00fanica plaza libre en toda Galicia era la de Lugo, as\u00ed que solicit\u00e9 Lugo.<\/p>\n<p><strong>Cuatro a\u00f1os m\u00e1s tarde estaba usted tomando posesi\u00f3n de la muralla.<\/strong><br \/>Era un paso necesario. No puedes rehabilitar lo que no es tuyo. Hab\u00eda que identificar al propietario.<\/p>\n<p><strong>Habr\u00eda muchos candidatos.<\/strong><br \/>Ninguno.Nadie la reclamaba.\u00a0Nadie quer\u00eda ser due\u00f1o de la muralla porque supon\u00eda mantenerla. Era lo que se conoc\u00eda como un Bien Vacante sin Due\u00f1o Conocido. Tuve que hacer un expediente, en colaboraci\u00f3n con la abogac\u00eda del Estado, sobre los elementos que ten\u00eda, las dimensiones y \u00a0su estado de conservaci\u00f3n. Hicimos una valoraci\u00f3n simb\u00f3lica de 200 millones de pesetas. Es simb\u00f3lica porque un elemento como la muralla es imposible de valorar. Se calcula un valor de reposici\u00f3n,que es\u00a0lo que costar\u00eda hacer el monumento en la actualidad.<\/p>\n<p><strong>\u00bfNo se considera el tiempo transcurrido, el valor hist\u00f3rico?<\/strong><br \/>No, no. La finalidad era incorporarlo al patrimonio del Estado. El proyecto de la operaci\u00f3n Muralla Limpia estuvo en exposici\u00f3n durante un mes.<\/p>\n<p><strong>\u00bfReclam\u00f3 alguien?<\/strong><br \/>No hubo ning\u00fan problema.<\/p>\n<p><strong>\u00bfCu\u00e1l fue el siguiente paso?<\/strong><br \/>Se estableci\u00f3 un decreto de expropiaci\u00f3n de los edificios y las\u00a0instalaciones, como las el\u00e9ctricas, que estaban adosadas.<\/p>\n<p><strong>\u00bfQu\u00e9 fue lo m\u00e1s complicado? No le pregunto desde el punto de vista cultural\u00a0o pol\u00edtico, sino t\u00e9cnico.<\/strong><br \/>Se cont\u00f3 con la feliz coincidencia de que yo fuese arquitecto de Hacienda. Era especialista en evaluaciones.<\/p>\n<p><strong>Lo hab\u00eda demostrado dando orden al catastro.<\/strong><br \/>Tuve que hacer el catastro de Lugo entero. Cuando llegu\u00e9 hab\u00eda declarados 20.000 bienes urbanos y acabamos en 130.000 fincas. Hab\u00eda un nuevo plan de 1968 que duraba cinco a\u00f1os. Llegu\u00e9 con un a\u00f1o de retraso. Me las tuve que ingeniar sin cartograf\u00edas y sin fotos a\u00e9reas.<\/p>\n<p><strong>Volvamos a Muralla Limpia. Se vali\u00f3 usted de un arma secreta: una Olivetti 101.\u00a0<\/strong><br \/>Siempre he sido aficionado a las maquinitas. Era el primer ordenador de mesa. La Nasa lo utiliz\u00f3 para calcular para calcular \u00f3rbitas.<\/p>\n<p><strong>Dice que no hubo dificultades en las expropiaciones. Estaban obligando a personas a marcharse de sus casas.<\/strong><br \/>No hubo problema. Al salir la declaraci\u00f3n de expropiaciones levant\u00f3 ampollas porque se hab\u00edan hecho las del pol\u00edgono de Fingoi y llevaban diez a\u00f1os sin cobrar.<\/p>\n<p><strong>\u00bfQui\u00e9n fue el inspirador de la operaci\u00f3n?<\/strong><br \/>Alfredo S\u00e1nchez Carro dijo que era idea de Fraga. Yo no lo s\u00e9. S\u00e9 que Ram\u00f3n Falc\u00f3n, que era jefe de Bellas Artes, fue el responsable. Era un lucense de pro y quer\u00eda que la administraci\u00f3n quedase bien con los lucenses . Me dijo: \u00abAntonio, evita el procedimiento. Acelera todo lo que puedas los tr\u00e1mites\u00bb.<\/p>\n<p><strong>H\u00e1bleme de sus otros proyectos mayores en Lugo: las facultades de Veterinaria y Pol\u00edt\u00e9cnica.<\/strong><br \/>Me han pedido una colaboraci\u00f3n para el homenaje a Francisco Cacharro&#8230; Pero no le voy a hablar del proyecto ni de la gesti\u00f3n de Veterinaria.<\/p>\n<p><strong>Como usted quiera. Es el entrevistado.<\/strong><br \/>El dato importante es que, cuando se hizo la contrataci\u00f3n, una empresa que propon\u00eda una rebaja del\u00a028 por ciento. Le falt\u00f3 un punto para ser baja temeraria. Yo dije que por ese precio, rebajando 450 millones de pesetas, como propon\u00edan, era imposible hacerlo. Sal\u00ed en El Progreso. Los que me criticaban dec\u00edan que el arquitecto estaba mal de la cabeza, que, si la empresa dec\u00eda que se pod\u00eda hacer a ese precio, se pod\u00eda hacer. Las empresas juegan con los reformados, con los c\u00e1lculos mal hechos. Hacen una propuesta baja y despu\u00e9s piden m\u00e1s dinero para reformar el proyecto original. Entonces levant\u00e9 un equipo solo para mediciones de tres aparejadores y cuatro peritos. El proyecto qued\u00f3 tan bien definido que no se pod\u00edan hacer reformados. Cacharro, que era muy astuto, hizo el contrato con precio cerrado. La empresa demand\u00f3 a la Diputaci\u00f3n y perdi\u00f3 en el Supremo. Conclusi\u00f3n: \u00bfHa habido un gestor mejor que \u00e9l en la provincia en el siglo XX? Pues no.<\/p>\n<p><strong>Despu\u00e9s de la arquitectura, usted se ha preocupado por el gasto p\u00fablico en sus obras, pero tambi\u00e9n por la sonoridad.<\/strong><br \/>Cuando hice Veterinaria pens\u00e9 en que Cacharro cualquier d\u00eda querr\u00eda meter una orquesta en el Aula Magna. Ten\u00eda que sonar muy bien. Me traje a Vicente Mestre, catedr\u00e1tico de Ac\u00fastica de la Escuela Superior de Arquitectura de Madrid. Es uno de los mayores especialistas en ac\u00fastica de Espa\u00f1a. El auditorio de Veterinaria tiene un 98 por ciento de claridad. Se puede hablar sin megafon\u00eda.\u00a0<\/p>\n<p><strong>Los mel\u00f3manos alaban tambi\u00e9n su trabajo como arquitecto del auditorio de Abanca. Cu\u00e9nteme el secreto.<\/strong><br \/>Suelen ponerse\u00a0muchos altavoces. Yo le met\u00ed dos grande columnas y altavoces en las paredes. Usamos madera de poco espesor, que permite mayor resonancia.<\/p>\n<p>\u201cMe hicieron presidente de la Filarm\u00f3nica por mis relaciones\u00bb<\/p>\n<p>Lleva\u00a0una cajita negra colgando en el pecho. Parece un s\u00edmbolo espiritual, pero es un aparato con el que regula sus aud\u00edfonos. El dispositivo tiene seis programas que le sirven para adecuarlos al \u00e1mbito en el que se encuentre.\u00a0<\/p>\n<p><strong>Al hablar con usted me he fijado en el dispositivo que lleva. \u00bfC\u00f3mo funciona?<\/strong><br \/>Tiene seis programas. Cada programa tiene unos filtros en funci\u00f3n de donde est\u00e9. El programa Confort me aisla de todo. Con otro puedo escuchar un concierto de m\u00fasica perfectamente.<\/p>\n<p><strong>\u00bfSigue yendo a conciertos?<\/strong><br \/>S\u00ed, por supuesto.<\/p>\n<p><strong>Es usted presidente de la Sociedad Filarm\u00f3nica desde hace m\u00e1s de medio siglo<\/strong>.<br \/>Cuando llegu\u00e9 me hicieron presidente. No era ni socio porque acababa de llegar a Lugo. Una de las razones para mi nombramiento fueron mis relaciones como consejero de Bellas Artes, obviamente, y otra, mi afici\u00f3n a la m\u00fasica.<\/p>\n<p><strong>\u00bfCu\u00e1ndo empez\u00f3 esa afici\u00f3n?<\/strong><br \/>De ni\u00f1o, cantando en el coro de los Jesuitas de Vigo.<\/p>\n<p><strong>Dicen que fue un estudiante brillante en las notas e inc\u00f3modo en el comportamiento.<\/strong><br \/>Siempre me dio por discutir y dar opiniones. Estuve cinco a\u00f1os en el seminario de Carri\u00f3n de los Condes, en Palencia. Me invitaron a irme antes de acabar el noviciado.<\/p>\n<p><strong>\u00bfTen\u00eda vocaci\u00f3n religiosa?<\/strong><br \/>Me iba bien. Estaba siempre entre el n\u00famero 1 y el n\u00famero 2.<\/p>\n<p><strong>\u00bfSigue creyendo en Dios?<\/strong><br \/>S\u00ed. Comprendo que puede ser un error como otro cualquiera. Tengo dudas sobre la Iglesia, pero lo que dijo Jes\u00fas coincide con la ley natural, contra la que no se puede ir.<\/p>\n<p><strong>\u00bfDios est\u00e1 en la m\u00fasica?<\/strong><br \/>Dios est\u00e1 en el Universo.<\/p>\n<p><strong>\u00bfDios est\u00e1 en Bach?<\/strong><br \/>Bueno, claro. Dios es el \u00fanico que puede ocuparlo todo. Creo en una entidad anterior a todo. He hecho meditaci\u00f3n y yoga. Los yoguis dicen que existi\u00f3 la nada al principio; pero no es el vac\u00edo absoluto, sino la posibilidad de ser.<\/p>\n<p><strong>Volvamos a lo tangible. \u00bfToca alg\u00fan instrumento?<\/strong><br \/>En casa maltocaba el \u00f3rgano. En el seminario tocaba la arm\u00f3nica y el la\u00fad. Eso lo hac\u00eda bien. Tambi\u00e9n dibujaba desde los 8 a\u00f1os.<\/p>\n<p><strong>Era un adolescente completo.<\/strong><br \/>A los 10 a\u00f1os me seleccionaron un \u00f3leo para una exposici\u00f3n del Gobierno en Madrid.<\/p>\n","protected":false},"excerpt":{"rendered":"Su altura f\u00edsica e intelectual, el paso largo de su edad, permiten a Antonio Gonz\u00e1lez Trigo (Vilagarc\u00eda de&hellip;\n","protected":false},"author":2,"featured_media":202222,"comment_status":"","ping_status":"","sticky":false,"template":"","format":"standard","meta":{"footnotes":""},"categories":[173],"tags":[801,229,233,231,230,232,234,146,147,25,24,7318,23],"class_list":{"0":"post-202221","1":"post","2":"type-post","3":"status-publish","4":"format-standard","5":"has-post-thumbnail","7":"category-arte-y-diseno","8":"tag-arquitectura","9":"tag-arte","10":"tag-arte-y-diseno","11":"tag-arts","12":"tag-arts-and-design","13":"tag-design","14":"tag-diseno","15":"tag-entertainment","16":"tag-entretenimiento","17":"tag-es","18":"tag-espana","19":"tag-lugo","20":"tag-spain"},"share_on_mastodon":{"url":"https:\/\/pubeurope.com\/@es\/115441871294486285","error":""},"_links":{"self":[{"href":"https:\/\/www.europesays.com\/es\/wp-json\/wp\/v2\/posts\/202221","targetHints":{"allow":["GET"]}}],"collection":[{"href":"https:\/\/www.europesays.com\/es\/wp-json\/wp\/v2\/posts"}],"about":[{"href":"https:\/\/www.europesays.com\/es\/wp-json\/wp\/v2\/types\/post"}],"author":[{"embeddable":true,"href":"https:\/\/www.europesays.com\/es\/wp-json\/wp\/v2\/users\/2"}],"replies":[{"embeddable":true,"href":"https:\/\/www.europesays.com\/es\/wp-json\/wp\/v2\/comments?post=202221"}],"version-history":[{"count":0,"href":"https:\/\/www.europesays.com\/es\/wp-json\/wp\/v2\/posts\/202221\/revisions"}],"wp:featuredmedia":[{"embeddable":true,"href":"https:\/\/www.europesays.com\/es\/wp-json\/wp\/v2\/media\/202222"}],"wp:attachment":[{"href":"https:\/\/www.europesays.com\/es\/wp-json\/wp\/v2\/media?parent=202221"}],"wp:term":[{"taxonomy":"category","embeddable":true,"href":"https:\/\/www.europesays.com\/es\/wp-json\/wp\/v2\/categories?post=202221"},{"taxonomy":"post_tag","embeddable":true,"href":"https:\/\/www.europesays.com\/es\/wp-json\/wp\/v2\/tags?post=202221"}],"curies":[{"name":"wp","href":"https:\/\/api.w.org\/{rel}","templated":true}]}}