{"id":202225,"date":"2025-10-26T18:28:12","date_gmt":"2025-10-26T18:28:12","guid":{"rendered":"https:\/\/www.europesays.com\/es\/202225\/"},"modified":"2025-10-26T18:28:12","modified_gmt":"2025-10-26T18:28:12","slug":"jim-carrey-como-freddy-krueger-la-idea-para-resucitar-pesadilla-en-elm-street-que-envenena-mis-suenos","status":"publish","type":"post","link":"https:\/\/www.europesays.com\/es\/202225\/","title":{"rendered":"\u00bfJim Carrey como Freddy Krueger? La idea para resucitar &#8216;Pesadilla en Elm Street&#8217; que envenena mis sue\u00f1os"},"content":{"rendered":"<p class=\"c-paragraph\">Los sue\u00f1os no envejecen, pero los actores s\u00ed. De ah\u00ed que resucitar la franquicia Pesadilla en Elm Street con un nuevo <b>Freddy Krueger<\/b>\u00a0resulte una tarea compleja cuanto menos. Con <b>Robert Englund <\/b>oficialmente retirado de la franquicia a sus 78 a\u00f1os, y tras el fracaso del reboot con <b>Jackie Earle Haley <\/b>como asesino on\u00edrico, devolvernos esta saga m\u00edtica del terror ochentero parece una misi\u00f3n imposible. \u00bfO no?<\/p>\n<p class=\"c-paragraph\">Pues no necesariamente, porque <b>Chuck Russell <\/b>(guionista y director de Pesadilla en Elm Street III) tiene al int\u00e9rprete perfecto para su Hombre del Saco (v\u00eda <a href=\"https:\/\/deadline.com\/2025\/10\/nightmare-on-elm-street-jim-carrey-could-play-freddy-krueger-1236594906\/\" rel=\"nofollow noreferrer noopener\" target=\"_blank\">Deadline<\/a>): un actor vers\u00e1til, carism\u00e1tico, sin miedo al histrionismo y que, pese a haber rodado unas cuantas obras maestras, todav\u00eda no ha dejado su huella a lo grande en el terror. Se trata, por supuesto, de <b>Jim Carrey.<\/b><\/p>\n<p>\u00bfPor qu\u00e9 ser\u00eda Jim Carrey el Freddy Kruger perfecto?\u00a0<\/p>\n<p class=\"c-paragraph\">Seg\u00fan Russell, que dirigi\u00f3 a Carrey en La m\u00e1scara (1994), el actor de origen canadiense es <b>\u00abel \u00fanico Freddy\u00bb. <\/b>Algo debido, contin\u00faa, a su costumbre de darlo todo cuando se le encomienda un papel<\/p>\n<p class=\"c-paragraph\">\u00abEn mi opini\u00f3n,<b> Jim podr\u00eda hacer casi cualquier cosa<\/b> si se lo toma con ganas\u00bb, se\u00f1al\u00f3 el director en el podcast Development Hell. Claro que, seg\u00fan Russell, Pesadilla en Elm Street tendr\u00eda que poner de su parte para acomodar a un actor tan explosivo.\u00a0<\/p>\n<p class=\"c-paragraph\">El director se\u00f1ala que, para que Carrey se apuntase al plan, ser\u00eda necesario <b>\u00abotro salto adelante en la saga de &#8216;Elm Street&#8217;: <\/b>algo as\u00ed como lo que <b>Wes [Craven, <\/b>creador de la franquicia] hizo en La nueva pesadilla [1994 ], una pel\u00edcula muy &#8216;meta&#8217;. Creo que Jim solo se lo pensar\u00eda, y yo solo me pensar\u00eda dirigir a Jim, si Elm Street se atreviese a ir en\u00a0una nueva direcci\u00f3n\u00bb.\u00a0<\/p>\n<p class=\"c-paragraph\">Dado que Pesadilla en Elm Street III fue el t\u00edtulo m\u00e1s fantasioso de la franquicia hasta entonces, y que La nueva pesadilla <b>apostaba por el cine dentro del cine,<\/b>\u00a0la idea de Jim Carrey resucitando el lado m\u00e1s demente de Freddy y su mundo resulta tentadora. Ojo, eso s\u00ed, porque Robert Englund tiene su propio candidato para ponerse el guante de acuchillar.\u00a0<\/p>\n<p class=\"c-paragraph\">En una entrevista, el int\u00e9rprete cl\u00e1sico de Freddy propuso a <b>Kevin Bacon, <\/b>nada menos. \u00abS\u00e9 que respeta el g\u00e9nero y es un actor estupendo para papeles muy f\u00edsicos\u00bb, se\u00f1al\u00f3 Englund, quien encarn\u00f3 al maligno bedel por \u00faltima vez en Freddy contra Jason (2003). \u00bfUna pel\u00edcula con Freddy-Carrey y Freddy-Bacon enfrent\u00e1ndose por ver qui\u00e9n mata m\u00e1s adolescentes dormilones? Puestos a so\u00f1ar&#8230;<\/p>\n","protected":false},"excerpt":{"rendered":"Los sue\u00f1os no envejecen, pero los actores s\u00ed. De ah\u00ed que resucitar la franquicia Pesadilla en Elm Street&hellip;\n","protected":false},"author":2,"featured_media":202226,"comment_status":"","ping_status":"","sticky":false,"template":"","format":"standard","meta":{"footnotes":""},"categories":[169],"tags":[55500,177,2170,146,147,25,24,176,55501,34974,55502,175,23],"class_list":{"0":"post-202225","1":"post","2":"type-post","3":"status-publish","4":"format-standard","5":"has-post-thumbnail","7":"category-cine","8":"tag-carrey","9":"tag-cine","10":"tag-como","11":"tag-entertainment","12":"tag-entretenimiento","13":"tag-es","14":"tag-espana","15":"tag-film","16":"tag-freddy","17":"tag-jim","18":"tag-krueger","19":"tag-movies","20":"tag-spain"},"share_on_mastodon":{"url":"https:\/\/pubeurope.com\/@es\/115441887145105803","error":""},"_links":{"self":[{"href":"https:\/\/www.europesays.com\/es\/wp-json\/wp\/v2\/posts\/202225","targetHints":{"allow":["GET"]}}],"collection":[{"href":"https:\/\/www.europesays.com\/es\/wp-json\/wp\/v2\/posts"}],"about":[{"href":"https:\/\/www.europesays.com\/es\/wp-json\/wp\/v2\/types\/post"}],"author":[{"embeddable":true,"href":"https:\/\/www.europesays.com\/es\/wp-json\/wp\/v2\/users\/2"}],"replies":[{"embeddable":true,"href":"https:\/\/www.europesays.com\/es\/wp-json\/wp\/v2\/comments?post=202225"}],"version-history":[{"count":0,"href":"https:\/\/www.europesays.com\/es\/wp-json\/wp\/v2\/posts\/202225\/revisions"}],"wp:featuredmedia":[{"embeddable":true,"href":"https:\/\/www.europesays.com\/es\/wp-json\/wp\/v2\/media\/202226"}],"wp:attachment":[{"href":"https:\/\/www.europesays.com\/es\/wp-json\/wp\/v2\/media?parent=202225"}],"wp:term":[{"taxonomy":"category","embeddable":true,"href":"https:\/\/www.europesays.com\/es\/wp-json\/wp\/v2\/categories?post=202225"},{"taxonomy":"post_tag","embeddable":true,"href":"https:\/\/www.europesays.com\/es\/wp-json\/wp\/v2\/tags?post=202225"}],"curies":[{"name":"wp","href":"https:\/\/api.w.org\/{rel}","templated":true}]}}