{"id":202231,"date":"2025-10-26T18:31:12","date_gmt":"2025-10-26T18:31:12","guid":{"rendered":"https:\/\/www.europesays.com\/es\/202231\/"},"modified":"2025-10-26T18:31:12","modified_gmt":"2025-10-26T18:31:12","slug":"tres-en-la-carretera-seminci-70-anoche-conquiste-tebas-tres-adioses-y-cortos","status":"publish","type":"post","link":"https:\/\/www.europesays.com\/es\/202231\/","title":{"rendered":"Tres en la carretera &#8211; SEMINCI 70. Anoche conquist\u00e9 Tebas, Tres adioses y cortos"},"content":{"rendered":"<p>Hoy, en directo desde la SEMINCI, Festival Internacional de Cine de Valladolid. Con Gabriel Azor\u00edn y Carlos Pardo, director y productor respectivamente, de Anoche conquist\u00e9 Tebas, de la secci\u00f3n Punto de Encuentro. Con Isabel Coixet y Tres adioses, pel\u00edcula inaugural y a competici\u00f3n en la Secci\u00f3n Oficial. Y recorremos los cortometrajes espa\u00f1oles de la Secci\u00f3n Oficial, de la mano de Pablo de Mar\u00eda.<\/p>\n","protected":false},"excerpt":{"rendered":"Hoy, en directo desde la SEMINCI, Festival Internacional de Cine de Valladolid. Con Gabriel Azor\u00edn y Carlos Pardo,&hellip;\n","protected":false},"author":2,"featured_media":202232,"comment_status":"","ping_status":"","sticky":false,"template":"","format":"standard","meta":{"footnotes":""},"categories":[91],"tags":[146,147,25,24,133,1448,1986,1987,55505,23,55506,55504],"class_list":{"0":"post-202231","1":"post","2":"type-post","3":"status-publish","4":"format-standard","5":"has-post-thumbnail","7":"category-entretenimiento","8":"tag-entertainment","9":"tag-entretenimiento","10":"tag-es","11":"tag-espana","12":"tag-online","13":"tag-radio","14":"tag-rne","15":"tag-rtve-play","16":"tag-seminci-70-anoche-conquiste-tebas","17":"tag-spain","18":"tag-tres-adioses-y-cortos","19":"tag-tres-en-la-carretera"},"share_on_mastodon":{"url":"https:\/\/pubeurope.com\/@es\/115441898842299371","error":""},"_links":{"self":[{"href":"https:\/\/www.europesays.com\/es\/wp-json\/wp\/v2\/posts\/202231","targetHints":{"allow":["GET"]}}],"collection":[{"href":"https:\/\/www.europesays.com\/es\/wp-json\/wp\/v2\/posts"}],"about":[{"href":"https:\/\/www.europesays.com\/es\/wp-json\/wp\/v2\/types\/post"}],"author":[{"embeddable":true,"href":"https:\/\/www.europesays.com\/es\/wp-json\/wp\/v2\/users\/2"}],"replies":[{"embeddable":true,"href":"https:\/\/www.europesays.com\/es\/wp-json\/wp\/v2\/comments?post=202231"}],"version-history":[{"count":0,"href":"https:\/\/www.europesays.com\/es\/wp-json\/wp\/v2\/posts\/202231\/revisions"}],"wp:featuredmedia":[{"embeddable":true,"href":"https:\/\/www.europesays.com\/es\/wp-json\/wp\/v2\/media\/202232"}],"wp:attachment":[{"href":"https:\/\/www.europesays.com\/es\/wp-json\/wp\/v2\/media?parent=202231"}],"wp:term":[{"taxonomy":"category","embeddable":true,"href":"https:\/\/www.europesays.com\/es\/wp-json\/wp\/v2\/categories?post=202231"},{"taxonomy":"post_tag","embeddable":true,"href":"https:\/\/www.europesays.com\/es\/wp-json\/wp\/v2\/tags?post=202231"}],"curies":[{"name":"wp","href":"https:\/\/api.w.org\/{rel}","templated":true}]}}