{"id":202251,"date":"2025-10-26T18:49:14","date_gmt":"2025-10-26T18:49:14","guid":{"rendered":"https:\/\/www.europesays.com\/es\/202251\/"},"modified":"2025-10-26T18:49:14","modified_gmt":"2025-10-26T18:49:14","slug":"mazon-no-conoce-a-la-madrastra-de-blancanieves-television","status":"publish","type":"post","link":"https:\/\/www.europesays.com\/es\/202251\/","title":{"rendered":"Maz\u00f3n no conoce a la madrastra de Blancanieves | Televisi\u00f3n"},"content":{"rendered":"<p class=\"\">Maribel Vilaplana quer\u00eda quedarse fuera de foco y ha conseguido justo lo contrario: la jueza de la dana la ha citado, y <a href=\"https:\/\/elpais.com\/espana\/comunidad-valenciana\/2025-10-24\/la-declaracion-como-testigo-de-maribel-vilaplana-estrecha-el-cerco-sobre-mazon.html\" target=\"_self\" rel=\"nofollow noopener\" title=\"https:\/\/elpais.com\/espana\/comunidad-valenciana\/2025-10-24\/la-declaracion-como-testigo-de-maribel-vilaplana-estrecha-el-cerco-sobre-mazon.html\">su declaraci\u00f3n del 3 de noviembre concentrar\u00e1 todos los focos<\/a> y marcar\u00e1 el aniversario de la riada. Los que vemos muchas series policiales tenemos muy naturalizado aquello de que todo lo que digas puede ser usado en tu contra.<\/p>\n<p class=\"\">No s\u00e9 si el testimonio de Vilaplana acotar\u00e1 las responsabilidades de Carlos Maz\u00f3n aquel 29 de octubre, aunque dudo que sirva para exonerarlo. Para el juicio pol\u00edtico, importa poco si sali\u00f3 a una hora o a otra, o si este le ofreci\u00f3 el cargo de directora de la radiotelevisi\u00f3n valenciana o pasaron el rato en lo que Vilaplana llama \u201cuna sesi\u00f3n de consultor\u00eda de comunicaci\u00f3n en la que se abordaron cuestiones propias de mi especialidad\u201d. Importa tambi\u00e9n poco, por m\u00e1s que ella insista al denunciar el acoso que recibi\u00f3, <a href=\"https:\/\/elpais.com\/espana\/comunidad-valenciana\/2025-10-24\/la-hora-en-que-mazon-desaparecio-que-hizo-despues-de-salir-del-ventorro.html\" target=\"_blank\" rel=\"nofollow noopener\" title=\"https:\/\/elpais.com\/espana\/comunidad-valenciana\/2025-10-24\/la-hora-en-que-mazon-desaparecio-que-hizo-despues-de-salir-del-ventorro.html\">si el episodio de El Ventorro es una escena chusca de un se\u00f1or poderoso<\/a> que quiere dejarse querer por una mujer atractiva a la que promete el oro y el moro profesional. Maz\u00f3n no antepuso su responsabilidad en la dana por una sobremesa banal en El Ventorro, sino porque, en su escala de prioridades, la televisi\u00f3n auton\u00f3mica estaba muy por encima de cualquier contingencia. El president estaba dise\u00f1ando su tele: no se le pod\u00eda interrumpir con alertas.<\/p>\n<p class=\"\">Les viene bien a los presidentes regionales <a href=\"https:\/\/elpais.com\/television\/2025-10-06\/esperando-a-los-barbaros.html\" target=\"_self\" rel=\"nofollow noopener\" title=\"https:\/\/elpais.com\/television\/2025-10-06\/esperando-a-los-barbaros.html\">que RTVE acapare todas las cr\u00edticas de intervencionismo y propaganda<\/a>, as\u00ed casi nadie se entera de lo que hacen con esos canales en los que imparten doctrina, conforman la opini\u00f3n m\u00e1s conformista, crean identidades de campanario, pagan favores y afianzan redes de intereses. Aunque su influencia es desigual (decreciente en las zonas urbanas), la mayor\u00eda de las teles p\u00fablicas regionales tienen un tir\u00f3n fuerte en los pueblos y en la poblaci\u00f3n de mayor edad, dos bocados demosc\u00f3picos tan apetitosos como lo que El Ventorro ofrece fuera de carta.<\/p>\n<p class=\"\">La paradoja \u2014divertida, si no hubiera tantos muertos que llorar\u2014 es que Maz\u00f3n perdi\u00f3 su reputaci\u00f3n mientras hac\u00eda planes para crearse un busto. Negociaba con Maribel Vilaplana en El Ventorro las bases de un cultillo a la personalidad. Obsesionado por lo guapo que iba a salir en \u00c0 Punt, no entendi\u00f3 que su vida pol\u00edtica, y qui\u00e9n sabe si su derecho al sufragio pasivo, depend\u00eda de que saliera corriendo y se pusiera al frente de la crisis. Se olvid\u00f3 Maz\u00f3n de la madrastra de Blancanieves, perdida por mirarse tanto en el espejito. <\/p>\n","protected":false},"excerpt":{"rendered":"Maribel Vilaplana quer\u00eda quedarse fuera de foco y ha conseguido justo lo contrario: la jueza de la dana&hellip;\n","protected":false},"author":2,"featured_media":202252,"comment_status":"","ping_status":"","sticky":false,"template":"","format":"standard","meta":{"footnotes":""},"categories":[171],"tags":[2007,146,147,25,24,23,807,20222,8091,214,235],"class_list":{"0":"post-202251","1":"post","2":"type-post","3":"status-publish","4":"format-standard","5":"has-post-thumbnail","7":"category-tv","8":"tag-carlos-mazon","9":"tag-entertainment","10":"tag-entretenimiento","11":"tag-es","12":"tag-espana","13":"tag-spain","14":"tag-television","15":"tag-television-publica","16":"tag-tormentas","17":"tag-tv","18":"tag-valencia"},"share_on_mastodon":{"url":"https:\/\/pubeurope.com\/@es\/115441969585937555","error":""},"_links":{"self":[{"href":"https:\/\/www.europesays.com\/es\/wp-json\/wp\/v2\/posts\/202251","targetHints":{"allow":["GET"]}}],"collection":[{"href":"https:\/\/www.europesays.com\/es\/wp-json\/wp\/v2\/posts"}],"about":[{"href":"https:\/\/www.europesays.com\/es\/wp-json\/wp\/v2\/types\/post"}],"author":[{"embeddable":true,"href":"https:\/\/www.europesays.com\/es\/wp-json\/wp\/v2\/users\/2"}],"replies":[{"embeddable":true,"href":"https:\/\/www.europesays.com\/es\/wp-json\/wp\/v2\/comments?post=202251"}],"version-history":[{"count":0,"href":"https:\/\/www.europesays.com\/es\/wp-json\/wp\/v2\/posts\/202251\/revisions"}],"wp:featuredmedia":[{"embeddable":true,"href":"https:\/\/www.europesays.com\/es\/wp-json\/wp\/v2\/media\/202252"}],"wp:attachment":[{"href":"https:\/\/www.europesays.com\/es\/wp-json\/wp\/v2\/media?parent=202251"}],"wp:term":[{"taxonomy":"category","embeddable":true,"href":"https:\/\/www.europesays.com\/es\/wp-json\/wp\/v2\/categories?post=202251"},{"taxonomy":"post_tag","embeddable":true,"href":"https:\/\/www.europesays.com\/es\/wp-json\/wp\/v2\/tags?post=202251"}],"curies":[{"name":"wp","href":"https:\/\/api.w.org\/{rel}","templated":true}]}}