{"id":202253,"date":"2025-10-26T18:51:10","date_gmt":"2025-10-26T18:51:10","guid":{"rendered":"https:\/\/www.europesays.com\/es\/202253\/"},"modified":"2025-10-26T18:51:10","modified_gmt":"2025-10-26T18:51:10","slug":"asi-ha-evolucionado-frankenstein-en-el-cine-y-la-television","status":"publish","type":"post","link":"https:\/\/www.europesays.com\/es\/202253\/","title":{"rendered":"as\u00ed ha evolucionado Frankenstein en el cine y la televisi\u00f3n"},"content":{"rendered":"<p>Todas las versiones de Frankenstein<\/p>\n<p class=\"c-paragraph\">De la versi\u00f3n de la Hammer de 1931, hasta la pel\u00edcula de Guillermo del Toro, pasando por la parodia de 1974 de Mel Brooks o la adaptaci\u00f3n de 1994 de Kenneth Branagh, Frankenstein ha estado en constante evoluci\u00f3n. Estos son tan solo algunos de los ejemplos de una figura que contin\u00faa influenciando al cine y la televisi\u00f3n, y que contar\u00eda tambi\u00e9n con otros trabajos como &#8216;La sombra de Frankenstein&#8217; (Rowland V. Lee, 1939), &#8216;La hija de Frankenstein&#8217; (Richard E. Cunha, 1958), &#8216;La venganza de Frankenstein&#8217; (Terence Fisher, 1958), &#8216;El horror de Frankenstein&#8217; (Jimmy Sangster, 1970), &#8216;Carne para Frankenstein&#8217; (Paul Morrissey, 1973) o &#8216;V\u00edctor Frankenstein&#8217; (Paul McGuigan, 2015), entre muchos otros t\u00edtulos.\u00a0<\/p>\n","protected":false},"excerpt":{"rendered":"Todas las versiones de Frankenstein De la versi\u00f3n de la Hammer de 1931, hasta la pel\u00edcula de Guillermo&hellip;\n","protected":false},"author":2,"featured_media":202254,"comment_status":"","ping_status":"","sticky":false,"template":"","format":"standard","meta":{"footnotes":""},"categories":[169],"tags":[38106,177,5145,146,147,25,24,176,55510,32357,55509,175,23],"class_list":{"0":"post-202253","1":"post","2":"type-post","3":"status-publish","4":"format-standard","5":"has-post-thumbnail","7":"category-cine","8":"tag-boris","9":"tag-cine","10":"tag-clasico","11":"tag-entertainment","12":"tag-entretenimiento","13":"tag-es","14":"tag-espana","15":"tag-film","16":"tag-iracundo","17":"tag-jacob","18":"tag-karloff","19":"tag-movies","20":"tag-spain"},"share_on_mastodon":{"url":"https:\/\/pubeurope.com\/@es\/115441977543444935","error":""},"_links":{"self":[{"href":"https:\/\/www.europesays.com\/es\/wp-json\/wp\/v2\/posts\/202253","targetHints":{"allow":["GET"]}}],"collection":[{"href":"https:\/\/www.europesays.com\/es\/wp-json\/wp\/v2\/posts"}],"about":[{"href":"https:\/\/www.europesays.com\/es\/wp-json\/wp\/v2\/types\/post"}],"author":[{"embeddable":true,"href":"https:\/\/www.europesays.com\/es\/wp-json\/wp\/v2\/users\/2"}],"replies":[{"embeddable":true,"href":"https:\/\/www.europesays.com\/es\/wp-json\/wp\/v2\/comments?post=202253"}],"version-history":[{"count":0,"href":"https:\/\/www.europesays.com\/es\/wp-json\/wp\/v2\/posts\/202253\/revisions"}],"wp:featuredmedia":[{"embeddable":true,"href":"https:\/\/www.europesays.com\/es\/wp-json\/wp\/v2\/media\/202254"}],"wp:attachment":[{"href":"https:\/\/www.europesays.com\/es\/wp-json\/wp\/v2\/media?parent=202253"}],"wp:term":[{"taxonomy":"category","embeddable":true,"href":"https:\/\/www.europesays.com\/es\/wp-json\/wp\/v2\/categories?post=202253"},{"taxonomy":"post_tag","embeddable":true,"href":"https:\/\/www.europesays.com\/es\/wp-json\/wp\/v2\/tags?post=202253"}],"curies":[{"name":"wp","href":"https:\/\/api.w.org\/{rel}","templated":true}]}}