{"id":202314,"date":"2025-10-26T19:39:08","date_gmt":"2025-10-26T19:39:08","guid":{"rendered":"https:\/\/www.europesays.com\/es\/202314\/"},"modified":"2025-10-26T19:39:08","modified_gmt":"2025-10-26T19:39:08","slug":"sorg-segundo-de-flick-lamine-esta-aprendiendo-le-ayudaremos-futbol-deportes","status":"publish","type":"post","link":"https:\/\/www.europesays.com\/es\/202314\/","title":{"rendered":"Sorg, segundo de Flick: \u201cLamine est\u00e1 aprendiendo, le ayudaremos\u201d | F\u00fatbol | Deportes"},"content":{"rendered":"<p class=\"\">Aunque en el pasado el Santiago Bernab\u00e9u ya hab\u00eda ense\u00f1ado que el amor por la pelota estaba por encima del desprecio al rival, como cuando ovacion\u00f3 a Maradona (1983), Ronaldinho, (2005) o Iniesta (2015), los aplausos de la Castellana a Lamine Yamal en marzo de 2024 durante el amistoso entre Espa\u00f1a y Brasil parec\u00edan destinados a cambiar el destino: un patrimonio del Barcelona y de la Roja, igual de admirado en Chamart\u00edn que en el barrio de Les Corts. Pero el f\u00fatbol<a href=\"https:\/\/elpais.com\/deportes\/futbol\/2025-10-26\/el-madrid-reconquista-el-clasico.html\" target=\"_self\" rel=\"nofollow noopener\" title=\"https:\/\/elpais.com\/deportes\/futbol\/2025-10-26\/el-madrid-reconquista-el-clasico.html\"> no entiende de poliamor<\/a> y lo que la insana competencia comenz\u00f3 a despertar en unos pocos impresentables que le propiciaron insultos racistas a Lamine en el \u00faltimo cl\u00e1sico en el Bernab\u00e9u, su actitud termin\u00f3 por forjar una sonora pitada de todo el Bernab\u00e9u a Lamine Yamal cada vez que tocaba la pelota.<\/p>\n<p class=\"\">Ajeno al qu\u00e9 dir\u00e1n, como tambi\u00e9n a lo pol\u00edticamente correcto, siempre dispuesto a poner su nombre en el escaparate, Lamine Yamal <a href=\"https:\/\/elpais.com\/deportes\/futbol\/2025-10-26\/contra-todo-y-contra-todos.html\" target=\"_self\" rel=\"nofollow noopener\" title=\"https:\/\/elpais.com\/deportes\/futbol\/2025-10-26\/contra-todo-y-contra-todos.html\">decidi\u00f3 pasearse medi\u00e1ticamente <\/a>en la semana previa del Cl\u00e1sico. El lugar: el programa Chup Chup de la Kings League. Las frases: \u201cLa \u00faltima vez que he ido al Bernab\u00e9u&#8230; \u00bfcu\u00e1nto? 0-4\u201d, \u201cEl Madrid roba, se queja\u201d. Las declaraciones del azulgrana irritaron al vestuario blanco, <a href=\"https:\/\/elpais.com\/deportes\/futbol\/2025-10-26\/xabi-alonso-tras-ganar-el-clasico-hemos-vuelto-a-competir-en-un-partido-grande.html\" target=\"_self\" rel=\"nofollow noopener\" title=\"https:\/\/elpais.com\/deportes\/futbol\/2025-10-26\/xabi-alonso-tras-ganar-el-clasico-hemos-vuelto-a-competir-en-un-partido-grande.html\">combustible suficiente<\/a> para que desde las oficinas de la Ciudad Deportiva del Madrid se esparciera una respuesta del club: m\u00e1s descontento contra Yamal. Pero a Lamine lo moviliza el ruido. Y, cuando desde sus diferentes c\u00edrculos (su entorno y el club) le aconsejaban el silencio, el azulgrana replic\u00f3 con un v\u00eddeo en la v\u00edspera del viaje del Bar\u00e7a a Madrid: \u201cEl miedo lo dej\u00e9 en Matar\u00f3\u201d. <\/p>\n<p class=\"\">Una frase con la que Vinicius no pareci\u00f3 estar de acuerdo: \u201cSolo pases para atr\u00e1s, solo pases para atr\u00e1s\u201d, le solt\u00f3 el delantero del Madrid, seg\u00fan pudieron captar las c\u00e1maras de DAZN. Y la historia entre Lamine y Vinicius en el cl\u00e1sico, que hab\u00eda empezado con un abrazo, termin\u00f3 con un fuerte rifirrafe entre ambos sobre el final del partido, que incluy\u00f3 a Raphinha, que no estaba en la convocatoria, pero s\u00ed en la expedici\u00f3n del Bar\u00e7a en Madrid.<\/p>\n<p class=\"\">Lamine, en cualquier caso, no solo estuvo en el foco del Bernab\u00e9u y de Vinicius: todo el equipo de Xabi Alonso parec\u00eda estar atento a sus movimientos. Y lo hicieron en lo deportivo, pero tambi\u00e9n desde la palabra. \u201cPor supuesto que hab\u00eda especial atenci\u00f3n en Lamine\u201d, advirti\u00f3 Marcus Sorg, segundo entrenador del Barcelona, este domingo en el banquillo tras la suspensi\u00f3n de Hansi Flick. \u201cJugaron dos contra uno contra \u00e9l, pero es normal. Es joven, tiene que mejorar y nosotros le ayudaremos\u201d.<\/p>\n<p class=\"\">A la doble marca se le sum\u00f3 el mensaje de Carvajal, compa\u00f1ero de selecci\u00f3n del azulgrana: \u201cHablas mucho, hablas mucho\u201d. \u201cVamos a hablar dentro\u201d, le replic\u00f3 Lamine. Ya m\u00e1s tranquilo, en zona mixta, de capit\u00e1n del Madrid a capit\u00e1n del Barcelona, Frenkie de Jong intervino: \u201cSi a Carvajal no le gustan las declaraciones de Lamine, que se lo diga en privado como compa\u00f1ero de la selecci\u00f3n. Cuando el \u00e1rbitro pit\u00f3 el final, los jugadores del Madrid fueron corriendo en busca de Lamine. Es algo exagerado. No s\u00e9 por qu\u00e9 lo han hecho; hay que preguntarles a ellos\u201d.<\/p>\n<p class=\"\">Centrado en el revuelo p\u00fablico, extraviado en el Santiago Bernab\u00e9u, Lamine solo les dio la raz\u00f3n a sus detractores. \u201c\u00bfCrecido? Mientras gane no podr\u00e1n decirme nada\u201d, hab\u00eda soltado el curso pasado, en la previa de la semifinal de Champions ante el Inter. Ese d\u00eda lleg\u00f3. Y lleg\u00f3 en el peor escenario posible: el m\u00edtico Santiago Bernab\u00e9u, que, vestido con la camiseta de la selecci\u00f3n, hab\u00eda amagado con mimarlo. \u201cPodr\u00eda ser\u201d, reflexion\u00f3 Sorg cuando le consultaron si el ruido hab\u00eda afectado al 10. \u201cProbablemente un poco. Tambi\u00e9n est\u00e1 aprendiendo a manejar a los espectadores, los silbidos y los abucheos. Pero es normal. Sigue muy motivado. Hoy no fue un d\u00eda f\u00e1cil para \u00e9l. Tenemos que ayudarlo\u201d.<\/p>\n","protected":false},"excerpt":{"rendered":"Aunque en el pasado el Santiago Bernab\u00e9u ya hab\u00eda ense\u00f1ado que el amor por la pelota estaba por&hellip;\n","protected":false},"author":2,"featured_media":202315,"comment_status":"","ping_status":"","sticky":false,"template":"","format":"standard","meta":{"footnotes":""},"categories":[93],"tags":[1540,168,1539,25,24,881,282,1538,1210,8138,3048,23,167],"class_list":{"0":"post-202314","1":"post","2":"type-post","3":"status-publish","4":"format-standard","5":"has-post-thumbnail","7":"category-deportes","8":"tag-competiciones","9":"tag-deportes","10":"tag-entrenadores","11":"tag-es","12":"tag-espana","13":"tag-fc-barcelona","14":"tag-futbol","15":"tag-futbolistas","16":"tag-laliga-ea-sports","17":"tag-lamine-yamal","18":"tag-real-madrid","19":"tag-spain","20":"tag-sports"},"share_on_mastodon":{"url":"https:\/\/pubeurope.com\/@es\/115442166263734124","error":""},"_links":{"self":[{"href":"https:\/\/www.europesays.com\/es\/wp-json\/wp\/v2\/posts\/202314","targetHints":{"allow":["GET"]}}],"collection":[{"href":"https:\/\/www.europesays.com\/es\/wp-json\/wp\/v2\/posts"}],"about":[{"href":"https:\/\/www.europesays.com\/es\/wp-json\/wp\/v2\/types\/post"}],"author":[{"embeddable":true,"href":"https:\/\/www.europesays.com\/es\/wp-json\/wp\/v2\/users\/2"}],"replies":[{"embeddable":true,"href":"https:\/\/www.europesays.com\/es\/wp-json\/wp\/v2\/comments?post=202314"}],"version-history":[{"count":0,"href":"https:\/\/www.europesays.com\/es\/wp-json\/wp\/v2\/posts\/202314\/revisions"}],"wp:featuredmedia":[{"embeddable":true,"href":"https:\/\/www.europesays.com\/es\/wp-json\/wp\/v2\/media\/202315"}],"wp:attachment":[{"href":"https:\/\/www.europesays.com\/es\/wp-json\/wp\/v2\/media?parent=202314"}],"wp:term":[{"taxonomy":"category","embeddable":true,"href":"https:\/\/www.europesays.com\/es\/wp-json\/wp\/v2\/categories?post=202314"},{"taxonomy":"post_tag","embeddable":true,"href":"https:\/\/www.europesays.com\/es\/wp-json\/wp\/v2\/tags?post=202314"}],"curies":[{"name":"wp","href":"https:\/\/api.w.org\/{rel}","templated":true}]}}