{"id":202337,"date":"2025-10-26T19:56:09","date_gmt":"2025-10-26T19:56:09","guid":{"rendered":"https:\/\/www.europesays.com\/es\/202337\/"},"modified":"2025-10-26T19:56:09","modified_gmt":"2025-10-26T19:56:09","slug":"caminos-opuestos-a-dos-meses-de-su-separacion","status":"publish","type":"post","link":"https:\/\/www.europesays.com\/es\/202337\/","title":{"rendered":"caminos opuestos a dos meses de su separaci\u00f3n"},"content":{"rendered":"<p id=\"ePNGNlokAQA\" data-wc=\"145\">Las vidas de Irene Rosales y Kiko Rivera han dado un giro radical en solo dos meses. Tras su sorprendente separaci\u00f3n a finales de agosto, la influencer se ha convertido en la protagonista de un nuevo cap\u00edtulo que la devuelve a la ilusi\u00f3n. Nueve a\u00f1os de matrimonio y dos hijas en com\u00fan no han sido obst\u00e1culo para que hayan tomado caminos radicalmente opuestos. Mientras Irene se deja ver feliz en p\u00fablico y afronta sin esconderse su nueva relaci\u00f3n, el hijo de Isabel Pantoja ha anunciado que su pr\u00f3ximo proyecto musical estar\u00e1 directamente relacionado con su ruptura: \u00abSi sab\u00e9is lo que me ha ocurrido, sab\u00e9is de qu\u00e9 va el tema\u00bb. Descubre el contraste en sus vidas, las im\u00e1genes de la nueva felicidad de Irene y el misterio que rodea al estado an\u00edmico de Kiko. <strong>\u00a1No te pierdas en el v\u00eddeo la nueva vida de cada uno!<\/strong><\/p>\n","protected":false},"excerpt":{"rendered":"Las vidas de Irene Rosales y Kiko Rivera han dado un giro radical en solo dos meses. Tras&hellip;\n","protected":false},"author":2,"featured_media":106706,"comment_status":"","ping_status":"","sticky":false,"template":"","format":"standard","meta":{"footnotes":""},"categories":[174],"tags":[517,255,146,147,25,24,256,30468,12466,23],"class_list":{"0":"post-202337","1":"post","2":"type-post","3":"status-publish","4":"format-standard","5":"has-post-thumbnail","7":"category-famosos","8":"tag-actualidad","9":"tag-celebrities","10":"tag-entertainment","11":"tag-entretenimiento","12":"tag-es","13":"tag-espana","14":"tag-famosos","15":"tag-irene-rosales","16":"tag-kiko-rivera","17":"tag-spain"},"share_on_mastodon":{"url":"","error":""},"_links":{"self":[{"href":"https:\/\/www.europesays.com\/es\/wp-json\/wp\/v2\/posts\/202337","targetHints":{"allow":["GET"]}}],"collection":[{"href":"https:\/\/www.europesays.com\/es\/wp-json\/wp\/v2\/posts"}],"about":[{"href":"https:\/\/www.europesays.com\/es\/wp-json\/wp\/v2\/types\/post"}],"author":[{"embeddable":true,"href":"https:\/\/www.europesays.com\/es\/wp-json\/wp\/v2\/users\/2"}],"replies":[{"embeddable":true,"href":"https:\/\/www.europesays.com\/es\/wp-json\/wp\/v2\/comments?post=202337"}],"version-history":[{"count":0,"href":"https:\/\/www.europesays.com\/es\/wp-json\/wp\/v2\/posts\/202337\/revisions"}],"wp:featuredmedia":[{"embeddable":true,"href":"https:\/\/www.europesays.com\/es\/wp-json\/wp\/v2\/media\/106706"}],"wp:attachment":[{"href":"https:\/\/www.europesays.com\/es\/wp-json\/wp\/v2\/media?parent=202337"}],"wp:term":[{"taxonomy":"category","embeddable":true,"href":"https:\/\/www.europesays.com\/es\/wp-json\/wp\/v2\/categories?post=202337"},{"taxonomy":"post_tag","embeddable":true,"href":"https:\/\/www.europesays.com\/es\/wp-json\/wp\/v2\/tags?post=202337"}],"curies":[{"name":"wp","href":"https:\/\/api.w.org\/{rel}","templated":true}]}}