{"id":202342,"date":"2025-10-26T20:00:48","date_gmt":"2025-10-26T20:00:48","guid":{"rendered":"https:\/\/www.europesays.com\/es\/202342\/"},"modified":"2025-10-26T20:00:48","modified_gmt":"2025-10-26T20:00:48","slug":"miley-cyrus-se-sincero-sobre-su-presente-artistico-y-su-vinculo-con-la-moda-la-energia-de-mi-musica-es-lo-que-mas-me-importa","status":"publish","type":"post","link":"https:\/\/www.europesays.com\/es\/202342\/","title":{"rendered":"Miley Cyrus se sincer\u00f3 sobre su presente art\u00edstico y su v\u00ednculo con la moda: \u201cLa energ\u00eda de mi m\u00fasica es lo que m\u00e1s me importa\u201d"},"content":{"rendered":"<p>Su \u00e1lbum Something Beautiful y el \u00e9xito de Flowers consolidan su voz propia y desaf\u00edan estereotipos<\/p>\n<p class=\"paragraph\"><a href=\"https:\/\/www.infobae.com\/entretenimiento\/2025\/10\/16\/no-entendia-la-magnitud-del-rechazo-la-confesion-de-miley-cyrus-al-recordar-su-transicion-artistica-a-la-adultez\/\" target=\"_blank\" rel=\"noreferrer nofollow noopener\" title=\"https:\/\/www.infobae.com\/entretenimiento\/2025\/10\/16\/no-entendia-la-magnitud-del-rechazo-la-confesion-de-miley-cyrus-al-recordar-su-transicion-artistica-a-la-adultez\/\"><b>Miley Cyrus<\/b><\/a>, con 32 a\u00f1os, se posiciona como una de las figuras m\u00e1s aut\u00e9nticas e indomables del pop internacional. En una entrevista exclusiva con VOGUE France, la <a href=\"https:\/\/www.infobae.com\/entretenimiento\/2025\/10\/16\/no-entendia-la-magnitud-del-rechazo-la-confesion-de-miley-cyrus-al-recordar-su-transicion-artistica-a-la-adultez\/\" target=\"_blank\" rel=\"noreferrer nofollow noopener\" title=\"https:\/\/www.infobae.com\/entretenimiento\/2025\/10\/16\/no-entendia-la-magnitud-del-rechazo-la-confesion-de-miley-cyrus-al-recordar-su-transicion-artistica-a-la-adultez\/\">cantante<\/a> reflexion\u00f3 sobre su <b>evoluci\u00f3n personal y profesional<\/b>, el significado de la moda en su vida y la manera en que preserv\u00f3 su esp\u00edritu rebelde durante sus constantes reinvenciones. <\/p>\n<p class=\"paragraph\">Su \u00e1lbum m\u00e1s reciente, Something Beautiful, junto al \u00e9xito global de Flowers, confirman que <b>Cyrus<\/b> super\u00f3 definitivamente la sombra de Hannah Montana y consolidado una voz propia, desafiante de estereotipos y promotora de la autoafirmaci\u00f3n.<\/p>\n<p class=\"paragraph\">Desde sus primeros pasos en la serie de Disney que marc\u00f3 el inicio de su carrera hace 20 a\u00f1os, Cyrus recorri\u00f3 un camino de transformaci\u00f3n continua. La artista evoc\u00f3 aquellos a\u00f1os con entusiasmo, rememorando la emoci\u00f3n que sent\u00eda al interpretar a Hannah Montana. <\/p>\n<p><img alt=\"Miley Cyrus deslumbra en Vogue\" class=\"global-image\" decoding=\"async\" fetchpriority=\"low\" height=\"1243\" loading=\"lazy\" src=\"https:\/\/www.europesays.com\/es\/wp-content\/uploads\/2025\/10\/W7MGX2DRH5DGXO46AH7ILPSJVA.webp\" width=\"960\"\/>Miley Cyrus deslumbra en Vogue France y revela su nueva etapa art\u00edstica<\/p>\n<p class=\"paragraph\">\u201cMe acuerdo de la emoci\u00f3n de haber conseguido ese papel, de encarnar a un personaje al que le ten\u00eda mucho cari\u00f1o\u201d, afirm\u00f3 <b>Miley Cyrus<\/b> en la entrevista con VOGUE France. <\/p>\n<p class=\"paragraph\">Aunque nunca previ\u00f3 que aquel papel ser\u00eda el preludio de una trayectoria musical tan vers\u00e1til, hoy suma nueve \u00e1lbumes de estudio donde explora desde el pop y el rock hasta el soul y la psicodelia, convirtiendo cada etapa en una oportunidad para transformar las expectativas.<\/p>\n<p class=\"paragraph\">El lanzamiento de Something Beautiful marc\u00f3 el inicio de una etapa m\u00e1s introspectiva. La canci\u00f3n \u201cFlowers\u201d, premiada con dos Grammy en 2024, alcanz\u00f3 el estatus de himno a la autoestima y la resiliencia. <\/p>\n<p><img alt=\"Cyrus record\u00f3 sus inicios en\" class=\"global-image\" decoding=\"async\" fetchpriority=\"low\" height=\"5493\" loading=\"lazy\" src=\"https:\/\/www.europesays.com\/es\/wp-content\/uploads\/2025\/10\/BBCATD5SPEIPPEAKJVXZXZ6QOY.jpg\" width=\"3720\"\/>Cyrus record\u00f3 sus inicios en Hannah Montana y su transformaci\u00f3n art\u00edstica a lo largo de 20 a\u00f1os (REUTERS\/Danny Moloshok)<\/p>\n<p class=\"paragraph\">Si bien <b>Cyrus<\/b> manifest\u00f3 su desinter\u00e9s por competencias y rankings, el reconocimiento logrado refleja su principal b\u00fasqueda art\u00edstica: \u201cLa energ\u00eda de mi m\u00fasica es lo que m\u00e1s me importa\u201d, explic\u00f3.<\/p>\n<p class=\"paragraph\">Reconoci\u00f3 la influencia de la m\u00fasica francesa de los a\u00f1os 60 y 70 en su reciente trabajo y enfatiza la mezcla de letras melanc\u00f3licas con ritmos alegres, dualidad que define tanto su arte como su vida.<\/p>\n<p class=\"paragraph\">Producciones como Bangerz (2013) y Miley Cyrus &amp; Her Dead Petz (2015) fueron esenciales para consolidar su identidad art\u00edstica fuera del universo Disney. En di\u00e1logo con VOGUE France, cont\u00f3 que estas obras le permitieron liberarse de las exigencias de los sellos discogr\u00e1ficos y expandir su creatividad. <\/p>\n<p><img alt=\"La moda es para Cyrus\" class=\"global-image\" decoding=\"async\" fetchpriority=\"low\" height=\"3499\" loading=\"lazy\" src=\"https:\/\/www.europesays.com\/es\/wp-content\/uploads\/2025\/10\/C43ERBTKMAIUFLNHNOSFENM7HM.jpg\" width=\"4895\"\/>La moda es para Cyrus una extensi\u00f3n de su autenticidad y una herramienta de autoexpresi\u00f3n (REUTERS\/Daniel Cole)<\/p>\n<p class=\"paragraph\">Desde entonces, mantuvo una base s\u00f3lida que facilita la experimentaci\u00f3n continua con nuevos estilos y emociones.<\/p>\n<p class=\"paragraph\"><b>Cyrus<\/b> sostiene una relaci\u00f3n visceral con la moda, similar a la que mantiene con la m\u00fasica. Para ella, el estilo se basa en la autenticidad y no en los presupuestos ni las tendencias. \u201cAdmiro a quienes no saben el nombre de los dise\u00f1adores del momento, pero tienen un estilo incre\u00edble\u201d, expres\u00f3 en VOGUE France. <\/p>\n<p class=\"paragraph\">Sus colaboraciones con casas como Maison Margiela y Gucci reforzaron su condici\u00f3n de referente, y su aparici\u00f3n en los Grammy Awards 2024 con una creaci\u00f3n de John Galliano evidenci\u00f3 su audacia.<\/p>\n<p><img alt=\"La influencia de la m\u00fasica\" class=\"global-image\" decoding=\"async\" fetchpriority=\"low\" height=\"3043\" loading=\"lazy\" src=\"https:\/\/www.europesays.com\/es\/wp-content\/uploads\/2025\/10\/UWJRJ45CIBHA7J2M3M34AG6AWM.jpg\" width=\"4840\"\/>La influencia de la m\u00fasica francesa y la mezcla de g\u00e9neros marcan su nuevo trabajo musical (EFE\/EPA\/Caroline Brehman)<\/p>\n<p class=\"paragraph\">Comparti\u00f3 que, en ocasiones, una prenda la lleva a idear una melod\u00eda o una l\u00ednea de bajo; su objetivo es ser la referencia y el moodboard para otros. \u201cQuiero ser la referencia, quiero ser el moodboard\u201d, afirm\u00f3.<\/p>\n<p class=\"paragraph\">El punk y el rock\u2019n\u2019roll, seg\u00fan <b>Cyrus<\/b>, se definen por la honestidad y la coherencia entre imagen y personalidad. Cit\u00f3 a figuras como <b>Stevie Nicks<\/b>, <b>Joan Jett<\/b> y <b>David Bowie<\/b> como s\u00edmbolos de autenticidad y defiende la posibilidad de transmitir emociones genuinas en la m\u00fasica pop, pese a prejuicios extendidos sobre su supuesto artificio. <\/p>\n<p class=\"paragraph\">Disfruta romper reglas y combinar elementos dispares en m\u00fasica y looks, convencida de que esa capacidad de transgresi\u00f3n es aquello que la distingue en la industria.<\/p>\n<p><img alt=\"La familia y figuras como\" class=\"global-image\" decoding=\"async\" fetchpriority=\"low\" height=\"1080\" loading=\"lazy\" src=\"https:\/\/www.europesays.com\/es\/wp-content\/uploads\/2025\/10\/5IGQSXEPPFBB5DL4YVFF57F6TA.jpg\" width=\"1920\"\/>La familia y figuras como Dolly Parton y Billy Ray Cyrus son pilares en su vida y carrera<\/p>\n<p class=\"paragraph\">La familia sigue siendo central en la vida de <b>Cyrus<\/b>. Su madre, <b>Tish Cyrus<\/b>, es confidente y musa; ambas comparten un tatuaje con la palabra \u201cmuse\u201d. Su padre, <b>Billy Ray Cyrus<\/b>, y su madrina, <b>Dolly Parton<\/b>, fueron figuras claves para su formaci\u00f3n art\u00edstica. Parton, a quien define como hero\u00edna, le transmiti\u00f3 la importancia de la autenticidad y la independencia. <\/p>\n<p class=\"paragraph\">\u201cSeguimos nuestras propias ideas y no nos dejamos llevar por las expectativas ajenas\u201d, explic\u00f3 <b>Cyrus<\/b> a VOGUE France. La reconciliaci\u00f3n con su padre tras a\u00f1os de distanciamiento se reflej\u00f3 en una colaboraci\u00f3n musical con integrantes de Fleetwood Mac, s\u00edmbolo de perd\u00f3n y superaci\u00f3n de conflictos familiares.<\/p>\n<p class=\"paragraph\">Record\u00f3 su infancia en Nashville, donde la m\u00fasica y el espect\u00e1culo marcaban el ambiente cotidiano. <\/p>\n<p><img alt=\"La autenticidad, la autoafirmaci\u00f3n y\" class=\"global-image\" decoding=\"async\" fetchpriority=\"low\" height=\"2520\" loading=\"lazy\" src=\"https:\/\/www.europesays.com\/es\/wp-content\/uploads\/2025\/10\/4SO5FYDVGBEXPCAKEJL6D7XHNQ.jpg\" width=\"3360\"\/>La autenticidad, la autoafirmaci\u00f3n y la resiliencia definen la filosof\u00eda de Miley Cyrus en la industria musical (Steve Granitz\/WireImage)<\/p>\n<p class=\"paragraph\">Desde muy peque\u00f1a, asist\u00eda a conciertos en el Grand Ole Opry y absorb\u00eda una energ\u00eda creativa que influy\u00f3 de forma decisiva en su desarrollo personal y art\u00edstico.<\/p>\n<p class=\"paragraph\">\u201c<b>Nunca supe realmente lo que era una tendencia<\/b>\u201d, detall\u00f3. Tambi\u00e9n advirti\u00f3 sobre el riesgo de que las redes sociales fomenten el culto a la moda entre los j\u00f3venes, subrayando que la clave es mantenerse fiel a uno mismo. Consider\u00f3 esta lecci\u00f3n esencial, especialmente para las mujeres en el mundo del entretenimiento.<\/p>\n<p class=\"paragraph\">La autenticidad y la autoafirmaci\u00f3n son principios inquebrantables para <b>Cyrus<\/b>. A lo largo de su carrera, enfrent\u00f3 cr\u00edticas severas, muchas veces vinculadas con su condici\u00f3n de mujer que desaf\u00eda normas preestablecidas. <\/p>\n<p><img alt=\"Miley Cyrus defiende la autenticidad\" class=\"global-image\" decoding=\"async\" fetchpriority=\"low\" height=\"2257\" loading=\"lazy\" src=\"https:\/\/www.europesays.com\/es\/wp-content\/uploads\/2025\/10\/NJBW5RCT2EPLVXXHQX5DE7UQ24.jpg\" width=\"3386\"\/>Miley Cyrus defiende la autenticidad y la autoafirmaci\u00f3n como pilares de su carrera art\u00edstica (REUTERS\/Mario Anzuoni)<\/p>\n<p class=\"paragraph\">\u201c<b>Me di cuenta de que me criticaban por hacer cosas que, en los hombres, no se cuestionan<\/b>\u201d, afirm\u00f3 en VOGUE France. Esta experiencia fortaleci\u00f3 su confianza y su aprecio por la libertad de explorar su arte sin l\u00edmites. Rechaza sobreintelectualizar sus actos, pero reconoce el privilegio de haber cimentado una trayectoria basada en la honestidad y la resiliencia.<\/p>\n<p class=\"paragraph\">Ante el futuro, <b>Miley Cyrus<\/b> se muestra serena y agradecida por su evoluci\u00f3n. Aprendi\u00f3 a equilibrar el control creativo con la aceptaci\u00f3n de lo incierto, y asegura que lo esencial para avanzar es saber cu\u00e1ndo soltar y cu\u00e1ndo pedir ayuda. <\/p>\n<p class=\"paragraph\">Su filosof\u00eda se resume en la certeza de que siempre puede empezar de nuevo, preservando la fidelidad a s\u00ed misma. Se\u00f1al\u00f3 que la m\u00fasica merece toda su entrega y atenci\u00f3n, y que el reto real es reinventarse constantemente <b>sin sacrificar la propia esencia<\/b>.<\/p>\n","protected":false},"excerpt":{"rendered":"Su \u00e1lbum Something Beautiful y el \u00e9xito de Flowers consolidan su voz propia y desaf\u00edan estereotipos Miley Cyrus,&hellip;\n","protected":false},"author":2,"featured_media":202343,"comment_status":"","ping_status":"","sticky":false,"template":"","format":"standard","meta":{"footnotes":""},"categories":[170],"tags":[22404,505,146,147,25,24,55521,184,185,23259,14017,23],"class_list":{"0":"post-202342","1":"post","2":"type-post","3":"status-publish","4":"format-standard","5":"has-post-thumbnail","7":"category-musica","8":"tag-alfombra-roja","9":"tag-artistas","10":"tag-entertainment","11":"tag-entretenimiento","12":"tag-es","13":"tag-espana","14":"tag-lxvi-66a-edicion-premios-grammy-2024","15":"tag-music","16":"tag-musica","17":"tag-photocall","18":"tag-retrato","19":"tag-spain"},"share_on_mastodon":{"url":"https:\/\/pubeurope.com\/@es\/115442253361820600","error":""},"_links":{"self":[{"href":"https:\/\/www.europesays.com\/es\/wp-json\/wp\/v2\/posts\/202342","targetHints":{"allow":["GET"]}}],"collection":[{"href":"https:\/\/www.europesays.com\/es\/wp-json\/wp\/v2\/posts"}],"about":[{"href":"https:\/\/www.europesays.com\/es\/wp-json\/wp\/v2\/types\/post"}],"author":[{"embeddable":true,"href":"https:\/\/www.europesays.com\/es\/wp-json\/wp\/v2\/users\/2"}],"replies":[{"embeddable":true,"href":"https:\/\/www.europesays.com\/es\/wp-json\/wp\/v2\/comments?post=202342"}],"version-history":[{"count":0,"href":"https:\/\/www.europesays.com\/es\/wp-json\/wp\/v2\/posts\/202342\/revisions"}],"wp:featuredmedia":[{"embeddable":true,"href":"https:\/\/www.europesays.com\/es\/wp-json\/wp\/v2\/media\/202343"}],"wp:attachment":[{"href":"https:\/\/www.europesays.com\/es\/wp-json\/wp\/v2\/media?parent=202342"}],"wp:term":[{"taxonomy":"category","embeddable":true,"href":"https:\/\/www.europesays.com\/es\/wp-json\/wp\/v2\/categories?post=202342"},{"taxonomy":"post_tag","embeddable":true,"href":"https:\/\/www.europesays.com\/es\/wp-json\/wp\/v2\/tags?post=202342"}],"curies":[{"name":"wp","href":"https:\/\/api.w.org\/{rel}","templated":true}]}}