{"id":202357,"date":"2025-10-26T20:08:08","date_gmt":"2025-10-26T20:08:08","guid":{"rendered":"https:\/\/www.europesays.com\/es\/202357\/"},"modified":"2025-10-26T20:08:08","modified_gmt":"2025-10-26T20:08:08","slug":"el-concello-de-vigo-llenara-la-plaza-de-vialia-con-75-casetas-navidenas-un-tobogan-de-trineos-y-dos-pistas-de-hielo","status":"publish","type":"post","link":"https:\/\/www.europesays.com\/es\/202357\/","title":{"rendered":"El Concello de Vigo\u00a0llenar\u00e1 la plaza de Vialia con 75 casetas navide\u00f1as, un tobog\u00e1n de trineos y dos pistas de hielo"},"content":{"rendered":"<p>\t\t\t\t\t\tCaballero anuncia que que el lugar ser\u00e1\u00a0\u00abuno de los nuevos epicentros de la Navidad de Vigo\u00bb<br \/>\n\t\t\t\t\t\t\t\t\t\t\t\t<strong>26 oct 2025<\/strong> . Actualizado a las 16:31 h.\t\t\t\t\t\t<\/p>\n<p class=\"first-paragraph txt\">El alcalde de Vigo, Abel Caballero, anunci\u00f3 este domingo en una grabaci\u00f3n enviada a los medios de comunicaci\u00f3n que la plaza de Vialia se llenar\u00e1 de elementos navide\u00f1os en la temporada que est\u00e1 a punto de comenzar. Tendr\u00e1 75 casetas a lo largo de la plaza montadas con una estructura de madera, p\u00e9rgolas y \u00abuna especie de jaimas que generar\u00e1n pasillos repletos de luces\u00bb. Seg\u00fan afirm\u00f3 el regidor, el Concello llama a este espacio Vialia On Ice, es decir, Vialia sobre Hielo.<\/p>\n<p class=\"txt\">Tal vez tenga que ver con que en la plaza se instalar\u00e1n dos pistas de hielo, una infantil, de 200 metros cuadrados, y otra para adultos, de 540. Tambi\u00e9n se colocar\u00e1 un tobog\u00e1n para trineos neum\u00e1ticos con un recorrido de 25 metros, que se iniciar\u00e1 a una altura de siete.<\/p>\n<p class=\"txt\">\u00abVamos a ampliar el espacio de la Navidad\u00bb, dijo Caballero en esa grabaci\u00f3n, en la que a\u00f1adi\u00f3 que Vialia ser\u00e1 \u00abuno de los nuevos epicentros de la Navidad de Vigo\u00bb.<\/p>\n<p class=\"txt\">\u00abLa plaza la vamos a transformar en un recorrido envolvente de la Navidad\u00bb, asegur\u00f3 el alcalde, \u00abdecoraci\u00f3n, luz, color, ambientaci\u00f3n sonora que se van a combinar para crear un entorno navide\u00f1o atractivo y \u00fanico\u00bb. Caballero no especific\u00f3 cu\u00e1ndo empezar\u00e1 a montarse el nuevo espacio navide\u00f1o.<\/p>\n<p class=\"txt\">En los \u00faltimos a\u00f1os, pr\u00e1cticamente toda la oferta navide\u00f1a de Vigo se concentraba en el centro de la ciudad. El Concello ya intent\u00f3 en ediciones anteriores crear nuevas zonas, pero no lo consigui\u00f3. Algunos vecinos del centro protestaron. Hubo demandas judiciales, que fueron resultas en sentido favorable a los vecinos en algunos casos, por la ausencia de controles de sonido, y al Ayuntamiento de Vigo en otros.<\/p>\n<p class=\"txt\">Otro \u00e1rbol<\/p>\n<p class=\"txt\">En Vialia tambi\u00e9n se instalar\u00e1 un \u00e1rbol de Navidad creado con luces led que tendr\u00e1 15 metros de altura y cinco de di\u00e1metro. Adem\u00e1s, funcionar\u00e1 una atracci\u00f3n, un tren infantil. \u00abEsto es un nuevo espacio que abrimos a la navidad de Vigo\u00bb, dijo en su audio Abel Caballero.<\/p>\n<p class=\"txt\">El inicio de la temporada navide\u00f1a est\u00e1 planificado para la segunda quincena de noviembre, aunque el Concello todav\u00eda no ha concretado en qu\u00e9 fecha se encender\u00e1n las luces que se est\u00e1n instalando en las calles.<\/p>\n<p>&#13;<br \/>\n\tArchivado en:&#13;<br \/>\n\t\t\t\t\t<a href=\"https:\/\/www.lavozdegalicia.es\/temas\/vigo-ciudad\/\" target=\"_blank\" class=\"mg-l\" rel=\"nofollow noopener\">Vigo ciudad<\/a>&#13;<br \/>\n\t\t\t\t\t<a href=\"https:\/\/www.lavozdegalicia.es\/temas\/navidad-en-vigo\/\" target=\"_blank\" class=\"mg-l\" rel=\"nofollow noopener\">Navidad en Vigo<\/a>&#13;<br \/>\n\t\t\t\t\t<a href=\"https:\/\/www.lavozdegalicia.es\/temas\/vialia\/\" target=\"_blank\" class=\"mg-l\" rel=\"nofollow noopener\">Vialia<\/a>&#13;<br \/>\n\t\t\t\t\t<a href=\"https:\/\/www.lavozdegalicia.es\/temas\/abel-caballero\/\" target=\"_blank\" class=\"mg-l\" rel=\"nofollow noopener\">Abel Caballero<\/a>&#13;<br \/>\n\t\t\t\t\t<a href=\"https:\/\/www.lavozdegalicia.es\/temas\/navidad\/\" target=\"_blank\" class=\"mg-l\" rel=\"nofollow noopener\">Navidad<\/a>&#13;<br \/>\n\t&#13;<\/p>\n","protected":false},"excerpt":{"rendered":"Caballero anuncia que que el lugar ser\u00e1\u00a0\u00abuno de los nuevos epicentros de la Navidad de Vigo\u00bb 26 oct&hellip;\n","protected":false},"author":2,"featured_media":202358,"comment_status":"","ping_status":"","sticky":false,"template":"","format":"standard","meta":{"footnotes":""},"categories":[8],"tags":[13690,17,18,25,24,13,14,11,19,20,2951,55523,9,10,15,16,23,12,21,22,5058,3518],"class_list":{"0":"post-202357","1":"post","2":"type-post","3":"status-publish","4":"format-standard","5":"has-post-thumbnail","7":"category-espana","8":"tag-abel-caballero","9":"tag-breaking-news","10":"tag-breakingnews","11":"tag-es","12":"tag-espana","13":"tag-featured-news","14":"tag-featurednews","15":"tag-headlines","16":"tag-latest-news","17":"tag-latestnews","18":"tag-navidad","19":"tag-navidad-en-vigo","20":"tag-news","21":"tag-noticias","22":"tag-noticias-destacadas","23":"tag-noticiasdestacadas","24":"tag-spain","25":"tag-titulares","26":"tag-ultimas-noticias","27":"tag-ultimasnoticias","28":"tag-vialia","29":"tag-vigo-ciudad"},"share_on_mastodon":{"url":"https:\/\/pubeurope.com\/@es\/115442280359629673","error":""},"_links":{"self":[{"href":"https:\/\/www.europesays.com\/es\/wp-json\/wp\/v2\/posts\/202357","targetHints":{"allow":["GET"]}}],"collection":[{"href":"https:\/\/www.europesays.com\/es\/wp-json\/wp\/v2\/posts"}],"about":[{"href":"https:\/\/www.europesays.com\/es\/wp-json\/wp\/v2\/types\/post"}],"author":[{"embeddable":true,"href":"https:\/\/www.europesays.com\/es\/wp-json\/wp\/v2\/users\/2"}],"replies":[{"embeddable":true,"href":"https:\/\/www.europesays.com\/es\/wp-json\/wp\/v2\/comments?post=202357"}],"version-history":[{"count":0,"href":"https:\/\/www.europesays.com\/es\/wp-json\/wp\/v2\/posts\/202357\/revisions"}],"wp:featuredmedia":[{"embeddable":true,"href":"https:\/\/www.europesays.com\/es\/wp-json\/wp\/v2\/media\/202358"}],"wp:attachment":[{"href":"https:\/\/www.europesays.com\/es\/wp-json\/wp\/v2\/media?parent=202357"}],"wp:term":[{"taxonomy":"category","embeddable":true,"href":"https:\/\/www.europesays.com\/es\/wp-json\/wp\/v2\/categories?post=202357"},{"taxonomy":"post_tag","embeddable":true,"href":"https:\/\/www.europesays.com\/es\/wp-json\/wp\/v2\/tags?post=202357"}],"curies":[{"name":"wp","href":"https:\/\/api.w.org\/{rel}","templated":true}]}}