{"id":20238,"date":"2025-08-02T07:55:14","date_gmt":"2025-08-02T07:55:14","guid":{"rendered":"https:\/\/www.europesays.com\/es\/20238\/"},"modified":"2025-08-02T07:55:14","modified_gmt":"2025-08-02T07:55:14","slug":"los-internacionales-taronja-posaron-en-la-sesion-de-fotos-oficial-de-la-seleccion","status":"publish","type":"post","link":"https:\/\/www.europesays.com\/es\/20238\/","title":{"rendered":"Los internacionales taronja posaron en la sesi\u00f3n de fotos oficial de la selecci\u00f3n"},"content":{"rendered":"<p class=\"ft-text\"><a class=\"ft-link ft-link--decoration\" href=\"https:\/\/www.superdeporte.es\/valencia-basket\/2025\/07\/28\/internacionales-valencia-basket-concentran-seleccion-eurobasket-120142098.html\" rel=\"nofollow noopener\" target=\"_blank\">El pasado lunes 28 de julio arrancaba la concentraci\u00f3n de la selecci\u00f3n absoluta de baloncesto<\/a> para preparar el pr\u00f3ximo <a class=\"ft-link ft-link--decoration\" href=\"https:\/\/www.superdeporte.es\/tags\/eurobasket\/\" rel=\"nofollow noopener\" target=\"_blank\">Eurobasket <\/a>que se clelebrar\u00e1 <strong>del 27 de agosto al 14 de septiembre<\/strong> en <strong>Letonia, Chipre, Finlandia y Polonia.<\/strong> Una selecci\u00f3n m\u00e1s taronja que nunca en la que destaca la presencia de 5 jugadores del Valencia Bakset: <a href=\"https:\/\/www.superdeporte.es\/tags\/jaime-pradilla\/\" class=\"ft-link ft-link--decoration\" rel=\"nofollow noopener\" target=\"_blank\">Jaime Pradilla<\/a>,\u00a0<a href=\"https:\/\/www.superdeporte.es\/tags\/xabi-lopez-arostegui\/\" class=\"ft-link ft-link--decoration\" rel=\"nofollow noopener\" target=\"_blank\">Xabi L\u00f3pez-Arostegui<\/a>\u00a0, <a href=\"https:\/\/www.superdeporte.es\/tags\/josep-puerto\/\" class=\"ft-link ft-link--decoration\" rel=\"nofollow noopener\" target=\"_blank\">Josep Puerto<\/a>,\u00a0<a href=\"https:\/\/www.superdeporte.es\/tags\/sergio-de-larrea\/\" class=\"ft-link ft-link--decoration\" rel=\"nofollow noopener\" target=\"_blank\">Sergio de Larrea\u00a0<\/a>y\u00a0<a href=\"https:\/\/www.superdeporte.es\/tags\/yankuba-sima\/\" class=\"ft-link ft-link--decoration\" rel=\"nofollow noopener\" target=\"_blank\">Yankuba Sima\u00a0<\/a>est\u00e1n ya trabajando duro con el resto de seleccionados para ganarse un puesto en la lista defintiva de 12 hombres que el seleccionador <strong>Sergio Scariolo<\/strong> se llevar\u00e1 al Eurobasket. De momento, forman parte de los quince preseleccionados.<\/p>\n<p>Primera semana de entrenamiento<\/p>\n<p class=\"ft-text\"><strong>La selecci\u00f3n espa\u00f1ola ha aprovechado esta primera semana de concentraci\u00f3n en el Tri\u00e1ngulo de Oro de Madrid<\/strong> para retomar el pulso a los entrenamientos tras el periodo vacacional y para ir imbuy\u00e9ndose de la filosof\u00eda de juego que quiere transmitir Scariolo al equipo en la que ser\u00e1 su \u00faltima competici\u00f3n al frente de la selecci\u00f3n.<\/p>\n<p class=\"ft-text\"><strong>Entre entrenamiento y entrenamiento, los jugadores tambi\u00e9n han tenido tiempo de posar en la tradicional sesi\u00f3n de fotos oficiales<\/strong> realizada por la <a class=\"ft-link ft-link--decoration\" href=\"https:\/\/www.feb.es\/\" rel=\"nofollow noopener\" target=\"_blank\">Federaci\u00f3n Espa\u00f1ola de Baloncesto<\/a>. Uno a uno, todos los jugadores del combinado espa\u00f1ol pasaron por el set de fotograf\u00eda montado para la ocasi\u00f3n para inmortalizarse visitendo el uniforme de la selecci\u00f3n. <strong>El nombre elegido para la gira que llevar\u00e1 a cabo la selecci\u00f3n camino del Eurobasket es Gira Imperium Nostrum<\/strong> por lo que las fotograf\u00edas oficiales estuvieron ambientadas en el antiguo Imperio Romano.<a class=\"ft-link ft-link--decoration\" href=\"https:\/\/www.superdeporte.es\/valencia-basket\/2025\/07\/29\/seleccion-taronja-pone-marcha-tercio-baloncesto-eurobasket-120168442.html\" rel=\"nofollow noopener\" target=\"_blank\"> Sergio de Larrea, Yankuba Sima, Jaime Pradilla, Xabi L\u00f3pez-Arostegui y Josep Puerto <\/a>exhibieron sus dotes como modelos posando con paciencia en distintas poses.<\/p>\n<p><img decoding=\"async\" src=\"https:\/\/www.europesays.com\/es\/wp-content\/uploads\/2025\/08\/c8fec7ec-ee1d-4131-9303-baa681311389_alta-libre-aspect-ratio_default_0.jpg\" width=\"1200\" height=\"1800\" alt=\"El capit\u00e1n del Valencia Basket, Josep Puerto.\" class=\"ft-helper-img-rd\" loading=\"lazy\" hasdataaida=\"true\"\/><\/p>\n<p class=\"ft-helper-fontColor-quaternary ft-helper-fontSize-body-S ft-helper-spacer-t-xxs\">El capit\u00e1n del Valencia Basket, Josep Puerto.  \/ FEB<\/p>\n<p>Rumbo a M\u00e1laga<\/p>\n<p class=\"ft-text\"><strong>Tras estos primeros d\u00edas de entrenamiento en Madrid, la selecci\u00f3n se desplaza a M\u00e1laga<\/strong> donde espera la primera etapa de gira de preparaci\u00f3n: E<strong>l Torneo de M\u00e1laga en el Palacio de Deportes Jos\u00e9 Mar\u00eda Mart\u00edn Carpena<\/strong> en la que Espa\u00f1a se medir\u00e1 a<strong> Portugal, el d\u00eda 5 y a Rep\u00fablica Checa, el 7<\/strong>. La preparaci\u00f3n del Eurobasket continuar\u00e1 con dos <strong>amistosos contra Francia <\/strong>(el 14 de agosto en Badalona y el 16 en Par\u00eds) y finalizar\u00e1 en un doble duelo contra la actual campeona del mundo, <strong>Alemania <\/strong>(el 21 de agosto en Madrid y el 23 en Colonia).<\/p>\n","protected":false},"excerpt":{"rendered":"El pasado lunes 28 de julio arrancaba la concentraci\u00f3n de la selecci\u00f3n absoluta de baloncesto para preparar el&hellip;\n","protected":false},"author":2,"featured_media":20239,"comment_status":"","ping_status":"","sticky":false,"template":"","format":"standard","meta":{"footnotes":""},"categories":[269],"tags":[299,298,168,25,24,301,12203,1016,2661,6000,6004,12201,3714,3407,6006,12202,23,167,8134,2916,6003,6005],"class_list":{"0":"post-20238","1":"post","2":"type-post","3":"status-publish","4":"format-standard","5":"has-post-thumbnail","7":"category-baloncesto","8":"tag-baloncesto","9":"tag-basketball","10":"tag-deportes","11":"tag-es","12":"tag-espana","13":"tag-eurobasket","14":"tag-federacion-espanola-de-baloncesto-feb","15":"tag-fotos","16":"tag-internacionales","17":"tag-jaime-pradilla","18":"tag-josep-puerto","19":"tag-posaron","20":"tag-seleccion-espanola","21":"tag-seleccion-espanola-de-baloncesto","22":"tag-sergio-de-larrea","23":"tag-sesion","24":"tag-spain","25":"tag-sports","26":"tag-taronja","27":"tag-valencia-basket","28":"tag-xabi-lopez-arostegui","29":"tag-yankuba-sima"},"share_on_mastodon":{"url":"","error":""},"_links":{"self":[{"href":"https:\/\/www.europesays.com\/es\/wp-json\/wp\/v2\/posts\/20238","targetHints":{"allow":["GET"]}}],"collection":[{"href":"https:\/\/www.europesays.com\/es\/wp-json\/wp\/v2\/posts"}],"about":[{"href":"https:\/\/www.europesays.com\/es\/wp-json\/wp\/v2\/types\/post"}],"author":[{"embeddable":true,"href":"https:\/\/www.europesays.com\/es\/wp-json\/wp\/v2\/users\/2"}],"replies":[{"embeddable":true,"href":"https:\/\/www.europesays.com\/es\/wp-json\/wp\/v2\/comments?post=20238"}],"version-history":[{"count":0,"href":"https:\/\/www.europesays.com\/es\/wp-json\/wp\/v2\/posts\/20238\/revisions"}],"wp:featuredmedia":[{"embeddable":true,"href":"https:\/\/www.europesays.com\/es\/wp-json\/wp\/v2\/media\/20239"}],"wp:attachment":[{"href":"https:\/\/www.europesays.com\/es\/wp-json\/wp\/v2\/media?parent=20238"}],"wp:term":[{"taxonomy":"category","embeddable":true,"href":"https:\/\/www.europesays.com\/es\/wp-json\/wp\/v2\/categories?post=20238"},{"taxonomy":"post_tag","embeddable":true,"href":"https:\/\/www.europesays.com\/es\/wp-json\/wp\/v2\/tags?post=20238"}],"curies":[{"name":"wp","href":"https:\/\/api.w.org\/{rel}","templated":true}]}}