{"id":202390,"date":"2025-10-26T20:31:08","date_gmt":"2025-10-26T20:31:08","guid":{"rendered":"https:\/\/www.europesays.com\/es\/202390\/"},"modified":"2025-10-26T20:31:08","modified_gmt":"2025-10-26T20:31:08","slug":"la-lluvia-deja-casas-anegadas-balsas-de-agua-en-la-calzada-y-ramas-caidas-en-sevilla-capital-y-provincia","status":"publish","type":"post","link":"https:\/\/www.europesays.com\/es\/202390\/","title":{"rendered":"La lluvia deja casas anegadas, balsas de agua en la calzada y ramas ca\u00eddas en Sevilla capital y provincia"},"content":{"rendered":"<p style=\"\">La provincia de Sevilla ha registrado desde las 18.45 horas de este domingo <strong>una docena de avisos al servicio de emergencias<\/strong> regional 112 por anegaci\u00f3n de bajos de viviendas y locales, balsas de agua en la calzada y ca\u00eddas de ramas por las  &#8230; lluvias.<\/p>\n<p class=\"voc-p\" style=\"\">Seg\u00fan ha informado el 112 a Europa Press, se han recibido avisos <strong>en Sevilla capital y en los pueblos<\/strong> de Paradas, Osuna, Alcal\u00e1 de Guada\u00edra y Camas. Se trata de las primeras precipitaciones en todos estos puntos en mucho tiempo, aunque se espera que durante los pr\u00f3ximos d\u00edas la situaci\u00f3n sea similar.<\/p>\n<p class=\"voc-p\" style=\"\">Los avisos est\u00e1n relacionados con<strong> anegaci\u00f3n de bajos y viviendas particulares<\/strong>, balsas de agua en la calzada, como el caso del paseo de las Delicias en Sevilla capital y ca\u00eddas de ramas, tambi\u00e9n en la ciudad hispalense \u2014concretamente, en la calle Escuelas P\u00edas\u2014.<\/p>\n<p class=\"voc-p\" style=\"\">La lluvia hizo acto de presencia en Sevilla <strong>a eso de las seis de la tarde<\/strong>, cuando comenz\u00f3 a descargar la lluvia sobre la ciudad a lo largo de <strong>varios intensos chaparrones<\/strong> que tambi\u00e9n afectaron a otras localidades como las mencionadas anteriormente. Curiosamente, puntos cercanos a la capital andaluza como la comarca del Aljarafe apenas se han visto afectados por las precipitaciones.<\/p>\n<p>\nConsejos del 112\n<\/p>\n<p class=\"voc-p\" style=\"\">Desde la Agencia de Emergencias de Andaluc\u00eda (EMA) ofrecen una serie de <strong>consejos para quienes tengan que coger el coche<\/strong> en estos d\u00edas de lluvia en los que hay incluso<a href=\"https:\/\/www.abc.es\/espana\/andalucia\/publicar-tiempo-andalucia-semana-aemet-activa-domingo-20251026182739-nts.html\" title=\"www.abc.es\" data-voc-vtm-id=\"in-text-traffic\" data-mrf-link=\"www.abc.es\" rel=\"nofollow noopener\" target=\"_blank\"> avisos amarillos activados<\/a>: comprobar que los limpiaparabrisas y las ruedas est\u00e1n en buen estado, reducir la velocidad al volante y mantener la distancia de seguridad, encender las luces de cruce o cortas y no pasar nunca por zonas anegadas como las de este domingo por la tarde, as\u00ed como evitar frenazos y conducir de manera tranquila y suave.<\/p>\n","protected":false},"excerpt":{"rendered":"La provincia de Sevilla ha registrado desde las 18.45 horas de este domingo una docena de avisos al&hellip;\n","protected":false},"author":2,"featured_media":202391,"comment_status":"","ping_status":"","sticky":false,"template":"","format":"standard","meta":{"footnotes":""},"categories":[8],"tags":[5051,55525,8524,55526,17,18,8925,40614,51,25,24,13,14,11,19,20,1479,9,10,15,16,6436,55527,1171,23,12,21,22],"class_list":{"0":"post-202390","1":"post","2":"type-post","3":"status-publish","4":"format-standard","5":"has-post-thumbnail","7":"category-espana","8":"tag-agua","9":"tag-anegados","10":"tag-bajos","11":"tag-balsas","12":"tag-breaking-news","13":"tag-breakingnews","14":"tag-caidas","15":"tag-calzada","16":"tag-deja","17":"tag-es","18":"tag-espana","19":"tag-featured-news","20":"tag-featurednews","21":"tag-headlines","22":"tag-latest-news","23":"tag-latestnews","24":"tag-lluvia","25":"tag-news","26":"tag-noticias","27":"tag-noticias-destacadas","28":"tag-noticiasdestacadas","29":"tag-provincia","30":"tag-ramas","31":"tag-sevilla","32":"tag-spain","33":"tag-titulares","34":"tag-ultimas-noticias","35":"tag-ultimasnoticias"},"share_on_mastodon":{"url":"https:\/\/pubeurope.com\/@es\/115442370809372808","error":""},"_links":{"self":[{"href":"https:\/\/www.europesays.com\/es\/wp-json\/wp\/v2\/posts\/202390","targetHints":{"allow":["GET"]}}],"collection":[{"href":"https:\/\/www.europesays.com\/es\/wp-json\/wp\/v2\/posts"}],"about":[{"href":"https:\/\/www.europesays.com\/es\/wp-json\/wp\/v2\/types\/post"}],"author":[{"embeddable":true,"href":"https:\/\/www.europesays.com\/es\/wp-json\/wp\/v2\/users\/2"}],"replies":[{"embeddable":true,"href":"https:\/\/www.europesays.com\/es\/wp-json\/wp\/v2\/comments?post=202390"}],"version-history":[{"count":0,"href":"https:\/\/www.europesays.com\/es\/wp-json\/wp\/v2\/posts\/202390\/revisions"}],"wp:featuredmedia":[{"embeddable":true,"href":"https:\/\/www.europesays.com\/es\/wp-json\/wp\/v2\/media\/202391"}],"wp:attachment":[{"href":"https:\/\/www.europesays.com\/es\/wp-json\/wp\/v2\/media?parent=202390"}],"wp:term":[{"taxonomy":"category","embeddable":true,"href":"https:\/\/www.europesays.com\/es\/wp-json\/wp\/v2\/categories?post=202390"},{"taxonomy":"post_tag","embeddable":true,"href":"https:\/\/www.europesays.com\/es\/wp-json\/wp\/v2\/tags?post=202390"}],"curies":[{"name":"wp","href":"https:\/\/api.w.org\/{rel}","templated":true}]}}