{"id":202404,"date":"2025-10-26T20:43:23","date_gmt":"2025-10-26T20:43:23","guid":{"rendered":"https:\/\/www.europesays.com\/es\/202404\/"},"modified":"2025-10-26T20:43:23","modified_gmt":"2025-10-26T20:43:23","slug":"oskar-gascon-maranon-hacer-fotos-es-facil-pero-buenas-es-otra-historia","status":"publish","type":"post","link":"https:\/\/www.europesays.com\/es\/202404\/","title":{"rendered":"Oskar Gasc\u00f3n Mara\u00f1\u00f3n, \u00abHacer fotos es f\u00e1cil, pero buenas es otra historia\u00bb"},"content":{"rendered":"<p><a class=\"v-mdl-ath__fig-a\" href=\"https:\/\/www.diariovasco.com\/autor\/alberto-echaluce-orozco-2238.html\" title=\"Alberto Echaluce Orozco\" rel=\"nofollow noopener\" target=\"_blank\"><br \/>\n<img decoding=\"async\" class=\"v-mdl-ath__img\" src=\"https:\/\/www.europesays.com\/es\/wp-content\/uploads\/2025\/10\/autor-2238-foto-1.jpeg\" alt=\"Alberto Echaluce Orozco\"\/><br \/>\n<\/a><\/p>\n<p class=\"v-mdl-ath__p v-mdl-ath__p--6\">\nS\u00e1bado, 25 de octubre 2025<\/p>\n<p>| Actualizado 26\/10\/2025 10:47h.<\/p>\n<p class=\"v-p\">Oskar Gasc\u00f3n Mara\u00f1\u00f3n revalida en Eibar el XXXVIII Premio de Honor Indalecio Ojanguren con &#8216;1, 2, 3&#8217;, una serie de garcetas tomada en Plaiaundi (Txingudi) que convierte una idea sencilla \u2014un ave, dos, tres\u2014 en relato visual. La propuesta se apoya en decisiones t\u00e9cnicas precisas: subexponer el blanco para no \u00abquemarlo\u00bb, oscurecer el fondo en procesado y alternar velocidades de obturaci\u00f3n para equilibrar quietud y movimiento, evidenciando planificaci\u00f3n y oficio. El reconocimiento supone impulso emocional y alivio material en una trayectoria que arranc\u00f3 con su primera c\u00e1mara, en su Primera Comuni\u00f3n, y se consolid\u00f3 tras un curso en 2004. Gasc\u00f3n reh\u00faye de etiquetas y transita del paisaje a la calle, la naturaleza y el macro, aprovechando el control integral que brinda lo digital-disparar, procesar e imprimir. Su aprendizaje continuo y el ecosistema fotogr\u00e1fico de Eibar, con el Mayo Fotogr\u00e1fico y los Ojanguren, refuerzan una pr\u00e1ctica basada en comunidad, m\u00e9todo y curiosidad .Gasc\u00f3n aprende viendo fotos, hojeando libros, analizando con paciencia; deja que las im\u00e1genes decanten hasta formar un poso de conocimiento que solo se revela con el tiempo. En ese itinerario, Eibar y su ecosistema han sido aliados. El Mayo Fotogr\u00e1fico y el pulso del grupo local han funcionado como atracci\u00f3n hacia Eibar.<\/p>\n<p class=\"v-p\"><strong>\u2013\u00bfC\u00f3mo le ha sentado obtener el Premio de Honor del Indalecio Ojanguren?<\/strong><\/p>\n<p class=\"v-p\">\u2013Anteriormente ya me present\u00e9 y ahora gan\u00f3 por segunda vez. Tambi\u00e9n he accedido a los Premios Vasco que te llevan a que te inviten al certamen Argizaiola.<\/p>\n<p class=\"v-p\"><strong>\u2013\u00bfCon la colecci\u00f3n ganadora &#8216;1, 2, 3&#8217; que trata de dar a conocer?<\/strong><\/p>\n<p class=\"v-p\">\u2013Es una sucesi\u00f3n de aves vivitas y coleando, fotografiados en el Parque Ecol\u00f3gico de Playaundi, aqu\u00ed en el Txingudi, en Ir\u00fan. Son una sucesi\u00f3n de aves. En una foto aparece uno, en la otra dos garcetas, y en la tercera tres garcetas. El t\u00edtulo tampoco me sal\u00eda y as\u00ed me sali\u00f3. Pero bueno, en s\u00ed, la consecuci\u00f3n de las tomas era, siendo p\u00e1jaros blancos, te obligas a subexponer para no quemarlos. Con el fondo negro ya queda un poco oscurecido, luego en el procesado lo enfatizas m\u00e1s. Juegas con eso, y luego con velocidades de obturaci\u00f3n con las que utilizas te ofrece el movimiento del p\u00e1jaro que aparece en las tomas.En dos de ellas se ven los p\u00e1jaros est\u00e1ticos, y en otro el movimiento. Buscas efectos, para que no quede, simplemente, un p\u00e1jaro en la foto.<\/p>\n<p>\nPREMIOS\n<\/p>\n<p>\u00abObtener este galard\u00f3n motiva, ayuda y sostiene una carrera exigente\u00bb<\/p>\n<p class=\"v-p\"><strong>\u2013\u00bfGanar un premio de este tipo es muy motivante?<\/strong><\/p>\n<p class=\"v-p\">\u2013S\u00ed, los premios incentivan a cualquier artista, a cualquier fot\u00f3grafo, a mejorar, a seguir con la carrera, a muchas cosas. Efectivamente. Adem\u00e1s del reto personal, luego s\u00ed hay un premio econ\u00f3mico te permite amortizar el equipo, que no es barato. Siempre es bienvenido.<\/p>\n<p class=\"v-p\"><strong>\u2013Desde siempre le ha gustado la fotograf\u00eda, \u00bfno?<\/strong><\/p>\n<p class=\"v-p\">\u2013S\u00ed, s\u00ed. La fotograf\u00eda siempre me ha atra\u00eddo. La primera c\u00e1mara me regalaron en la Primera Comuni\u00f3n. Me llamaba la atenci\u00f3n el tema de las &#8216;maquinitas. En 2004 hice un curso, y desde entonces, he tenido ciertos altibajos, pero siempre con la fotograf\u00eda ah\u00ed presente, pensando en cosas, haciendo viajes fotogr\u00e1ficos, conociendo gente, compartiendo conocimiento. La verdad es que se ha convertido en algo que ocupa relativamente un tiempo en mi vida,y que lo comparto con otras personas, y es as\u00ed de gratificante.<\/p>\n<p>\nC\u00c1MARA DIGITAL\n<\/p>\n<p>\u00abPermite disparar m\u00e1s y mejor, revisar, procesar en casa y, llegado el caso, imprimir\u00bb<\/p>\n<p class=\"v-p\"><strong>\u2013\u00bfC\u00f3mo ha evolucionado despu\u00e9s del anal\u00f3gico hacia la preponderancia del digital?<\/strong><\/p>\n<p class=\"v-p\">\u2013El cambio evolutivo ha facilitado bastante el tema mucho el trabajo. Ahora disparas m\u00e1s fotos. Disparas al no existir un carrete, \u00bfsabes? Y luego la mejora est\u00e1 en el control total que tienes desde la toma. Ahora tienes m\u00e1s pasos. El hecho de hacerla, procesarla en casa y casi hasta imprimirla. Esto \u00faltimo lo mandamos fuera, pero tambi\u00e9n podr\u00edamos hacerlo en nuestras propias casas. Lo que pasa es que supone una inversi\u00f3n econ\u00f3mica importante. Con lo digital tienes mucho control de la imagen y eso es un paso importante en relaci\u00f3n a lo que es el anal\u00f3gico.<\/p>\n<p class=\"v-p\"><strong>\u2013\u00bfC\u00f3mo ha evolucionado su trayectoria? \u00bfLe gusta m\u00e1s el detalle, visto lo de los p\u00e1jaros, magnificar un poco el detalle o m\u00e1s el paisaje?<\/strong><\/p>\n<p class=\"v-p\">\u2013Pues nada, hago de todo. Hombre de muchos oficios, pocos beneficios, pero es que la verdad que hago de todo. Empiezo con el paisaje porque es lo m\u00e1s accesible, luego te llama la fotograf\u00eda de calle, el street photography que le llaman. Me gusta la fotograf\u00eda naturaleza, tambi\u00e9n estoy tocando ahora macro. La verdad que no puedo definirme como un fot\u00f3grafo de una modalidad en concreto. Toco casi todos los palos y me gustan todos.<\/p>\n<p class=\"v-p\"><strong>\u2013\u00bfHa ganado muchos premios<\/strong><\/p>\n<p class=\"v-p\">\u2013S\u00ed en Zumaia, en Legazpi, y otros municipios, y tambi\u00e9n en alguno a nivel nacional e internacional.<\/p>\n<p class=\"v-p\"><strong>\u2013 Eibar cuenta con un grupo muy activo, de la secci\u00f3n de Fotograf\u00eda del Club Deportivo, organizador de los Premios Indalecio Ojanguren y de otras actividades.<\/strong><\/p>\n<p class=\"v-p\">\u2013S\u00ed, de hecho yo me he desplazado m\u00e1s de una vez para presenciar el Mayo Fotogr\u00e1fico, tanto para ver las exposiciones que hay en diversos locales, como participar en las charlas y talleres sobre el mundo de la fotograf\u00eda. Y la verdad que se agradece que en una ciudad se trabaje de esa manera y se esfuercen en promover la fotograf\u00eda, no solo para los del pueblo sino para los de los alrededores.<\/p>\n<p class=\"v-p\"><strong>\u2013\u00bfEs autodidacta?<\/strong><\/p>\n<p class=\"v-p\">\u2013S\u00ed. Aunque de los cursos tambi\u00e9n se aprende mucho. Siempre se organizan cursos tambi\u00e9n aqu\u00ed muy interesantes. Lo que hago es ver mucha fotograf\u00eda en internet y libros y, bueno, pues a base de ver te va calando muchas cosas. De esa manera puedes pararte a analizar una fotograf\u00eda y todo te va creando un poso de conocimeinto. Es un aspecto que no te das cuenta m\u00e1s que con el paso del tiempo. <\/p>\n<p class=\"v-p\"><strong>\u2013\u00bfNo le parece que se valora poco al fot\u00f3grafo de autor? <\/strong><\/p>\n<p class=\"v-p\">\u2013S\u00ed, s\u00ed, claro. Hoy como todo el mundo hace fotos con el m\u00f3vil parece que hacer fotos buenas es accesible, pero no. Lo que es accesible es hacer fotos. Hacer fotos buenas es ya otra historia muy larga.<\/p>\n<p>Reporta un error<\/p>\n","protected":false},"excerpt":{"rendered":"S\u00e1bado, 25 de octubre 2025 | Actualizado 26\/10\/2025 10:47h. Oskar Gasc\u00f3n Mara\u00f1\u00f3n revalida en Eibar el XXXVIII Premio&hellip;\n","protected":false},"author":2,"featured_media":202405,"comment_status":"","ping_status":"","sticky":false,"template":"","format":"standard","meta":{"footnotes":""},"categories":[173],"tags":[229,233,231,230,2605,232,234,146,147,25,24,9868,1016,448,23],"class_list":{"0":"post-202404","1":"post","2":"type-post","3":"status-publish","4":"format-standard","5":"has-post-thumbnail","7":"category-arte-y-diseno","8":"tag-arte","9":"tag-arte-y-diseno","10":"tag-arts","11":"tag-arts-and-design","12":"tag-buenas","13":"tag-design","14":"tag-diseno","15":"tag-entertainment","16":"tag-entretenimiento","17":"tag-es","18":"tag-espana","19":"tag-facil","20":"tag-fotos","21":"tag-historia","22":"tag-spain"},"share_on_mastodon":{"url":"https:\/\/pubeurope.com\/@es\/115442418098600660","error":""},"_links":{"self":[{"href":"https:\/\/www.europesays.com\/es\/wp-json\/wp\/v2\/posts\/202404","targetHints":{"allow":["GET"]}}],"collection":[{"href":"https:\/\/www.europesays.com\/es\/wp-json\/wp\/v2\/posts"}],"about":[{"href":"https:\/\/www.europesays.com\/es\/wp-json\/wp\/v2\/types\/post"}],"author":[{"embeddable":true,"href":"https:\/\/www.europesays.com\/es\/wp-json\/wp\/v2\/users\/2"}],"replies":[{"embeddable":true,"href":"https:\/\/www.europesays.com\/es\/wp-json\/wp\/v2\/comments?post=202404"}],"version-history":[{"count":0,"href":"https:\/\/www.europesays.com\/es\/wp-json\/wp\/v2\/posts\/202404\/revisions"}],"wp:featuredmedia":[{"embeddable":true,"href":"https:\/\/www.europesays.com\/es\/wp-json\/wp\/v2\/media\/202405"}],"wp:attachment":[{"href":"https:\/\/www.europesays.com\/es\/wp-json\/wp\/v2\/media?parent=202404"}],"wp:term":[{"taxonomy":"category","embeddable":true,"href":"https:\/\/www.europesays.com\/es\/wp-json\/wp\/v2\/categories?post=202404"},{"taxonomy":"post_tag","embeddable":true,"href":"https:\/\/www.europesays.com\/es\/wp-json\/wp\/v2\/tags?post=202404"}],"curies":[{"name":"wp","href":"https:\/\/api.w.org\/{rel}","templated":true}]}}