{"id":202423,"date":"2025-10-26T20:54:09","date_gmt":"2025-10-26T20:54:09","guid":{"rendered":"https:\/\/www.europesays.com\/es\/202423\/"},"modified":"2025-10-26T20:54:09","modified_gmt":"2025-10-26T20:54:09","slug":"un-joven-mata-presuntamente-a-su-novia-de-19-anos-en-librilla","status":"publish","type":"post","link":"https:\/\/www.europesays.com\/es\/202423\/","title":{"rendered":"Un joven mata presuntamente a su novia de 19 a\u00f1os en Librilla"},"content":{"rendered":"<p class=\"v-mdl-ath__p v-mdl-ath__p--2\">\nPaco Espadas y M. Garc\u00eda\n<\/p>\n<p class=\"v-mdl-ath__p v-mdl-ath__p--6\">\nDomingo, 26 de octubre 2025, 18:19<\/p>\n<p>| Actualizado 21:08h.<\/p>\n<p class=\"v-p\">Una joven de 19 a\u00f1os de edad muri\u00f3 asesinada presuntamente a manos de su pareja en Librilla este domingo. Seg\u00fan pudo saber LA VERDAD de fuentes cercanas a la investigaci\u00f3n, ambos, de nacionalidad espa\u00f1ola, conviv\u00edan en el domicilio donde ocurrieron los hechos. El sospechoso ha sido detenido como presunto autor de un delito de homicidio contra su pareja sentimental, seg\u00fan informan fuentes de la Guardia Civil, que confirman que no hab\u00eda antecedentes por violencia de g\u00e9nero.<\/p>\n<p class=\"v-p\">De madrugada, el hombre, de 27 a\u00f1os de edad, habr\u00eda asfixiado a la chica mientras dorm\u00eda y la habr\u00eda dejado en el piso. Tras haber cometido el homicidio, el hombre supuestamente habr\u00eda decidido acabar con su vida. Para ello, habr\u00eda consumido una gran cantidad de pastillas. Pero posteriormente decidi\u00f3 acudir al hospital, donde relat\u00f3 a los sanitarios que hab\u00eda matado a su pareja. Fueron los propios trabajadores del centro los que avisaron a la Guardia Civil de los hechos, que han causado conmoci\u00f3n en el pueblo. <\/p>\n<p class=\"v-p\">As\u00ed, una patrulla de la Guardia Civil de Alhama de Murcia se dirigi\u00f3 hasta la calle Totana de Librilla, donde encontr\u00f3 el cad\u00e1ver de la joven. Durante todo el domingo, los agentes investigan las circunstancias del suceso, acordonaron la v\u00eda y realizaron pruebas en el interior del domicilio. Seg\u00fan fuentes vecinales, para acceder a la vivienda los agentes han tenido que forzar la puerta donde se habr\u00edan producido los hechos. En la zona se congregaron amigos y conocidos de la v\u00edctima. <\/p>\n<p class=\"v-p\">El presunto autor del homicidio permanece todav\u00eda ingresado en el centro sanitario para ser tratado, aunque bajo custodia de los agentes de la Guardia Civil, que lo trasladar\u00e1n hasta sus dependencias cuando su estado de salud lo permita.<\/p>\n<p>Segundo presunto crimen machista en la Regi\u00f3n<\/p>\n<p class=\"v-p\">Es la segunda investigaci\u00f3n por un presunto crimen de violencia de g\u00e9nero que ocurre este fin de semana en Espa\u00f1a, despu\u00e9s de que este s\u00e1bado dos hombres fueran detenidos por el asesinato de una mujer, cuyo cuerpo fue encontrado en estado de descomposici\u00f3n en Alicante. De confirmarse los dos casos, el n\u00famero de mujeres asesinadas por sus parejas o exparejas este a\u00f1o ascender\u00eda a 34.<\/p>\n<p class=\"v-p\">En la Regi\u00f3n de Murcia se tratar\u00eda del segundo asesinato por violencia de g\u00e9nero en apenas unas semanas. El primero se produjo el 16 de septiembre en la <a href=\"https:\/\/www.laverdad.es\/murcia\/cartagena\/hombre-confiesa-matado-esposa-cartagena-20241217144245-nt.html\" data-voc-vtm-id=\"in-text-traffic\" title=\"diputaci\u00f3n cartagenera de El Algar\" data-mrf-link=\"www.laverdad.es\" rel=\"nofollow noopener\" target=\"_blank\">diputaci\u00f3n cartagenera de El Algar<\/a>, donde un hombre de 66 a\u00f1os presuntamente clav\u00f3 un cuchillo en el cuello a su mujer en la casa donde viv\u00edan. El presunto autor fue detenido tras salir de su casa desorientado y con las manos manchadas de sangre. <\/p>\n<p class=\"v-p\">Adem\u00e1s de estos dos presuntos cr\u00edmenes machistas, en este 2025 tambi\u00e9n hubo que lamentar en la Regi\u00f3n de Murcia un caso de violencia vicaria por el asesinato de Nadie, una ni\u00f1a de cinco a\u00f1os, en la pedan\u00eda murciana de Llano de Brujas.<\/p>\n<p class=\"v-p\">Estos dos cr\u00edmenes machistas ya superar\u00edan los registrados en 2024, cuando un hombre condenado por amenazas mat\u00f3 a su mujer en Cartagena d\u00edas despu\u00e9s de que expirara su orden de alejamiento. Fue en diciembre del a\u00f1o pasado y el caso conmocion\u00f3 a la Regi\u00f3n de Murcia, ya que era la primera muerte por violencia de g\u00e9nero registrada en la Comunidad en m\u00e1s de un a\u00f1o. En concreto, desde septiembre de 2023, cuando el cuerpo de una mujer fue <a href=\"https:\/\/www.laverdad.es\/murcia\/cieza\/hallan-pozo-cadaver-mujer-desaparecida-cieza-20230916185323-nt.html\" data-voc-vtm-id=\"in-text-traffic\" title=\"hallado en un pozo de Cieza\" data-mrf-link=\"www.laverdad.es\" rel=\"nofollow noopener\" target=\"_blank\">hallado en un pozo de Cieza<\/a> a ocho metros de profundidad.<\/p>\n<p>Reporta un error<\/p>\n","protected":false},"excerpt":{"rendered":"Paco Espadas y M. Garc\u00eda Domingo, 26 de octubre 2025, 18:19 | Actualizado 21:08h. Una joven de 19&hellip;\n","protected":false},"author":2,"featured_media":202424,"comment_status":"","ping_status":"","sticky":false,"template":"","format":"standard","meta":{"footnotes":""},"categories":[8],"tags":[17,18,2804,25,24,13,14,2803,11,15307,1928,19,20,55528,4920,9,10,15,16,23,12,21,22],"class_list":{"0":"post-202423","1":"post","2":"type-post","3":"status-publish","4":"format-standard","5":"has-post-thumbnail","7":"category-espana","8":"tag-breaking-news","9":"tag-breakingnews","10":"tag-civil","11":"tag-es","12":"tag-espana","13":"tag-featured-news","14":"tag-featurednews","15":"tag-guardia","16":"tag-headlines","17":"tag-investiga","18":"tag-joven","19":"tag-latest-news","20":"tag-latestnews","21":"tag-librilla","22":"tag-muerte","23":"tag-news","24":"tag-noticias","25":"tag-noticias-destacadas","26":"tag-noticiasdestacadas","27":"tag-spain","28":"tag-titulares","29":"tag-ultimas-noticias","30":"tag-ultimasnoticias"},"share_on_mastodon":{"url":"https:\/\/pubeurope.com\/@es\/115442461250456242","error":""},"_links":{"self":[{"href":"https:\/\/www.europesays.com\/es\/wp-json\/wp\/v2\/posts\/202423","targetHints":{"allow":["GET"]}}],"collection":[{"href":"https:\/\/www.europesays.com\/es\/wp-json\/wp\/v2\/posts"}],"about":[{"href":"https:\/\/www.europesays.com\/es\/wp-json\/wp\/v2\/types\/post"}],"author":[{"embeddable":true,"href":"https:\/\/www.europesays.com\/es\/wp-json\/wp\/v2\/users\/2"}],"replies":[{"embeddable":true,"href":"https:\/\/www.europesays.com\/es\/wp-json\/wp\/v2\/comments?post=202423"}],"version-history":[{"count":0,"href":"https:\/\/www.europesays.com\/es\/wp-json\/wp\/v2\/posts\/202423\/revisions"}],"wp:featuredmedia":[{"embeddable":true,"href":"https:\/\/www.europesays.com\/es\/wp-json\/wp\/v2\/media\/202424"}],"wp:attachment":[{"href":"https:\/\/www.europesays.com\/es\/wp-json\/wp\/v2\/media?parent=202423"}],"wp:term":[{"taxonomy":"category","embeddable":true,"href":"https:\/\/www.europesays.com\/es\/wp-json\/wp\/v2\/categories?post=202423"},{"taxonomy":"post_tag","embeddable":true,"href":"https:\/\/www.europesays.com\/es\/wp-json\/wp\/v2\/tags?post=202423"}],"curies":[{"name":"wp","href":"https:\/\/api.w.org\/{rel}","templated":true}]}}