{"id":202431,"date":"2025-10-26T21:03:09","date_gmt":"2025-10-26T21:03:09","guid":{"rendered":"https:\/\/www.europesays.com\/es\/202431\/"},"modified":"2025-10-26T21:03:09","modified_gmt":"2025-10-26T21:03:09","slug":"el-valencia-frena-al-joventut-y-se-pone-colider-baloncesto-deportes","status":"publish","type":"post","link":"https:\/\/www.europesays.com\/es\/202431\/","title":{"rendered":"El Valencia frena al Joventut y se pone col\u00edder | Baloncesto | Deportes"},"content":{"rendered":"<p class=\"\">El Joventut, el equipo <a href=\"https:\/\/elpais.com\/deportes\/baloncesto\/2025-10-04\/ricky-rubio-y-scariolo-dos-regresos-que-marcan-la-acb.html\" target=\"_self\" rel=\"nofollow noopener\" title=\"https:\/\/elpais.com\/deportes\/baloncesto\/2025-10-04\/ricky-rubio-y-scariolo-dos-regresos-que-marcan-la-acb.html\">donde Ricky Rubio parece haber recuperado la felicidad<\/a>, y con \u00e9l todo el baloncesto espa\u00f1ol, sufri\u00f3 su primera derrota de la temporada (102-90) en una de las canchas m\u00e1s complicadas de la Liga ACB, el Roig Arena, donde el Valencia Basket es un rival imponente. El conjunto de Pedro Mart\u00ednez lo demostr\u00f3 especialmente en la segunda mitad de este duelo entre dos de los tres equipos invictos que se acab\u00f3 decantando a favor de los taronja. La Laguna Tenerife, l\u00edder, y el Valencia ya son los \u00fanicos con cuatro victorias y cero derrotas.<\/p>\n<p class=\"\">Ricky Rubio es un jugador capital en la Penya. Con el base del Masnou el baloncesto del cuadro de Dani Miret es m\u00e1s coherente, m\u00e1s brillante. Pero la leyenda del baloncesto espa\u00f1ol se midi\u00f3 este domingo a una colecci\u00f3n de jugadores peque\u00f1os como hay pocas en Espa\u00f1a. El base del Joventut se enfrent\u00f3 primero a Darius Thompson. Luego a Jean Montero. Tambi\u00e9n prob\u00f3 a Branco Badio. Y hasta a Isaac Nogu\u00e9s. Pero el morbo se dispar\u00f3 cuando se encontr\u00f3 con Sergio de Larrea. Dos genios frente a frente. El primer duelo entre Larry (10 puntos y tres asistencias) y Ricky (13 puntos, tres rebotes y siete asistencias) dej\u00f3 trazas de relevo generacional.<\/p>\n<p class=\"\">El partido se rompi\u00f3 en el tercer cuarto, cuando<a href=\"\" rel=\"\" title=\"\"> el Valencia dio uno de sus proverbiales acelerones<\/a> (28-16) en ese cuarto y lo remat\u00f3 Jean Montero en el \u00faltimo. El Joventut resisti\u00f3 mientras pudo contestar con los puntos de Cameron Hunt. El base texano logr\u00f3 18 puntos en la primera mitad y con un triple logr\u00f3 llevar el enfrentamiento igualado al descanso (44-44). El Valencia logr\u00f3 contenerlo en el tercer cuarto y en el \u00faltimo fue Jean Montero quien remat\u00f3 el duelo. Hunt se march\u00f3 con la primera derrota de la Penya y 28 puntos en su casillero.<\/p>\n<p class=\"\">Los exteriores de Pedro Mart\u00ednez deslumbran, con diferentes actuaciones destacadas de sus jugadores en cada partido, pero se alimentan tambi\u00e9n de la regularidad, m\u00e1s sobria, de sus hombres grandes. Jaime Pradilla, Nate Reuvers, Matt Costello y Neal Sako son determinantes en el juego del cuadro taronja.<\/p>\n<p class=\"\">El Valencia Basket, que perdi\u00f3 la \u00faltima final de la ACB ante el Madrid, afronta un calendario que pone a prueba su crecimiento. El equipo sobrevive al ritmo desbocado de los dos partidos de la Euroliga entre semana y el de la ACB el s\u00e1bado o el domingo. Y mientras trata de cuidar a su plantilla por toda esta exigencia, se ha sumado desde hace unos d\u00edas la preocupaci\u00f3n por tener que viajar a Israel despu\u00e9s de que la Euroliga haya decidido que a partir del 1 de diciembre el Hapoel y el Maccabi podr\u00e1n regresar a sus canchas en Tel Aviv. Pedro Mart\u00ednez, el t\u00e9cnico taronja, ya mostr\u00f3 su inquietud y su disgusto por tener que viajar a este pa\u00eds que hasta hace nada estaba cometiendo un genocidio. <\/p>\n<p class=\"\">El propietario del club, Juan Roig, tampoco est\u00e1 de acuerdo con tener que cruzar la frontera israel\u00ed cuando la paz no est\u00e1 totalmente asegurada. \u201cNo es de gusto ir a un pa\u00eds que est\u00e1 luchando contra otro. Dicen que est\u00e1 tranquilo y ya veremos de aqu\u00ed a all\u00e1, pero no estamos nada contentos, estamos totalmente intranquilos\u201d, dijo el empresario por la ma\u00f1ana, tras asistir al Medio Marat\u00f3n de Valencia.<\/p>\n<p class=\"\">R\u00e9cord del Madrid<\/p>\n<p class=\"\">El Real Madrid firm\u00f3 un r\u00e9cord este domingo al vencer al Baxi Manresa en el Movistar Arena (87-75). El equipo blanco alcanz\u00f3 as\u00ed los 34 partidos consecutivos sin perder en su cancha, algo que nadie hab\u00eda conseguido nunca. El campe\u00f3n de Liga necesit\u00f3 un a\u00f1o y seis meses para lograr este hito en la Liga ACB. La racha comenz\u00f3 el 14 de abril de 2024 con un triunfo frente al Joventut de Badalona (95-92) y, curiosamente, el Baxi Manresa fue el \u00faltimo que gan\u00f3 en este feudo el 31 de marzo de 2024. Los jugadores de Sergio Scariolo superaron la marca que fij\u00f3 el Barcelona de Xavi Pascual el 10 de junio de 2010 (33 victorias seguidas como local).<\/p>\n","protected":false},"excerpt":{"rendered":"El Joventut, el equipo donde Ricky Rubio parece haber recuperado la felicidad, y con \u00e9l todo el baloncesto&hellip;\n","protected":false},"author":2,"featured_media":202432,"comment_status":"","ping_status":"","sticky":false,"template":"","format":"standard","meta":{"footnotes":""},"categories":[269],"tags":[302,299,298,1540,168,25,24,16012,8283,23,167,44772],"class_list":{"0":"post-202431","1":"post","2":"type-post","3":"status-publish","4":"format-standard","5":"has-post-thumbnail","7":"category-baloncesto","8":"tag-acb","9":"tag-baloncesto","10":"tag-basketball","11":"tag-competiciones","12":"tag-deportes","13":"tag-es","14":"tag-espana","15":"tag-joventut-badalona","16":"tag-jugadores-baloncesto","17":"tag-spain","18":"tag-sports","19":"tag-valencia-basket-club"},"share_on_mastodon":{"url":"https:\/\/pubeurope.com\/@es\/115442496663572865","error":""},"_links":{"self":[{"href":"https:\/\/www.europesays.com\/es\/wp-json\/wp\/v2\/posts\/202431","targetHints":{"allow":["GET"]}}],"collection":[{"href":"https:\/\/www.europesays.com\/es\/wp-json\/wp\/v2\/posts"}],"about":[{"href":"https:\/\/www.europesays.com\/es\/wp-json\/wp\/v2\/types\/post"}],"author":[{"embeddable":true,"href":"https:\/\/www.europesays.com\/es\/wp-json\/wp\/v2\/users\/2"}],"replies":[{"embeddable":true,"href":"https:\/\/www.europesays.com\/es\/wp-json\/wp\/v2\/comments?post=202431"}],"version-history":[{"count":0,"href":"https:\/\/www.europesays.com\/es\/wp-json\/wp\/v2\/posts\/202431\/revisions"}],"wp:featuredmedia":[{"embeddable":true,"href":"https:\/\/www.europesays.com\/es\/wp-json\/wp\/v2\/media\/202432"}],"wp:attachment":[{"href":"https:\/\/www.europesays.com\/es\/wp-json\/wp\/v2\/media?parent=202431"}],"wp:term":[{"taxonomy":"category","embeddable":true,"href":"https:\/\/www.europesays.com\/es\/wp-json\/wp\/v2\/categories?post=202431"},{"taxonomy":"post_tag","embeddable":true,"href":"https:\/\/www.europesays.com\/es\/wp-json\/wp\/v2\/tags?post=202431"}],"curies":[{"name":"wp","href":"https:\/\/api.w.org\/{rel}","templated":true}]}}