{"id":202436,"date":"2025-10-26T21:07:12","date_gmt":"2025-10-26T21:07:12","guid":{"rendered":"https:\/\/www.europesays.com\/es\/202436\/"},"modified":"2025-10-26T21:07:12","modified_gmt":"2025-10-26T21:07:12","slug":"el-madrileno-victor-lopez-cotelo-galardonado-con-el-premio-nacional-de-arquitectura-2024","status":"publish","type":"post","link":"https:\/\/www.europesays.com\/es\/202436\/","title":{"rendered":"El madrile\u00f1o V\u00edctor L\u00f3pez Cotelo galardonado con el Premio Nacional de Arquitectura 2024"},"content":{"rendered":"<p data-gtm-element-container=\"modulo-texto-link\" class=\"paragraph\">Madrid, 22 oct (EFE).- El arquitecto madrile\u00f1o V\u00edctor L\u00f3pez Cotelo ha sido galardonado con el Premio Nacional de Arquitectura 2024, distinci\u00f3n que le ha sido concedida por el Ministerio de Vivienda y Agenda Urbana por su trayectoria \u201ccoherente y rigurosa\u201d, caracterizada por el \u201ccuidado excepcional del detalle y una sensibilidad refinada\u201d.<\/p>\n<p data-gtm-element-container=\"modulo-texto-link\" class=\"paragraph\">\u201cSu obra, comedida y sin b\u00fasqueda de protagonismo, cuenta con gran calidad espacial y demuestra una capacidad singular para integrar lo nuevo con lo preexistente, abordando cada intervenci\u00f3n con sutileza, profundidad y respeto por la memoria del lugar\u201d, se\u00f1ala este mi\u00e9rcoles el ministerio de Vivienda en un comunicado.<\/p>\n<p data-gtm-element-container=\"modulo-texto-link\" class=\"paragraph\">El jurado tambi\u00e9n ha puesto en valor la dedicaci\u00f3n de L\u00f3pez Cotelo por la arquitectura p\u00fablica, con ejemplos como la Escuela de Arquitectura de Granada.<\/p>\n<p data-gtm-element-container=\"modulo-texto-link\" class=\"paragraph\">Asimismo, han remarcado su constante atenci\u00f3n a la sostenibilidad, la incorporaci\u00f3n discreta de la tecnolog\u00eda y el rigor aplicado a la construcci\u00f3n, y reconocen tambi\u00e9n su proyecci\u00f3n internacional y la labor docente de la pr\u00e1ctica arquitect\u00f3nica.<\/p>\n<p data-gtm-element-container=\"modulo-texto-link\" class=\"paragraph\">El jurado del premio, dotado con 60.000 euros, est\u00e1 compuesto por destacados profesionales de la arquitectura y presidido por el secretario general de Agenda Urbana, Vivienda y Arquitectura, I\u00f1aqui Carnicero.<\/p>\n<p data-gtm-element-container=\"modulo-texto-link\" class=\"paragraph\">La candidatura de L\u00f3pez Cotelo, presentada por la Escuela Polit\u00e9cnica Superior de la Universidad CEU San Pablo, fue elegida por el jurado en la reuni\u00f3n del pasado jueves 15 de octubre.<\/p>\n<p data-gtm-element-container=\"modulo-texto-link\" class=\"paragraph\">Nacido en Madrid en 1947, L\u00f3pez Cotelo se titul\u00f3 en la Escuela T\u00e9cnica Superior de Arquitectura de Madrid (ETSAM) en 1969, especializ\u00e1ndose en Urbanismo y Edificaci\u00f3n.<\/p>\n<p data-gtm-element-container=\"modulo-texto-link\" class=\"paragraph\">Su formaci\u00f3n se complet\u00f3 con una etapa profesional en Alemania, donde trabaj\u00f3 en el estudio de G\u00fcnter Behnisch en M\u00fanich entre 1970 y 1972, participando en proyectos como las instalaciones ol\u00edmpicas de la ciudad.<\/p>\n<p data-gtm-element-container=\"modulo-texto-link\" class=\"paragraph\">A su regreso a Espa\u00f1a, colabor\u00f3 con Alejandro de la Sota, uno de los referentes de la arquitectura moderna espa\u00f1ola, hasta 1979, a\u00f1o en el que fund\u00f3 su propio estudio.<\/p>\n<p data-gtm-element-container=\"modulo-texto-link\" class=\"paragraph\">Entre sus obras m\u00e1s reconocidas destacan la rehabilitaci\u00f3n de la Casa de las Conchas (Salamanca, 1993), la Escuela de Arquitectura de Granada (2015) y el conjunto residencial en Ponte Sarela (Santiago de Compostela, 2009), y el proyecto de la Filmoteca Espa\u00f1ola (Pozuelo de Alarc\u00f3n, Madrid, 2013) o del Ayuntamiento y plaza de Valdelaguna (1986). EFE<\/p>\n<p data-gtm-element-container=\"modulo-texto-link\" class=\"paragraph\">pbn\/jlp\/pmv<\/p>\n","protected":false},"excerpt":{"rendered":"Madrid, 22 oct (EFE).- El arquitecto madrile\u00f1o V\u00edctor L\u00f3pez Cotelo ha sido galardonado con el Premio Nacional de&hellip;\n","protected":false},"author":2,"featured_media":148726,"comment_status":"","ping_status":"","sticky":false,"template":"","format":"standard","meta":{"footnotes":""},"categories":[173],"tags":[229,233,231,230,232,234,146,147,25,24,23],"class_list":{"0":"post-202436","1":"post","2":"type-post","3":"status-publish","4":"format-standard","5":"has-post-thumbnail","7":"category-arte-y-diseno","8":"tag-arte","9":"tag-arte-y-diseno","10":"tag-arts","11":"tag-arts-and-design","12":"tag-design","13":"tag-diseno","14":"tag-entertainment","15":"tag-entretenimiento","16":"tag-es","17":"tag-espana","18":"tag-spain"},"share_on_mastodon":{"url":"","error":""},"_links":{"self":[{"href":"https:\/\/www.europesays.com\/es\/wp-json\/wp\/v2\/posts\/202436","targetHints":{"allow":["GET"]}}],"collection":[{"href":"https:\/\/www.europesays.com\/es\/wp-json\/wp\/v2\/posts"}],"about":[{"href":"https:\/\/www.europesays.com\/es\/wp-json\/wp\/v2\/types\/post"}],"author":[{"embeddable":true,"href":"https:\/\/www.europesays.com\/es\/wp-json\/wp\/v2\/users\/2"}],"replies":[{"embeddable":true,"href":"https:\/\/www.europesays.com\/es\/wp-json\/wp\/v2\/comments?post=202436"}],"version-history":[{"count":0,"href":"https:\/\/www.europesays.com\/es\/wp-json\/wp\/v2\/posts\/202436\/revisions"}],"wp:featuredmedia":[{"embeddable":true,"href":"https:\/\/www.europesays.com\/es\/wp-json\/wp\/v2\/media\/148726"}],"wp:attachment":[{"href":"https:\/\/www.europesays.com\/es\/wp-json\/wp\/v2\/media?parent=202436"}],"wp:term":[{"taxonomy":"category","embeddable":true,"href":"https:\/\/www.europesays.com\/es\/wp-json\/wp\/v2\/categories?post=202436"},{"taxonomy":"post_tag","embeddable":true,"href":"https:\/\/www.europesays.com\/es\/wp-json\/wp\/v2\/tags?post=202436"}],"curies":[{"name":"wp","href":"https:\/\/api.w.org\/{rel}","templated":true}]}}