{"id":202443,"date":"2025-10-26T21:12:09","date_gmt":"2025-10-26T21:12:09","guid":{"rendered":"https:\/\/www.europesays.com\/es\/202443\/"},"modified":"2025-10-26T21:12:09","modified_gmt":"2025-10-26T21:12:09","slug":"real-madrid-gana-el-primer-clasico-de-la-temporada-con-goles-de-mbappe-y-bellingham","status":"publish","type":"post","link":"https:\/\/www.europesays.com\/es\/202443\/","title":{"rendered":"Real Madrid gana el primer Cl\u00e1sico de la temporada con goles de Mbapp\u00e9 y Bellingham"},"content":{"rendered":"\n<p>MADRID\u00a0\u2014\u00a0El Real Madrid ha puesto fin a sus recientes dificultades contra el Barcelona .<\/p>\n<p>Kylian Mbapp\u00e9 y Jude Bellingham anotaron mientras Madrid venc\u00eda al Barcelona 2-1 en el primer Cl\u00e1sico de la temporada el domingo, deteniendo una racha de cuatro derrotas consecutivas contra el rival catal\u00e1n .<\/p>\n<p>La victoria en casa aument\u00f3 la ventaja del Madrid sobre Barcelona en la cima de La Liga a cinco puntos despu\u00e9s de diez jornadas.<\/p>\n<p>Hubo un breve altercado entre los jugadores del banquillo de ambos equipos despu\u00e9s de que Pedri del Barcelona fuera expulsado justo antes del pitido final. La pelea continu\u00f3 despu\u00e9s de que el partido termin\u00f3, incluyendo al delantero del Madrid Vin\u00edcius J\u00fanior y la estrella del Bar\u00e7a Lamine Yamal \u2014quien fue contenido exitosamente por los defensores del Madrid durante el partido\u2014 entre los involucrados.<\/p>\n<p>Vin\u00edcius y Yamal \u2014cuyos comentarios previos al partido molestaron a algunos aficionados del Madrid\u2014 intercambiaron palabras un par de veces durante el juego. Vin\u00edcius gesticul\u00f3 contra Yamal, usando sus manos para insinuar que la estrella del Barcelona hablaba demasiado.<\/p>\n<p>Yamal y el portero del Madrid Thibaut Courtois tambi\u00e9n se enfrentaron despu\u00e9s del partido.<\/p>\n<p>Vin\u00edcius estaba visiblemente molesto cuando fue reemplazado por Rodrygo al 72. Se dirigi\u00f3 directamente al vestuario antes de reunirse con sus compa\u00f1eros en el banquillo unos minutos despu\u00e9s.<\/p>\n<p>El delantero franc\u00e9s Mbapp\u00e9, quien no logr\u00f3 convertir un penal en la segunda mitad, adelant\u00f3 a Madrid a mitad del primer tiempo. Eso ocurri\u00f3 despu\u00e9s de que el VAR revirtiera una decisi\u00f3n de penal y un gol para los locales en los primeros 15 minutos en el Estadio Santiago Bernab\u00e9u.<\/p>\n<p>Mbapp\u00e9 abri\u00f3 el marcador a los 22 minutos tras una asistencia de Bellingham. Barcelona igual\u00f3 a trav\u00e9s de Ferm\u00edn L\u00f3pez al 38 y Bellingham sentenci\u00f3 el encuentro al 43.<\/p>\n<p>El portero del Barcelona Wojciech Szczesny detuvo el penal de Mbapp\u00e9 al 52.<\/p>\n<p>Madrid ha ganado 12 de 13 partidos esta temporada, su \u00fanico rev\u00e9s siendo una derrota 5-2 en el Atl\u00e9tico de Madrid en la liga espa\u00f1ola en septiembre.<\/p>\n<p>Fue la tercera derrota de la temporada para el Barcelona en todas las competiciones. Tambi\u00e9n hab\u00eda perdido este mes 2-1 ante el Paris Saint-Germain en casa en la Liga de Campeones y 4-1 en Sevilla en la liga espa\u00f1ola.<\/p>\n<p>Yamal estaba haciendo su tercera aparici\u00f3n despu\u00e9s de perderse tiempo de juego debido a una lesi\u00f3n. El joven no pudo hacer mucho contra el defensor del Madrid \u00c1lvaro Carreras durante todo el partido en el Bernab\u00e9u.<\/p>\n<p>Mbapp\u00e9 aument\u00f3 su cuenta como l\u00edder de la liga a 11 goles en un contragolpe, encontrando tranquilamente la red con solo Szczesny por vencer tras un buen pase de Bellingham. Fue el 16to gol de Mbapp\u00e9 en sus \u00faltimos 13 partidos con club y selecci\u00f3n.<\/p>\n<p>Barcelona igual\u00f3 tras un error del centrocampista del Madrid Arda Guler, quien perdi\u00f3 la posesi\u00f3n cerca del \u00e1rea permitiendo a Marcus Rashford hacer una carrera por el lado izquierdo y encontrar a L\u00f3pez para un f\u00e1cil remate desde cerca.<\/p>\n<p>Bellingham adelant\u00f3 nuevamente al Madrid cinco minutos despu\u00e9s, encontrando la red abierta desde cerca de la l\u00ednea de gol despu\u00e9s de que el defensor del Madrid \u00c9der Milit\u00e3o cabeceara el bal\u00f3n hacia la porter\u00eda tras otra buena carrera y centro de Vin\u00edcius.<\/p>\n<p>Bellingham, quien se perdi\u00f3 la primera parte de la temporada debido a una lesi\u00f3n en el hombro, hab\u00eda anotado su primer gol de la temporada el mi\u00e9rcoles en la victoria del Madrid 1-0 sobre la Juventus en la Liga de Campeones. Tambi\u00e9n estuvo involucrado en la jugada que llev\u00f3 al penal fallado por Mbapp\u00e9 \u2014una mano del defensor del Barcelona Eric Garc\u00eda mientras intentaba contener a Bellingham dentro del \u00e1rea. <\/p>\n<p>Mbapp\u00e9 tuvo otro gol anulado por fuera de juego en el tiempo de descuento de la primera mitad.<\/p>\n<p>Madrid fue premiado con un penal a los dos minutos de juego tras una carrera de Vin\u00edcius dentro del \u00e1rea, pero la decisi\u00f3n fue revertida tras la revisi\u00f3n del video. Vin\u00edcius cay\u00f3 despu\u00e9s de patear la pierna de Yamal mientras intentaba disparar a gol. El \u00e1rbitro inicialmente cobr\u00f3 falta a Vin\u00edcius, pero cambi\u00f3 de opini\u00f3n despu\u00e9s de revisar la jugada nuevamente.<\/p>\n<p>Madrid pens\u00f3 que hab\u00eda abierto el marcador unos 10 minutos despu\u00e9s cuando Mbapp\u00e9 encontr\u00f3 la red con un disparo de larga distancia, pero el VAR intervino nuevamente para dictaminar que estaba en fuera de juego cuando recibi\u00f3 el bal\u00f3n.<\/p>\n<p>Pedri fue expulsado en el tiempo de descuento de la segunda mitad tras una entrada deslizante sobre Aur\u00e9lien Tchouam\u00e9ni.<\/p>\n<p>El Barcelona lleg\u00f3 el domingo con problemas de lesiones en el ataque, y el entrenador Hansi Flick tuvo que ver el partido desde un palco del estadio despu\u00e9s de que se le mostrara una tarjeta roja por protestar en la ronda anterior de partidos.<\/p>\n<p>El delantero Robert Lewandowski estaba fuera con una lesi\u00f3n en el tend\u00f3n de la corva y el delantero Raphinha permaneci\u00f3 en la lista de lesionados debido a una dolencia en la pierna derecha sufrida a finales de septiembre. Dani Olmo y el portero titular Joan Garc\u00eda ya hab\u00edan sido descartados por lesiones.<\/p>\n<p>Raphinha, quien estuvo entre los involucrados en el altercado al final del partido, anot\u00f3 cinco de los 16 goles que el Barcelona marc\u00f3 en los cuatro partidos contra el Madrid la temporada pasada.<\/p>\n<p>El Cl\u00e1sico se jug\u00f3 con La Liga a\u00fan lamentando el colapso de los planes para celebrar un partido de temporada regular entre el Barcelona y el Villarreal en Miami el pr\u00f3ximo mes. El Madrid estaba entre los que se opon\u00edan al partido, diciendo que alteraba la equidad de la competici\u00f3n porque habr\u00eda permitido al Barcelona jugar un partido fuera de casa en un sitio neutral.<\/p>\n<p>M\u00e1s temprano, el Mallorca empat\u00f3 1-1 con el Levante.<\/p>\n<p>___<\/p>\n<p>Deportes AP: <a class=\"link\" href=\"https:\/\/apnews.com\/hub\/deportes\" target=\"_blank\" rel=\"nofollow noopener\">https:\/\/apnews.com\/hub\/deportes<\/a><\/p>\n","protected":false},"excerpt":{"rendered":"MADRID\u00a0\u2014\u00a0El Real Madrid ha puesto fin a sus recientes dificultades contra el Barcelona . Kylian Mbapp\u00e9 y Jude&hellip;\n","protected":false},"author":2,"featured_media":202444,"comment_status":"","ping_status":"","sticky":false,"template":"","format":"standard","meta":{"footnotes":""},"categories":[93],"tags":[210,50902,168,25,24,3689,1444,8252,1044,24904,14499,1045,7545,55533,3048,23,167,1152,13334,14780],"class_list":{"0":"post-202443","1":"post","2":"type-post","3":"status-publish","4":"format-standard","5":"has-post-thumbnail","7":"category-deportes","8":"tag-barcelona","9":"tag-bellingham","10":"tag-deportes","11":"tag-es","12":"tag-espana","13":"tag-gol","14":"tag-juego","15":"tag-lesion","16":"tag-liga","17":"tag-mbappe","18":"tag-minuto","19":"tag-partido","20":"tag-penal","21":"tag-primero-tiempo","22":"tag-real-madrid","23":"tag-spain","24":"tag-sports","25":"tag-temporada","26":"tag-vinicius","27":"tag-yamal"},"share_on_mastodon":{"url":"","error":""},"_links":{"self":[{"href":"https:\/\/www.europesays.com\/es\/wp-json\/wp\/v2\/posts\/202443","targetHints":{"allow":["GET"]}}],"collection":[{"href":"https:\/\/www.europesays.com\/es\/wp-json\/wp\/v2\/posts"}],"about":[{"href":"https:\/\/www.europesays.com\/es\/wp-json\/wp\/v2\/types\/post"}],"author":[{"embeddable":true,"href":"https:\/\/www.europesays.com\/es\/wp-json\/wp\/v2\/users\/2"}],"replies":[{"embeddable":true,"href":"https:\/\/www.europesays.com\/es\/wp-json\/wp\/v2\/comments?post=202443"}],"version-history":[{"count":0,"href":"https:\/\/www.europesays.com\/es\/wp-json\/wp\/v2\/posts\/202443\/revisions"}],"wp:featuredmedia":[{"embeddable":true,"href":"https:\/\/www.europesays.com\/es\/wp-json\/wp\/v2\/media\/202444"}],"wp:attachment":[{"href":"https:\/\/www.europesays.com\/es\/wp-json\/wp\/v2\/media?parent=202443"}],"wp:term":[{"taxonomy":"category","embeddable":true,"href":"https:\/\/www.europesays.com\/es\/wp-json\/wp\/v2\/categories?post=202443"},{"taxonomy":"post_tag","embeddable":true,"href":"https:\/\/www.europesays.com\/es\/wp-json\/wp\/v2\/tags?post=202443"}],"curies":[{"name":"wp","href":"https:\/\/api.w.org\/{rel}","templated":true}]}}