{"id":202455,"date":"2025-10-26T21:18:11","date_gmt":"2025-10-26T21:18:11","guid":{"rendered":"https:\/\/www.europesays.com\/es\/202455\/"},"modified":"2025-10-26T21:18:11","modified_gmt":"2025-10-26T21:18:11","slug":"sanchez-activa-a-zapatero-este-fin-de-semana-ante-el-ordago-de-junts","status":"publish","type":"post","link":"https:\/\/www.europesays.com\/es\/202455\/","title":{"rendered":"S\u00e1nchez activa a Zapatero este fin de semana ante el \u00f3rdago de Junts"},"content":{"rendered":"<p style=\"\">Una dirigente al m\u00e1s alto nivel de Junts resum\u00eda con una expresi\u00f3n muy clara, <strong>\u00aba la desesperada\u00bb<\/strong>, c\u00f3mo estaba actuando Pedro S\u00e1nchez minutos despu\u00e9s de conocer el inicio de las negociaciones con Alemania para el reconocimiento del <a href=\"https:\/\/www.abc.es\/espana\/sanchez-impulsa-oficialidad-catalan-ue-tras-ultimatum-20251024134051-nt.html\" target=\"_self\" data-voc-vtm-id=\"in-text-traffic\" title=\"catal\u00e1n en la Uni\u00f3n Europea\" data-mrf-link=\"www.abc.es\" rel=\"nofollow noopener\">catal\u00e1n en la Uni\u00f3n Europea<\/a>.  &#8230; Otro miembro de la direcci\u00f3n que preside Carles Puigdemont a\u00f1ad\u00eda que esto era \u00abotra maniobra\u00bb y la catalogaba de \u00abmuy insuficiente\u00bb. Los independentistas tachan estas muestras de \u00abdi\u00e1logo y apoyar\u00e9\u00bb de \u00abser siempre lo mismo\u00bb. Y bromean con un \u00abesperad de aqu\u00ed al lunes\u00bb&#8230; <\/p>\n<p class=\"voc-p\" style=\"\">Los posconvergentes asumen que la <strong>presi\u00f3n a la que a menudo les somete el Partido Socialista<\/strong> ante votaciones importantes en el Congreso, se ver\u00e1 intensificada este fin de semana. Antes de que el lunes, en Perpi\u00f1\u00e1n (Francia), la <a href=\"https:\/\/preview-www.abc.es\/espana\/puigdemont-cita-ejecutiva-lunes-perpinan-acelerar-decision-20251023111351-nt.html\" target=\"_self\" data-voc-vtm-id=\"in-text-traffic\" title=\"ejecutiva de Puigdemont\" data-mrf-link=\"preview-www.abc.es\" rel=\"nofollow noopener\">ejecutiva de Puigdemont<\/a> decida qu\u00e9 hacer con el acuerdo de legislatura que firmaron a finales de 2023 en Bruselas su secretario general, Jordi Turull, y el exsecretario de Organizaci\u00f3n del PSOE y hoy preso en Soto del Real (Madrid), Santos Cerd\u00e1n. Motivos para pensar que esa presi\u00f3n ir\u00e1 a m\u00e1s, no les faltan.<\/p>\n<p class=\"voc-p\" style=\"\">\u00a0<\/p>\n<p class=\"voc-p\" style=\"\">Fuentes cercanas al presidente del Gobierno admit\u00edan ayer viernes que, este mismo jueves, S\u00e1nchez dio orden al expresidente Jos\u00e9 Luis Rodr\u00edguez Zapatero, negociador &#8216;b&#8217; de los socialistas, de <strong>contactar con Puigdemont<\/strong>. No habr\u00e1 reuni\u00f3n presencial en Suiza con el mediador. De hecho, indican fuentes al m\u00e1s alto nivel del PSOE y de Junts, posiblemente no se produzca ning\u00fan encuentro m\u00e1s con este formato, ni tan siquiera el agendado para dentro de un mes. Pero lo que s\u00ed ocurrir\u00e1 a lo largo de estas pr\u00f3ximas horas, indican, es que Zapatero descolgar\u00e1 el tel\u00e9fono o la videollamada para tratar de ablandar el ultim\u00e1tum de un Junts que dice tener ya \u00abuna decisi\u00f3n tomada\u00bb.<\/p>\n<p class=\"voc-p\" style=\"\">Aunque Zapatero no es del agrado de los separatistas, incluso le culpan de ser parte del problema del descarrilamiento del acuerdo, junto a Salvador Illa, \u00ab<strong>si nos llama, le cogeremos el tel\u00e9fono<\/strong>\u00ab, apuntaban anoche en Waterloo (B\u00e9lgica). Pero creen que \u00bbya van tarde\u00ab.<\/p>\n<p class=\"voc-p\" style=\"\"> \u00abDurante mucho tiempo<strong> han despreciado nuestros avisos<\/strong>\u00ab, aseveran, y \u00bbahora que han visto que la cosa iba de verdad, que la pr\u00f3rroga se est\u00e1 terminando m\u00e1s tarde de lo que hubi\u00e9ramos querido, les ha entrado el miedo\u00ab. En esa explosi\u00f3n de p\u00e1nico enmarcan la filtraci\u00f3n de ayer viernes respecto a un ligero cambio de posici\u00f3n de Alemania respecto a la oficialidad del catal\u00e1n en la Uni\u00f3n Europea, algo que en todo caso, si Espa\u00f1a logra el s\u00ed definitivo, no se ver\u00e1 materializado antes del 17 de noviembre.<\/p>\n<p>\nLa decisi\u00f3n\n<\/p>\n<p class=\"voc-p\" style=\"\">Los de Puigdemont sostienen tambi\u00e9n que si se rompen ya los puentes con Moncloa, \u00ablo l\u00f3gico y saludable\u00bb ser\u00eda que el mediador internacional \u00ab<strong>diera a conocer los acuerdos alcanzados y no materializados<\/strong>\u00ab.<\/p>\n<p class=\"voc-p\" style=\"\">Con la direcci\u00f3n de Junts m\u00e1s<strong> alineada a romper que a mantener el acuerdo<\/strong>, con un Carles Puigdemont m\u00e1s dubitativo que el resto de dirigentes \u2013en parte por su inter\u00e9s en que se le aplique de forma inminente la amnist\u00eda que tanto anhela\u2013, las sensaciones en la formaci\u00f3n independentista es que habr\u00e1 \u00abun antes y un despu\u00e9s\u00bb a partir del lunes. Sin apresurarse a vaticinar lo que puede ocurrir. Por no saber, hasta el mismo lunes, no sabremos si es el propio l\u00edder del partido, al t\u00e9rmino de la ejecutiva, el que saldr\u00e1 dar explicaciones. \u00abDepender\u00e1 de la decisi\u00f3n que se tome\u00bb, a\u00f1aden. <\/p>\n<p class=\"voc-p\" style=\"\">Lo \u00fanico claro es que m\u00e1s all\u00e1 de la opini\u00f3n de los dirigentes, que vendr\u00e1n de escuchar hoy a los alcaldes y concejales, con los que se reunir\u00e1n en Barcelona, es que<strong> Junts propondr\u00e1 una consulta<\/strong> a la militancia para que la decisi\u00f3n adoptada tenga el m\u00e1ximo respaldo posible. Una f\u00f3rmula de democratizar un fallo que se antoja muy inc\u00f3modo para algunos, empezando por el propio Puigdemont, al que sus representantes municipales le han exhortado a priorizar si prefiere \u00absalvar el proyecto\u00bb, ante el auge de Alian\u00e7a, o salvarse \u00e9l pol\u00edticamente, no molestando al PSOE antes de la resoluci\u00f3n del Tribunal Constitucional sobre su amnist\u00eda. <\/p>\n<p class=\"voc-p\" style=\"\">Uno de los escenarios que se barajan es convocar dicha consulta dentro de un margen prudencial de, aproximadamente, una semana, para<strong> dar tiempo a Pedro S\u00e1nchez a una \u00abrectificaci\u00f3n\u00bb<\/strong>, a modo de \u00abenmienda a la totalidad\u00bb, a la \u00abinactividad de hasta ahora\u00bb. Aunque tampoco son muy optimistas con ese cambio de posici\u00f3n.<\/p>\n","protected":false},"excerpt":{"rendered":"Una dirigente al m\u00e1s alto nivel de Junts resum\u00eda con una expresi\u00f3n muy clara, \u00aba la desesperada\u00bb, c\u00f3mo&hellip;\n","protected":false},"author":2,"featured_media":202456,"comment_status":"","ping_status":"","sticky":false,"template":"","format":"standard","meta":{"footnotes":""},"categories":[8],"tags":[13264,1575,17,18,25,24,13,14,772,11,5216,19,20,9,10,15,16,7028,199,773,23,12,21,22,7472],"class_list":{"0":"post-202455","1":"post","2":"type-post","3":"status-publish","4":"format-standard","5":"has-post-thumbnail","7":"category-espana","8":"tag-activa","9":"tag-ante","10":"tag-breaking-news","11":"tag-breakingnews","12":"tag-es","13":"tag-espana","14":"tag-featured-news","15":"tag-featurednews","16":"tag-fin","17":"tag-headlines","18":"tag-junts","19":"tag-latest-news","20":"tag-latestnews","21":"tag-news","22":"tag-noticias","23":"tag-noticias-destacadas","24":"tag-noticiasdestacadas","25":"tag-ordago","26":"tag-sanchez","27":"tag-semana","28":"tag-spain","29":"tag-titulares","30":"tag-ultimas-noticias","31":"tag-ultimasnoticias","32":"tag-zapatero"},"share_on_mastodon":{"url":"https:\/\/pubeurope.com\/@es\/115442555608437480","error":""},"_links":{"self":[{"href":"https:\/\/www.europesays.com\/es\/wp-json\/wp\/v2\/posts\/202455","targetHints":{"allow":["GET"]}}],"collection":[{"href":"https:\/\/www.europesays.com\/es\/wp-json\/wp\/v2\/posts"}],"about":[{"href":"https:\/\/www.europesays.com\/es\/wp-json\/wp\/v2\/types\/post"}],"author":[{"embeddable":true,"href":"https:\/\/www.europesays.com\/es\/wp-json\/wp\/v2\/users\/2"}],"replies":[{"embeddable":true,"href":"https:\/\/www.europesays.com\/es\/wp-json\/wp\/v2\/comments?post=202455"}],"version-history":[{"count":0,"href":"https:\/\/www.europesays.com\/es\/wp-json\/wp\/v2\/posts\/202455\/revisions"}],"wp:featuredmedia":[{"embeddable":true,"href":"https:\/\/www.europesays.com\/es\/wp-json\/wp\/v2\/media\/202456"}],"wp:attachment":[{"href":"https:\/\/www.europesays.com\/es\/wp-json\/wp\/v2\/media?parent=202455"}],"wp:term":[{"taxonomy":"category","embeddable":true,"href":"https:\/\/www.europesays.com\/es\/wp-json\/wp\/v2\/categories?post=202455"},{"taxonomy":"post_tag","embeddable":true,"href":"https:\/\/www.europesays.com\/es\/wp-json\/wp\/v2\/tags?post=202455"}],"curies":[{"name":"wp","href":"https:\/\/api.w.org\/{rel}","templated":true}]}}