{"id":202461,"date":"2025-10-26T21:25:26","date_gmt":"2025-10-26T21:25:26","guid":{"rendered":"https:\/\/www.europesays.com\/es\/202461\/"},"modified":"2025-10-26T21:25:26","modified_gmt":"2025-10-26T21:25:26","slug":"la-montana-vuelve-a-ser-decisiva-en-el-tour-2026-masculino-y-femenino-estos-son-los-recorridos-kirolak","status":"publish","type":"post","link":"https:\/\/www.europesays.com\/es\/202461\/","title":{"rendered":"La monta\u00f1a vuelve a ser decisiva en el Tour 2026 masculino y femenino: estos son los recorridos | Kirolak"},"content":{"rendered":"<p>        <img decoding=\"async\" alt=\"Pogacar, tras ganar la edici\u00f3n de 2025.\" height=\"800\" loading=\"lazy\"  src=\"https:\/\/www.europesays.com\/es\/wp-content\/uploads\/2025\/10\/POGACAR.jpg\"  width=\"1200\"\/>Pogacar, tras ganar la edici\u00f3n de 2025. (EUROPA PRESS)<\/p>\n<p>El Palacio de Congresos de Par\u00eds ha acogido este jueves a la ma\u00f1ana la presentaci\u00f3n de los recorridos de la pr\u00f3xima edici\u00f3n del Tour masculino y femenino que recorrer\u00e1 las carreteras durante el verano de 2026. La categor\u00eda masculina dar\u00e1 comienzo el 4 de julio y acabar\u00e1 el 26. Por su parte, el Tour Femenino ser\u00e1 del 1 al 9 de agosto.<\/p>\n<p>La 113\u00ba edici\u00f3n de la emblem\u00e1tica carrera ciclista empezar\u00e1 en Barcelona y ser\u00e1 una edici\u00f3n que los organizadores han querido definir como &#8216;in crescendo&#8217;, con un inicio ya muy duro: los Pirineos a pocos d\u00edas de comenzar, la traves\u00eda de los cinco macizos del Estado franc\u00e9s y una traca final en los Alpes que aglutina buena parte de las dificultades.<\/p>\n<blockquote class=\"twitter-tweet\"><p>&#13;<\/p>\n<p dir=\"ltr\" lang=\"es\">\uf929 Here it is, the official route of the <a href=\"https:\/\/twitter.com\/hashtag\/TDF2026?src=hash&amp;ref_src=twsrc%5Etfw\" rel=\"nofollow noopener\" target=\"_blank\">#TDF2026<\/a>!<\/p>\n<p>\uf929 Voici le parcours officiel du <a href=\"https:\/\/twitter.com\/hashtag\/TDF2026?src=hash&amp;ref_src=twsrc%5Etfw\" rel=\"nofollow noopener\" target=\"_blank\">#TDF2026<\/a> !<\/p>\n<p>\uf929 Aqu\u00ed el tenim, el recorregut oficial del <a href=\"https:\/\/twitter.com\/hashtag\/TDF2026?src=hash&amp;ref_src=twsrc%5Etfw\" rel=\"nofollow noopener\" target=\"_blank\">#TDF2026<\/a>!<\/p>\n<p>\uf929 \u00a1Aqu\u00ed est\u00e1, el recorrido oficial del <a href=\"https:\/\/twitter.com\/hashtag\/TDF2026?src=hash&amp;ref_src=twsrc%5Etfw\" rel=\"nofollow noopener\" target=\"_blank\">#TDF2026<\/a>! <a href=\"https:\/\/t.co\/LcqW9WgvWo\" rel=\"nofollow\">pic.twitter.com\/LcqW9WgvWo<\/a><\/p>\n<p>&#13;<br \/>\n\u2014 Tour de France\u2122 (@LeTour) <a href=\"https:\/\/twitter.com\/LeTour\/status\/1981305336691634418?ref_src=twsrc%5Etfw\" rel=\"nofollow noopener\" target=\"_blank\">October 23, 2025<\/a>\n<\/p><\/blockquote>\n<p><a href=\"https:\/\/www.naiz.eus\/eu\/info\/noticia\/20250727\/van-aert-gana-en-el-adoquinado-de-paris-y-le-roba-el-doblete-a-pogacar-en-su-cuarto-tour\" rel=\"nofollow noopener\" target=\"_blank\">Siguiendo la tendencia de las \u00faltimas ediciones,<\/a> el Tour ha relegado la contrarreloj a su m\u00ednima expresi\u00f3n: 19 kil\u00f3metros por equipos en su primer d\u00eda en las calles de Barcelona y 26 individuales para abrir la \u00faltima semana en los Alpes, la mitad de ellos en ascenso.<\/p>\n<p>La monta\u00f1a cobra m\u00e1s protagonismo que nunca, y lo hace con etapas m\u00e1s cortas y nerviosas, otro signo de los tiempos que corren, con cinco finales en alto, tres de ellos agrupados en los cuatro \u00faltimos d\u00edas, dos en una de las cimas m\u00e1s m\u00edticas de la ronda francesa.<\/p>\n<p>Un total de 184 corredores distribuidos en 23 equipos tomar\u00e1n la salida, en este momento con Tadej Pogacar como m\u00e1ximo favorito para conquistar su cuarto maillot amarillo, y Jonas Vingegaard llamado a ser, de nuevo, su gran adversario.<\/p>\n<p><strong>Etapas<\/strong><\/p>\n<p>1.Etapa: 04\/09 Barcelona &#8211; Barcelona (CRE) \u00a0<\/p>\n<p>2.Etapa: 05\/07 Tarragona &#8211; Barcelona \u00a0<\/p>\n<p>3.Etapa: 06\/07 Granollers &#8211; Les Angles \u00a0<\/p>\n<p>4.Etapa: 07\/07 Carcasona &#8211; Foix \u00a0<\/p>\n<p>5.Etapa: 08\/07 Lannemezan &#8211; Pau<\/p>\n<p>6.Etapa: 09\/07 Pau &#8211; Gavernie-G\u00e8dre<\/p>\n<p>7.Etapa: 10\/07 Hagetmau &#8211; Burdeos<\/p>\n<p>8.Etapa: 11\/07 P\u00e9rigueux &#8211; Bergerac \u00a0<\/p>\n<p>9.Etapa: 12\/07 Malemort &#8211; Ussel<\/p>\n<p>10.Etapa: 13\/07 Descanso en Cantal<\/p>\n<p>11.Etapa: 14\/07 Aurillac &#8211; Le Lioran<\/p>\n<p>12.Etapa: 15\/07 Vichy &#8211; Nevers<\/p>\n<p>13.Etapa: 16\/07 Magny-Cours &#8211; Chalon-sur-Sa\u00f4ne<\/p>\n<p>14.Etapa: 17\/07 Dole &#8211; Belfort<\/p>\n<p>15.Etapa: 18\/07 Mulhouse &#8211; Le Markstein<\/p>\n<p>16.Etapa: 19\/07 Champagnole &#8211; Plateau de Solaison<\/p>\n<p>17.Etapa: 20\/07 Descanso en Alta Saboya<\/p>\n<p>18.Etapa: 21\/07 \u00c9vian &#8211; Thonon-les-Bains (CRI) \u00a0<\/p>\n<p>19.Etapa: 22\/07 Chamb\u00e9ry &#8211; Voiron \u00a0<\/p>\n<p>20.Etapa: 23\/07 Voiron &#8211; Orci\u00e8res-Merlette<\/p>\n<p>21.Etapa: 24\/07 Gap &#8211; Alpe d&#8217;Huez<\/p>\n<p>22.Etapa: 25\/07 Bourg d&#8217;Oisans &#8211; Alpe d&#8217;Huez<\/p>\n<p>23.Etapa: 26\/07 Thoiry &#8211; Par\u00eds<\/p>\n<p>\u00a0<\/p>\n<p><strong>El Tour femenino se sube al Mont Ventoux<\/strong><\/p>\n<p>Por otra parte, la edici\u00f3n femenina\u00a0 comenzar\u00e1 el 1 de agosto en Lausana, la capital ol\u00edmpica, y terminar\u00e1 el 9 en Niza, que recibir\u00e1 los Juegos de invierno en 2030, y supondr\u00e1 una mayor duraci\u00f3n que los \u00faltimos a\u00f1os, en concordancia con <a href=\"https:\/\/www.naiz.eus\/eu\/info\/noticia\/20250802\/ferrand-prevot-se-exhibe-en-la-madeleine-y-anadira-el-tour-a-un-palmares-unico\" rel=\"nofollow noopener\" target=\"_blank\">el desarrollo del ciclismo femenino.<\/a><\/p>\n<p>Tras el Alpe d&#8217;Huez en 2024 y la Madeleine este a\u00f1o, el Tour de 2026 \u00abcrece a\u00fan m\u00e1s\u00bb subiendo al m\u00edtico Mont Ventoux, que ser\u00e1 la prueba esencial de una edici\u00f3n, cuyo recorrido fue presentado tambi\u00e9n este jueves en Par\u00eds, marcada por el retorno de la crono.<\/p>\n<p>El de 2026 ser\u00e1 \u00abel Tour m\u00e1s duro en desnivel de la historia\u00bb, ha sido dise\u00f1ado \u00abpara mantener el suspense hasta el final\u00bb y para ello han incluido una crono de 21 kil\u00f3metros en la cuarta etapa ha afirmado la ex corredora Marion Rousse, que dirige la prueba.<\/p>\n<p>\u00abHemos demostrado que el Tour femenino funciona bien en audiencia de televisi\u00f3n y eso nos permite lanzarnos una semana m\u00e1s tarde, podemos volar con nuestras propias alas, lo que facilita mucho la organizaci\u00f3n log\u00edstica\u00bb, se\u00f1ala Rousse.<\/p>\n<p><strong>Etapas<\/strong><\/p>\n<p>Etapa 1 (1 de agosto): Lausana &#8211; Lausana (137 km)<\/p>\n<p>Etapa 2 (2 de agosto): Aigle &#8211; Ginebra (149 km)<\/p>\n<p>Etapa 3 (3 de agosto): Ginebra &#8211; Poligny (157 km)<\/p>\n<p>Etapa 4 (4 de agosto): Gevrey-Chambertin &#8211; Dijon (21 km). Contrarreloj.<\/p>\n<p>Etapa 5 (5 de agosto): M\u00e2con &#8211; Belleville-en-Beaujolais (140 km)<\/p>\n<p>Etapa 6 (6 de agosto): Montbrison &#8211; Tournon-sur-Rh\u00f4ne (153 km)<\/p>\n<p>Etapa 7 (7 de agosto): La Voulte-sur-Rh\u00f4ne &#8211; Mont Ventoux (144 km)<\/p>\n<p>Etapa 8 (8 de agosto): Sisteron &#8211; Niza (175 km)<\/p>\n<p>Etapa 9 (9 de agosto): Niza &#8211; Niza (99 km)<\/p>\n<p>  <script async src=\"https:\/\/platform.twitter.com\/widgets.js\" charset=\"utf-8\"><\/script><\/p>\n","protected":false},"excerpt":{"rendered":"Pogacar, tras ganar la edici\u00f3n de 2025. (EUROPA PRESS) El Palacio de Congresos de Par\u00eds ha acogido este&hellip;\n","protected":false},"author":2,"featured_media":202462,"comment_status":"","ping_status":"","sticky":false,"template":"","format":"standard","meta":{"footnotes":""},"categories":[273],"tags":[3076,313,312,10102,168,2197,25,24,4649,10666,5329,8643,23,167,316,7705,1511],"class_list":{"0":"post-202461","1":"post","2":"type-post","3":"status-publish","4":"format-standard","5":"has-post-thumbnail","7":"category-ciclismo","8":"tag-3076","9":"tag-ciclismo","10":"tag-cycling","11":"tag-decisiva","12":"tag-deportes","13":"tag-edicion","14":"tag-es","15":"tag-espana","16":"tag-femenino","17":"tag-masculino","18":"tag-montana","19":"tag-ser","20":"tag-spain","21":"tag-sports","22":"tag-tour","23":"tag-volvera","24":"tag-y"},"share_on_mastodon":{"url":"https:\/\/pubeurope.com\/@es\/115442583274420790","error":""},"_links":{"self":[{"href":"https:\/\/www.europesays.com\/es\/wp-json\/wp\/v2\/posts\/202461","targetHints":{"allow":["GET"]}}],"collection":[{"href":"https:\/\/www.europesays.com\/es\/wp-json\/wp\/v2\/posts"}],"about":[{"href":"https:\/\/www.europesays.com\/es\/wp-json\/wp\/v2\/types\/post"}],"author":[{"embeddable":true,"href":"https:\/\/www.europesays.com\/es\/wp-json\/wp\/v2\/users\/2"}],"replies":[{"embeddable":true,"href":"https:\/\/www.europesays.com\/es\/wp-json\/wp\/v2\/comments?post=202461"}],"version-history":[{"count":0,"href":"https:\/\/www.europesays.com\/es\/wp-json\/wp\/v2\/posts\/202461\/revisions"}],"wp:featuredmedia":[{"embeddable":true,"href":"https:\/\/www.europesays.com\/es\/wp-json\/wp\/v2\/media\/202462"}],"wp:attachment":[{"href":"https:\/\/www.europesays.com\/es\/wp-json\/wp\/v2\/media?parent=202461"}],"wp:term":[{"taxonomy":"category","embeddable":true,"href":"https:\/\/www.europesays.com\/es\/wp-json\/wp\/v2\/categories?post=202461"},{"taxonomy":"post_tag","embeddable":true,"href":"https:\/\/www.europesays.com\/es\/wp-json\/wp\/v2\/tags?post=202461"}],"curies":[{"name":"wp","href":"https:\/\/api.w.org\/{rel}","templated":true}]}}