{"id":202475,"date":"2025-10-26T21:36:17","date_gmt":"2025-10-26T21:36:17","guid":{"rendered":"https:\/\/www.europesays.com\/es\/202475\/"},"modified":"2025-10-26T21:36:17","modified_gmt":"2025-10-26T21:36:17","slug":"la-medida-mas-eficaz-para-evitar-complicaciones-de-salud","status":"publish","type":"post","link":"https:\/\/www.europesays.com\/es\/202475\/","title":{"rendered":"la medida m\u00e1s eficaz para evitar complicaciones de salud"},"content":{"rendered":"<p>            Las claves<\/p>\n<p>\n                nuevo<br \/>\n                Generado con IA\n            <\/p>\n<p>        <a class=\"key__news__heading--closed-content\" href=\"http:\/\/www.elespanol.com\/suscripciones\/#utm_source=internal&amp;utm_medium=claves\" rel=\"nofollow noopener\" target=\"_blank\"><\/p>\n<p class=\"item--text\">\n                            IMED Hospitales ha iniciado una campa\u00f1a de vacunaci\u00f3n contra el virus de la gripe, destacando que la vacunaci\u00f3n es la medida m\u00e1s eficaz para prevenir complicaciones de salud.\n                        <\/p>\n<p class=\"item--text\">\n                            La gripe estacional suele manifestarse entre octubre y marzo, con s\u00edntomas como cefalea, fiebre elevada y dolor muscular, y puede derivar en complicaciones graves en grupos de riesgo.\n                        <\/p>\n<p class=\"item--text\">\n                            IMED Virgen de la Fuensanta recomienda la detecci\u00f3n temprana y la vacunaci\u00f3n para proteger a la poblaci\u00f3n, especialmente a grupos vulnerables como embarazadas, inmunodeprimidos y personas con enfermedades cr\u00f3nicas.\n                        <\/p>\n<p class=\"paragraph\" id=\"paragraph_1\">La llegada del <strong>oto\u00f1o trae consigo uno de los virus respiratorios m\u00e1s comunes<\/strong> y, a la misma vez, m\u00e1s subestimados: la <a href=\"https:\/\/www.elespanol.com\/ciencia\/salud\/20251016\/gripe-peor-ano-aviso-llega-espana-japon-miles-casos-colegios-cerrados\/1003743970287_0.html?utm_cmp_rs=linksinline\" rel=\"nofollow noopener\" target=\"_blank\">gripe<\/a>. Aunque muchas veces se perciba como una enfermedad leve, la realidad es que puede derivar en complicaciones importantes, especialmente en personas mayores o con patolog\u00edas previas. Por ello, desde el colectivo m\u00e9dico, y especialmente desde<a href=\"https:\/\/www.imedhospitales.com\/es\" rel=\"nofollow noopener\" target=\"_blank\"> IMED Hospitales<\/a>, se insiste cada a\u00f1o en la importancia de la prevenci\u00f3n, la vacunaci\u00f3n y el diagn\u00f3stico temprano como las principales herramientas para reducir su impacto.<\/p>\n<p class=\"paragraph\" id=\"paragraph_2\"><strong>La gripe estacional suele aparecer entre los meses de octubre y marzo<\/strong>, coincidiendo con los cambios de temperatura y el descenso de la humedad ambiental, factores que facilitan la propagaci\u00f3n del virus. Su contagio es r\u00e1pido y se transmite por v\u00eda a\u00e9rea, a trav\u00e9s de las peque\u00f1as gotas que se emiten al hablar, toser o estornudar.<\/p>\n<p class=\"paragraph\" id=\"paragraph_3\">\u201cTenemos que <strong>recordar la importancia de saber detectar los s\u00edntomas respiratorios del virus<\/strong> de la gripe\u201d, tal y como explica la doctora Marina Carrasco, directora m\u00e9dica del<a href=\"https:\/\/www.imedhospitales.com\/es\/centros\/hospital-imed-virgen-fuensanta\" rel=\"nofollow noopener\" target=\"_blank\"> Hospital IMED Virgen de la Fuensanta<\/a> de Murcia,\u00a0ubicado en la avenida Juan Carlos I.<\/p>\n<p class=\"paragraph\" id=\"paragraph_4\">\u201cEl virus de la gripe <strong>puede manifestarse con cefalea, fiebre elevada, mucosidad<\/strong>, dolor de garganta, dolor muscular, incluso en algunos casos con s\u00edntomas intestinales como la diarrea\u201d, seg\u00fan expone la facultativa.<\/p>\n<p class=\"paragraph\" id=\"paragraph_5\">Desde IMED Virgen de la Fuensanta recomiendan que, ante cualquiera de estos s\u00edntomas, el paciente acuda al servicio de Urgencias para recibir una valoraci\u00f3n m\u00e9dica y un diagn\u00f3stico preciso. Por este motivo,\u00a0<strong>se promueve cada a\u00f1o una campa\u00f1a activa de sensibilizaci\u00f3n y vacunaci\u00f3n<\/strong> con el objetivo de proteger la salud de la poblaci\u00f3n y reducir el impacto de la gripe en los meses de fr\u00edo.<\/p>\n<p class=\"paragraph\" id=\"paragraph_6\">La detecci\u00f3n temprana y la atenci\u00f3n m\u00e9dica adecuada marcan la diferencia entre un cuadro leve y una complicaci\u00f3n grave. De hecho, <strong>existen grupos de riesgo m\u00e1s sensibles a <\/strong><strong>contraer e<\/strong><strong>l virus<\/strong>, entre los que se incluyen pacientes embarazadas, inmunodeprimidos, diab\u00e9ticos, cardi\u00f3patas, asm\u00e1ticos o personas con enfermedades inflamatorias intestinales.<\/p>\n<p><img decoding=\"async\" alt=\"La doctora Carrasco en el \u00e1rea de Urgencias del Hospital IMED Virgen de la Fuensanta de Murcia, ubicado en la la avenida Juan Carlos I.\" data-imgm=\"true\" height=\"180\" loading=\"lazy\"  src=\"https:\/\/www.europesays.com\/es\/wp-content\/uploads\/2025\/10\/1003743982844_259536978_1024x576.jpg\"  width=\"320\"\/><\/p>\n<p>                                                            La doctora Carrasco en el \u00e1rea de Urgencias del Hospital IMED Virgen de la Fuensanta de Murcia, ubicado en la la avenida Juan Carlos I.<\/p>\n<p>                    IMED<\/p>\n<p class=\"paragraph\" id=\"paragraph_7\">\u201c<strong>Si pertenece a alguno de esos grupos de riesgo<\/strong>, le invitamos a acudir a las consultas de Medicina General de IMED Virgen de la Fuensanta d\u00f3nde podr\u00e1 ser asesorado, se le prescribir\u00e1 la vacuna y se la podremos administrar en ese mismo momento\u201d, seg\u00fan advierte\u00a0la doctora Carrasco.<\/p>\n<p class=\"paragraph\" id=\"paragraph_8\">La vacunaci\u00f3n sigue siendo <strong>la medida m\u00e1s eficaz<\/strong> para prevenir la gripe y sus complicaciones. Complementariamente, los expertos aconsejan mantener una buena higiene de manos, cubrirse la boca y la nariz al toser o estornudar y evitar el contacto cercano con personas enfermas.<\/p>\n<p class=\"paragraph\" id=\"paragraph_9\">\u201cEl hospital <strong>cuenta con un equipo facultativo de primer nivel en <a href=\"https:\/\/www.imedhospitales.com\/es\/especialidades-medicas\/medicina-general\" rel=\"nofollow noopener\" target=\"_blank\">especialidades m\u00e9dicas<\/a><\/strong>, tiempos de espera en urgencias inferiores a 10 minutos y la \u00faltima tecnolog\u00eda para el diagn\u00f3stico de este tipo de patolog\u00edas\u201d.<\/p>\n","protected":false},"excerpt":{"rendered":"Las claves nuevo Generado con IA IMED Hospitales ha iniciado una campa\u00f1a de vacunaci\u00f3n contra el virus de&hellip;\n","protected":false},"author":2,"featured_media":202476,"comment_status":"","ping_status":"","sticky":false,"template":"","format":"standard","meta":{"footnotes":""},"categories":[92],"tags":[25,24,165,1478,11760,166,26164,23],"class_list":{"0":"post-202475","1":"post","2":"type-post","3":"status-publish","4":"format-standard","5":"has-post-thumbnail","7":"category-salud","8":"tag-es","9":"tag-espana","10":"tag-health","11":"tag-murcia","12":"tag-murcia-municipio","13":"tag-salud","14":"tag-sanidad-privada","15":"tag-spain"},"share_on_mastodon":{"url":"https:\/\/pubeurope.com\/@es\/115442626489598631","error":""},"_links":{"self":[{"href":"https:\/\/www.europesays.com\/es\/wp-json\/wp\/v2\/posts\/202475","targetHints":{"allow":["GET"]}}],"collection":[{"href":"https:\/\/www.europesays.com\/es\/wp-json\/wp\/v2\/posts"}],"about":[{"href":"https:\/\/www.europesays.com\/es\/wp-json\/wp\/v2\/types\/post"}],"author":[{"embeddable":true,"href":"https:\/\/www.europesays.com\/es\/wp-json\/wp\/v2\/users\/2"}],"replies":[{"embeddable":true,"href":"https:\/\/www.europesays.com\/es\/wp-json\/wp\/v2\/comments?post=202475"}],"version-history":[{"count":0,"href":"https:\/\/www.europesays.com\/es\/wp-json\/wp\/v2\/posts\/202475\/revisions"}],"wp:featuredmedia":[{"embeddable":true,"href":"https:\/\/www.europesays.com\/es\/wp-json\/wp\/v2\/media\/202476"}],"wp:attachment":[{"href":"https:\/\/www.europesays.com\/es\/wp-json\/wp\/v2\/media?parent=202475"}],"wp:term":[{"taxonomy":"category","embeddable":true,"href":"https:\/\/www.europesays.com\/es\/wp-json\/wp\/v2\/categories?post=202475"},{"taxonomy":"post_tag","embeddable":true,"href":"https:\/\/www.europesays.com\/es\/wp-json\/wp\/v2\/tags?post=202475"}],"curies":[{"name":"wp","href":"https:\/\/api.w.org\/{rel}","templated":true}]}}