{"id":202483,"date":"2025-10-26T21:40:07","date_gmt":"2025-10-26T21:40:07","guid":{"rendered":"https:\/\/www.europesays.com\/es\/202483\/"},"modified":"2025-10-26T21:40:07","modified_gmt":"2025-10-26T21:40:07","slug":"la-consulta-popular-del-pacto-historico-en-vivo-ivan-cepeda-lidera-los-resultados-en-los-primeros-boletines","status":"publish","type":"post","link":"https:\/\/www.europesays.com\/es\/202483\/","title":{"rendered":"La consulta popular del Pacto Hist\u00f3rico, en vivo | Iv\u00e1n Cepeda lidera los resultados en los primeros boletines"},"content":{"rendered":"<p class=\"ev-title\">El ministro del Interior se\u00f1ala que la organizaci\u00f3n de la consulta \u201cha dejado mucho que desear\u201d<\/p>\n<p>El ministro del Interior, Armando Benedetti, ha evaluado que la organizaci\u00f3n de la consulta \u201cha dejado mucho que desear\u201d. \u201cSe han presentado muchos problemas, en los cuales en elecciones pasadas nunca hab\u00eda visto que se presentaran. Redujeron las mesas de votaci\u00f3n, los puestos de votaci\u00f3n. No hubo material electoral para votar, en varias partes se acabaron los tarjetones\u201d, ha declarado.\u00a0\u201cEso sin contar que el Consejo Nacional Electoral nunca quiso abocar los temas del Pacto Hist\u00f3rico, nunca quiso realmente decidir ni debatir sobre los asuntos de esta consulta\u201d, ha a\u00f1adido. Seg\u00fan \u00e9l,\u00a0\u201cpodr\u00eda hablarse de que hubo\u00a0un saboteo\u201d, aunque todav\u00eda no puede decirse de parte de quien.\u00a0<\/p>\n<p>Sin embargo, no es la primera vez que hay dificultades para prever la afluencia a los puestos de votaci\u00f3n en una consulta \u2014algunos se saturan mientras otros est\u00e1n vac\u00edos\u2014. En 2018, en un proceso similar de la derecha, faltaron tarjetones en zonas en las que las que este sector pol\u00edtico tiene un alto n\u00famero de votantes, como Medell\u00edn y algunos barrios del norte de Bogot\u00e1. El entonces registrador, Juan Carlos Galindo, explic\u00f3 que hab\u00edan mandado el 50% de los tarjetones a cada una de las mesas porque \u201cno hab\u00eda hist\u00f3ricos para decir que en esta mesa han votado generalmente de esta tendencia u otra\u201d.<\/p>\n<p>\u00a0<\/p>\n","protected":false},"excerpt":{"rendered":"El ministro del Interior se\u00f1ala que la organizaci\u00f3n de la consulta \u201cha dejado mucho que desear\u201d El ministro&hellip;\n","protected":false},"author":2,"featured_media":202484,"comment_status":"","ping_status":"","sticky":false,"template":"","format":"standard","meta":{"footnotes":""},"categories":[42],"tags":[889,17,18,1803,4374,19456,13,14,11,61,62,63,64,7972,55538,23187,19,20,1804,9,10,15,16,26926,952,12,21,22,65,66,67],"class_list":{"0":"post-202483","1":"post","2":"type-post","3":"status-publish","4":"format-standard","5":"has-post-thumbnail","7":"category-internacional","8":"tag-america","9":"tag-breaking-news","10":"tag-breakingnews","11":"tag-colombia","12":"tag-elecciones","13":"tag-elecciones-colombia","14":"tag-featured-news","15":"tag-featurednews","16":"tag-headlines","17":"tag-internacional","18":"tag-international","19":"tag-international-news","20":"tag-internationalnews","21":"tag-ivan-cepeda","22":"tag-izquierda-socialista","23":"tag-izquierdismo","24":"tag-latest-news","25":"tag-latestnews","26":"tag-latinoamerica","27":"tag-news","28":"tag-noticias","29":"tag-noticias-destacadas","30":"tag-noticiasdestacadas","31":"tag-pacto-historico-colombia","32":"tag-politica","33":"tag-titulares","34":"tag-ultimas-noticias","35":"tag-ultimasnoticias","36":"tag-world","37":"tag-world-news","38":"tag-worldnews"},"share_on_mastodon":{"url":"","error":"Validation failed: Text character limit of 500 exceeded"},"_links":{"self":[{"href":"https:\/\/www.europesays.com\/es\/wp-json\/wp\/v2\/posts\/202483","targetHints":{"allow":["GET"]}}],"collection":[{"href":"https:\/\/www.europesays.com\/es\/wp-json\/wp\/v2\/posts"}],"about":[{"href":"https:\/\/www.europesays.com\/es\/wp-json\/wp\/v2\/types\/post"}],"author":[{"embeddable":true,"href":"https:\/\/www.europesays.com\/es\/wp-json\/wp\/v2\/users\/2"}],"replies":[{"embeddable":true,"href":"https:\/\/www.europesays.com\/es\/wp-json\/wp\/v2\/comments?post=202483"}],"version-history":[{"count":0,"href":"https:\/\/www.europesays.com\/es\/wp-json\/wp\/v2\/posts\/202483\/revisions"}],"wp:featuredmedia":[{"embeddable":true,"href":"https:\/\/www.europesays.com\/es\/wp-json\/wp\/v2\/media\/202484"}],"wp:attachment":[{"href":"https:\/\/www.europesays.com\/es\/wp-json\/wp\/v2\/media?parent=202483"}],"wp:term":[{"taxonomy":"category","embeddable":true,"href":"https:\/\/www.europesays.com\/es\/wp-json\/wp\/v2\/categories?post=202483"},{"taxonomy":"post_tag","embeddable":true,"href":"https:\/\/www.europesays.com\/es\/wp-json\/wp\/v2\/tags?post=202483"}],"curies":[{"name":"wp","href":"https:\/\/api.w.org\/{rel}","templated":true}]}}