{"id":202495,"date":"2025-10-26T21:52:10","date_gmt":"2025-10-26T21:52:10","guid":{"rendered":"https:\/\/www.europesays.com\/es\/202495\/"},"modified":"2025-10-26T21:52:10","modified_gmt":"2025-10-26T21:52:10","slug":"decoracion-aesthetic-merienda-y-amigos-gente-online","status":"publish","type":"post","link":"https:\/\/www.europesays.com\/es\/202495\/","title":{"rendered":"decoraci\u00f3n \u00abaesthetic\u00bb, merienda y amigos \u2013 GENTE Online"},"content":{"rendered":"<p><strong>La Joaqui<\/strong> celebr\u00f3 su cumplea\u00f1os n\u00famero <strong>31<\/strong> con una <strong>celebraci\u00f3n personal y delicada<\/strong> que opt\u00f3 por la <strong>serenidad<\/strong> y los detalles cuidadosamente seleccionados, lejos de los grandes eventos multitudinarios.<\/p>\n<p>La artista de RKT eligi\u00f3 organizar un <strong>\u00edntimo almuerzo prolongado<\/strong> en su casa, rodeada de su c\u00edrculo m\u00e1s cercano de amigas y familiares. El festejo, que fue documentado en una serie de historias de Instagram, irradi\u00f3 un <strong>aire rom\u00e1ntico y c\u00e1lido<\/strong>, transmitiendo la riqueza de sus v\u00ednculos y el valor de celebrar rodeada de afecto.<\/p>\n<p>La decoraci\u00f3n fue uno de los aspectos m\u00e1s destacados de la jornada. El ambiente estuvo iluminado con luces c\u00e1lidas, manteniendo una est\u00e9tica festiva e \u00edntima. La Joaqui decor\u00f3 su hogar con <strong>flores por todos lados<\/strong>, incluyendo rosas, lirios y gerberas, que se repet\u00edan en cada rinc\u00f3n.<\/p>\n<p><img decoding=\"async\" width=\"577\" height=\"1025\" src=\"https:\/\/www.europesays.com\/es\/wp-content\/uploads\/2025\/10\/2DWKUDUTMNBKNEDXSXVHMBIR4Q.webp.webp\" loading=\"lazy\" alt=\"\" class=\"wp-image-618647\"\/>La cantante celebr\u00f3 en la intimidad de su hogar, con amigos y merienda.<\/p>\n<p>Los <strong>tonos rosados<\/strong> y el dorado dominaron la paleta de colores. En el techo, decenas de <strong>globos metalizados en tonos rosa y dorado<\/strong> completaban el clima festivo, mientras que globos rojos en forma de coraz\u00f3n adornaban la escalera de madera, que se convirti\u00f3 en un escenario obligado para las fotograf\u00edas.<\/p>\n<p>El sal\u00f3n principal exhibi\u00f3 una mesa blanca repleta de arreglos florales, p\u00e9talos de rosa y jarrones de cristal. La presentaci\u00f3n de la comida combin\u00f3 <strong>lo simple y lo sofisticado<\/strong>. Sobre la mesa se dispusieron bandejas con quesos, frutas, jugos rosados, copas, tartaletas con frutos rojos, cupcakes y tartas. La comida favorita de la cantante, su <strong>infaltable torta de crema<\/strong>, tambi\u00e9n fue parte de la velada.<\/p>\n<p><img decoding=\"async\" width=\"900\" height=\"979\" src=\"https:\/\/www.europesays.com\/es\/wp-content\/uploads\/2025\/10\/la-joaqui-celebro-su-cumpleanos-2125690.jpg.webp.webp\" loading=\"lazy\" alt=\"\" class=\"wp-image-618648\"\/>Las cientos de flores que recibi\u00f3 La Joaqui en su cumplea\u00f1os. <\/p>\n<p>Entre los invitados, la reuni\u00f3n cont\u00f3 con la presencia de figuras destacadas del espect\u00e1culo. <strong>Nicki Nicole y Sofi Gonet<\/strong> fueron algunas de las celebridades que acompa\u00f1aron a la cumplea\u00f1era. \u201cLa Reini\u201d, una de las amigas m\u00e1s cercanas de La Joaqui, comparti\u00f3 una postal junto a la artista, dedic\u00e1ndole el mensaje: <strong>\u201cFeliz cumple Joaquita, te adoro\u201d<\/strong>. Ambas fueron capturadas subiendo la escalera de madera en outfits que mezclaban sofisticaci\u00f3n y car\u00e1cter personal.<\/p>\n<p>Nicki Nicole tambi\u00e9n se mostr\u00f3 junto a la festejada, posando al pie de la escalera. La artista del g\u00e9nero urbano le dedic\u00f3 un mensaje cargado de afecto: <strong>\u201cfeliz cumplea\u00f1os mi reina, te adoro y te deseo que seas siempre feliz!\u201d<\/strong>.<\/p>\n<p><strong>Tuli Acosta<\/strong> tambi\u00e9n sum\u00f3 su saludo espont\u00e1neo a trav\u00e9s de una foto por redes sociales, deseando un simple \u201cFeliz cumple\u201d.<\/p>\n<p><img decoding=\"async\" width=\"577\" height=\"1025\" src=\"https:\/\/www.europesays.com\/es\/wp-content\/uploads\/2025\/10\/OT65Q46VYJBF7DJPKFYHAYS33Q.webp.webp\" loading=\"lazy\" alt=\"\" class=\"wp-image-618649\"\/>Nicki Nicole fue una de las invitadas de la artista.<\/p>\n<p>La anfitriona, quien eligi\u00f3 un <strong>mini mono color crema<\/strong> o vestido claro entallado y un maquillaje en tonos rosados, tambi\u00e9n comparti\u00f3 momentos con sus <strong>peque\u00f1as hijas<\/strong>, quienes se ve\u00edan jugando y disfrutando del festejo. Adem\u00e1s, en varias im\u00e1genes se vio a La Joaqui con su perro, <strong>Pistacho<\/strong>.<\/p>\n<p> La Joaqui eligi\u00f3 un cumplea\u00f1os <strong>sereno, est\u00e9tico y sincero<\/strong>, donde la m\u00fasica suave, la charla entre amigos y los gestos de complicidad fueron los protagonistas indiscutidos. Aunque no pudo estar f\u00edsicamente presente, su novio, Luck Ra, le dedic\u00f3 amorosas palabras en redes sociales.<\/p>\n<p>M\u00e1s fotos del cumplea\u00f1os de La Joaqui:<\/p>\n<p><img decoding=\"async\" width=\"577\" height=\"1025\" src=\"https:\/\/www.europesays.com\/es\/wp-content\/uploads\/2025\/10\/LAD7ZJQD3VFDNGJU5LKFDL5PKA.webp.webp\" loading=\"lazy\" alt=\"\" class=\"wp-image-618650\"\/>Sof\u00eda Gonet tambi\u00e9n dijo presente en esta fecha especial. <\/p>\n<p><img decoding=\"async\" width=\"577\" height=\"1025\" src=\"https:\/\/www.europesays.com\/es\/wp-content\/uploads\/2025\/10\/V66IYPKQOBCHNNL56WT73QORIA.webp.webp\" loading=\"lazy\" alt=\"\" class=\"wp-image-618651\"\/>Opciones dulces, saladas, bebidas fr\u00edas y calientes, as\u00ed fue el men\u00fa de la jornada. <\/p>\n<p><img decoding=\"async\" width=\"483\" height=\"856\" src=\"https:\/\/www.europesays.com\/es\/wp-content\/uploads\/2025\/10\/la-joaqui-celebro-su-cumpleanos-2125693.jpg.webp.webp\" loading=\"lazy\" alt=\"\" class=\"wp-image-618652\"\/>La Joaqui festej\u00f3 junto a su c\u00edrculo m\u00e1s cercano. Luck Ra y Cazzu no pudieron estar presente por compromisos profesionales. <\/p>\n<p><img decoding=\"async\" width=\"900\" height=\"1017\" src=\"https:\/\/www.europesays.com\/es\/wp-content\/uploads\/2025\/10\/la-joaqui-celebro-su-cumpleanos-2125691.jpg.webp.webp\" loading=\"lazy\" alt=\"\" class=\"wp-image-618653\"\/>El look total white de la cumplea\u00f1era. <\/p>\n<p><img decoding=\"async\" width=\"576\" height=\"1024\" src=\"https:\/\/www.europesays.com\/es\/wp-content\/uploads\/2025\/10\/MODOKQQ2O5DH7ECE5UUK6EYSEI-576x1024.webp.webp\" loading=\"lazy\" alt=\"\" class=\"wp-image-618654\"\/>Sus hijas y su mascota no pod\u00edan faltar en la celebraci\u00f3n.<\/p>\n<p>\t\t\t\t\u00a0 <\/p>\n<p>\t\t\t\t\t\t\t\t\tTEMAS<\/p>\n","protected":false},"excerpt":{"rendered":"La Joaqui celebr\u00f3 su cumplea\u00f1os n\u00famero 31 con una celebraci\u00f3n personal y delicada que opt\u00f3 por la serenidad&hellip;\n","protected":false},"author":2,"featured_media":202496,"comment_status":"","ping_status":"","sticky":false,"template":"","format":"standard","meta":{"footnotes":""},"categories":[174],"tags":[255,146,147,25,24,256,55540,55544,55543,55542,55541,23],"class_list":{"0":"post-202495","1":"post","2":"type-post","3":"status-publish","4":"format-standard","5":"has-post-thumbnail","7":"category-famosos","8":"tag-celebrities","9":"tag-entertainment","10":"tag-entretenimiento","11":"tag-es","12":"tag-espana","13":"tag-famosos","14":"tag-la-joaqui","15":"tag-la-joaqui-casa","16":"tag-la-joaqui-cumpleanos","17":"tag-la-joaqui-fiesta","18":"tag-la-joaqui-fotos","19":"tag-spain"},"share_on_mastodon":{"url":"https:\/\/pubeurope.com\/@es\/115442689621679536","error":""},"_links":{"self":[{"href":"https:\/\/www.europesays.com\/es\/wp-json\/wp\/v2\/posts\/202495","targetHints":{"allow":["GET"]}}],"collection":[{"href":"https:\/\/www.europesays.com\/es\/wp-json\/wp\/v2\/posts"}],"about":[{"href":"https:\/\/www.europesays.com\/es\/wp-json\/wp\/v2\/types\/post"}],"author":[{"embeddable":true,"href":"https:\/\/www.europesays.com\/es\/wp-json\/wp\/v2\/users\/2"}],"replies":[{"embeddable":true,"href":"https:\/\/www.europesays.com\/es\/wp-json\/wp\/v2\/comments?post=202495"}],"version-history":[{"count":0,"href":"https:\/\/www.europesays.com\/es\/wp-json\/wp\/v2\/posts\/202495\/revisions"}],"wp:featuredmedia":[{"embeddable":true,"href":"https:\/\/www.europesays.com\/es\/wp-json\/wp\/v2\/media\/202496"}],"wp:attachment":[{"href":"https:\/\/www.europesays.com\/es\/wp-json\/wp\/v2\/media?parent=202495"}],"wp:term":[{"taxonomy":"category","embeddable":true,"href":"https:\/\/www.europesays.com\/es\/wp-json\/wp\/v2\/categories?post=202495"},{"taxonomy":"post_tag","embeddable":true,"href":"https:\/\/www.europesays.com\/es\/wp-json\/wp\/v2\/tags?post=202495"}],"curies":[{"name":"wp","href":"https:\/\/api.w.org\/{rel}","templated":true}]}}