{"id":202504,"date":"2025-10-26T21:59:10","date_gmt":"2025-10-26T21:59:10","guid":{"rendered":"https:\/\/www.europesays.com\/es\/202504\/"},"modified":"2025-10-26T21:59:10","modified_gmt":"2025-10-26T21:59:10","slug":"pelo-fino-graso-o-con-canas-tempranas-tu-cuerpo-podria-estar-pidiendo-ayuda","status":"publish","type":"post","link":"https:\/\/www.europesays.com\/es\/202504\/","title":{"rendered":"\u00bfPelo fino, graso o con canas tempranas? Tu cuerpo podr\u00eda estar pidiendo ayuda"},"content":{"rendered":"<p data-start=\"578\" data-end=\"994\">Tu cabello no solo es una cuesti\u00f3n est\u00e9tica: tambi\u00e9n es un espejo de tu bienestar. Seg\u00fan el doctor <strong data-start=\"677\" data-end=\"699\">Christos Tziotzios<\/strong>, dermat\u00f3logo consultor del King\u2019s College de Londres, \u00abel pelo es producto de las c\u00e9lulas que viven en la piel, y su crecimiento depende de nutrientes, hormonas y factores ambientales\u00bb. En otras palabras, su brillo, fuerza o ca\u00edda pueden decirte mucho sobre c\u00f3mo est\u00e1 funcionando tu cuerpo.<\/p>\n<p><a target=\"_blank\" href=\"https:\/\/www.eldiarioalerta.com\/ads\/20250825121919569511\" rel=\"nofollow noopener\"> <img decoding=\"async\" src=\"https:\/\/www.europesays.com\/es\/wp-content\/uploads\/2025\/09\/2025082512184821607.gif\" alt=\"Publicidad 569511\" width=\"300\" height=\"300\" loading=\"lazy\"  \/> <\/a><\/p>\n<p><strong>Cabello fuerte y brillante: un reflejo de buena salud<\/strong><\/p>\n<p data-start=\"1062\" data-end=\"1454\">Un cabello largo, abundante y con brillo suele indicar <strong data-start=\"1117\" data-end=\"1184\">una dieta equilibrada y buenos niveles de vitaminas y minerales<\/strong>. Nutrientes como el hierro, el zinc o la biotina son esenciales para la regeneraci\u00f3n capilar. Adem\u00e1s, los expertos apuntan a que un cabello saludable tambi\u00e9n sugiere <strong data-start=\"1351\" data-end=\"1379\">ausencia de estr\u00e9s agudo<\/strong>, ya que el cortisol \u2014la hormona del estr\u00e9s\u2014 puede frenar el crecimiento.<\/p>\n<p data-start=\"1456\" data-end=\"1691\">Sin embargo, la longitud no siempre es determinante. Seg\u00fan el profesor <strong data-start=\"1527\" data-end=\"1544\">Desmond Tobin<\/strong>, del University College de Dubl\u00edn, el tiempo que tarda el cabello en caerse depende de la <strong data-start=\"1637\" data-end=\"1649\">gen\u00e9tica<\/strong>, no necesariamente de la salud general.<\/p>\n<p><strong>Cabello fino o con ca\u00edda: alerta de d\u00e9ficit o estr\u00e9s<\/strong><\/p>\n<p data-start=\"1758\" data-end=\"1973\">Si notas el cabello m\u00e1s fino o una ca\u00edda repentina, puede ser se\u00f1al de <strong data-start=\"1829\" data-end=\"1891\">deficiencia de hierro, zinc, cobre o vitaminas del grupo B<\/strong>. Estos micronutrientes son clave para mantener el ciclo de crecimiento capilar.<\/p>\n<p data-start=\"1975\" data-end=\"2174\">El estr\u00e9s prolongado y la falta de sue\u00f1o tambi\u00e9n aceleran la p\u00e9rdida de cabello. Dormir poco o vivir bajo tensi\u00f3n constante eleva los niveles de cortisol, afectando directamente al fol\u00edculo piloso.<\/p>\n<p><strong>Cabello graso: posible desequilibrio hormonal<\/strong><\/p>\n<p data-start=\"2234\" data-end=\"2489\">El exceso de grasa o sebo en el cuero cabelludo suele deberse a <strong data-start=\"2298\" data-end=\"2329\">una sobreproducci\u00f3n de sebo<\/strong>, una sustancia natural que hidrata el cabello. Cuando se produce en exceso, puede ser s\u00edntoma de <strong data-start=\"2427\" data-end=\"2454\">alteraciones hormonales<\/strong> o de un <strong data-start=\"2463\" data-end=\"2486\">hipotiroidismo leve<\/strong>.<\/p>\n<p data-start=\"2491\" data-end=\"2633\">Los dermat\u00f3logos advierten adem\u00e1s que el exceso de grasa puede alterar el <strong data-start=\"2565\" data-end=\"2599\">microbioma del cuero cabelludo<\/strong>, provocando irritaci\u00f3n o caspa.<\/p>\n<p><strong>Canas tempranas: m\u00e1s all\u00e1 del envejecimiento<\/strong><\/p>\n<p data-start=\"2692\" data-end=\"2940\">Aunque las canas suelen asociarse a la edad, su aparici\u00f3n temprana puede estar ligada a <strong data-start=\"2780\" data-end=\"2836\">factores gen\u00e9ticos, d\u00e9ficit de melanina o tabaquismo<\/strong>. Fumar acelera el envejecimiento del fol\u00edculo y aumenta la probabilidad de encanecer antes de los 30.<\/p>\n<p><strong>Cabello da\u00f1ado: contaminaci\u00f3n o cloro, los grandes enemigos<\/strong><\/p>\n<p data-start=\"3014\" data-end=\"3313\">Si tu cabello se rompe con facilidad o luce apagado, puede deberse a la <strong data-start=\"3086\" data-end=\"3116\">exposici\u00f3n a contaminantes<\/strong> o al <strong data-start=\"3122\" data-end=\"3160\">uso frecuente de piscinas cloradas<\/strong>. El cloro destruye la queratina natural del cabello y la contaminaci\u00f3n atmosf\u00e9rica puede degradar su estructura, provocando que pierda color y fuerza.<\/p>\n","protected":false},"excerpt":{"rendered":"Tu cabello no solo es una cuesti\u00f3n est\u00e9tica: tambi\u00e9n es un espejo de tu bienestar. Seg\u00fan el doctor&hellip;\n","protected":false},"author":2,"featured_media":202505,"comment_status":"","ping_status":"","sticky":false,"template":"","format":"standard","meta":{"footnotes":""},"categories":[92],"tags":[4251,16885,55548,25,24,165,166,23],"class_list":{"0":"post-202504","1":"post","2":"type-post","3":"status-publish","4":"format-standard","5":"has-post-thumbnail","7":"category-salud","8":"tag-bienestar","9":"tag-cabello","10":"tag-dieta-equilibrada","11":"tag-es","12":"tag-espana","13":"tag-health","14":"tag-salud","15":"tag-spain"},"share_on_mastodon":{"url":"https:\/\/pubeurope.com\/@es\/115442717230645923","error":""},"_links":{"self":[{"href":"https:\/\/www.europesays.com\/es\/wp-json\/wp\/v2\/posts\/202504","targetHints":{"allow":["GET"]}}],"collection":[{"href":"https:\/\/www.europesays.com\/es\/wp-json\/wp\/v2\/posts"}],"about":[{"href":"https:\/\/www.europesays.com\/es\/wp-json\/wp\/v2\/types\/post"}],"author":[{"embeddable":true,"href":"https:\/\/www.europesays.com\/es\/wp-json\/wp\/v2\/users\/2"}],"replies":[{"embeddable":true,"href":"https:\/\/www.europesays.com\/es\/wp-json\/wp\/v2\/comments?post=202504"}],"version-history":[{"count":0,"href":"https:\/\/www.europesays.com\/es\/wp-json\/wp\/v2\/posts\/202504\/revisions"}],"wp:featuredmedia":[{"embeddable":true,"href":"https:\/\/www.europesays.com\/es\/wp-json\/wp\/v2\/media\/202505"}],"wp:attachment":[{"href":"https:\/\/www.europesays.com\/es\/wp-json\/wp\/v2\/media?parent=202504"}],"wp:term":[{"taxonomy":"category","embeddable":true,"href":"https:\/\/www.europesays.com\/es\/wp-json\/wp\/v2\/categories?post=202504"},{"taxonomy":"post_tag","embeddable":true,"href":"https:\/\/www.europesays.com\/es\/wp-json\/wp\/v2\/tags?post=202504"}],"curies":[{"name":"wp","href":"https:\/\/api.w.org\/{rel}","templated":true}]}}