{"id":202512,"date":"2025-10-26T22:03:08","date_gmt":"2025-10-26T22:03:08","guid":{"rendered":"https:\/\/www.europesays.com\/es\/202512\/"},"modified":"2025-10-26T22:03:08","modified_gmt":"2025-10-26T22:03:08","slug":"elecciones-legislativas-en-argentina-2025-en-vivo-cierran-los-colegios-electorales-y-comienza-el-conteo-de-votos","status":"publish","type":"post","link":"https:\/\/www.europesays.com\/es\/202512\/","title":{"rendered":"Elecciones legislativas en Argentina 2025, en vivo | Cierran los colegios electorales y comienza el conteo de votos"},"content":{"rendered":"<p class=\"ev-title\">Cierran los colegios electorales en las legislativas argentinas<\/p>\n<p>A las seis de la tarde, hora local, han cerrado los colegios electorales en las legislativas nacionales celebradas desde domingo en Argentina, Habr\u00e1 que esperar tres horas para que la justicia electoral inicie la publicaci\u00f3n de los primeros resultados.<\/p>\n<p>Argentina renueva la mitad de la C\u00e1mara de Diputados y un tercio de los senadores. La Libertad Avanza, el partido de Gobierno, espera alcanzar al menos el tercio del total de votos, lo que le permitir\u00eda defender ante los inversores que su proyecto de recortes econ\u00f3micos tiene el apoyo popular suficiente para ser sustentable en el tiempo.\u00a0<\/p>\n<p>Del otro lado, el peronismo en todas sus versiones, ya sea kirchnerista o federal, aspira a mantener su clara supremac\u00eda en la provincia de Buenos Aires, donde el 7 de septiembre venci\u00f3 en las elecciones locales por casi 14 puntos a la ultraderecha. Una victoria en el total de votos le dar\u00eda ox\u00edgeno como fuerza opositora, tras la derrota electoral contra Milei en las presidenciales de 2023.<\/p>\n<p>\u00a0<\/p>\n","protected":false},"excerpt":{"rendered":"Cierran los colegios electorales en las legislativas argentinas A las seis de la tarde, hora local, han cerrado&hellip;\n","protected":false},"author":2,"featured_media":202513,"comment_status":"","ping_status":"","sticky":false,"template":"","format":"standard","meta":{"footnotes":""},"categories":[42],"tags":[889,283,17,18,4374,29581,44383,13,14,11,61,62,63,64,4245,19,20,1804,9,10,15,16,12867,12,21,22,65,66,67],"class_list":{"0":"post-202512","1":"post","2":"type-post","3":"status-publish","4":"format-standard","5":"has-post-thumbnail","7":"category-internacional","8":"tag-america","9":"tag-argentina","10":"tag-breaking-news","11":"tag-breakingnews","12":"tag-elecciones","13":"tag-elecciones-argentina","14":"tag-elecciones-legislativas","15":"tag-featured-news","16":"tag-featurednews","17":"tag-headlines","18":"tag-internacional","19":"tag-international","20":"tag-international-news","21":"tag-internationalnews","22":"tag-javier-milei","23":"tag-latest-news","24":"tag-latestnews","25":"tag-latinoamerica","26":"tag-news","27":"tag-noticias","28":"tag-noticias-destacadas","29":"tag-noticiasdestacadas","30":"tag-peronismo","31":"tag-titulares","32":"tag-ultimas-noticias","33":"tag-ultimasnoticias","34":"tag-world","35":"tag-world-news","36":"tag-worldnews"},"share_on_mastodon":{"url":"","error":"Validation failed: Text character limit of 500 exceeded"},"_links":{"self":[{"href":"https:\/\/www.europesays.com\/es\/wp-json\/wp\/v2\/posts\/202512","targetHints":{"allow":["GET"]}}],"collection":[{"href":"https:\/\/www.europesays.com\/es\/wp-json\/wp\/v2\/posts"}],"about":[{"href":"https:\/\/www.europesays.com\/es\/wp-json\/wp\/v2\/types\/post"}],"author":[{"embeddable":true,"href":"https:\/\/www.europesays.com\/es\/wp-json\/wp\/v2\/users\/2"}],"replies":[{"embeddable":true,"href":"https:\/\/www.europesays.com\/es\/wp-json\/wp\/v2\/comments?post=202512"}],"version-history":[{"count":0,"href":"https:\/\/www.europesays.com\/es\/wp-json\/wp\/v2\/posts\/202512\/revisions"}],"wp:featuredmedia":[{"embeddable":true,"href":"https:\/\/www.europesays.com\/es\/wp-json\/wp\/v2\/media\/202513"}],"wp:attachment":[{"href":"https:\/\/www.europesays.com\/es\/wp-json\/wp\/v2\/media?parent=202512"}],"wp:term":[{"taxonomy":"category","embeddable":true,"href":"https:\/\/www.europesays.com\/es\/wp-json\/wp\/v2\/categories?post=202512"},{"taxonomy":"post_tag","embeddable":true,"href":"https:\/\/www.europesays.com\/es\/wp-json\/wp\/v2\/tags?post=202512"}],"curies":[{"name":"wp","href":"https:\/\/api.w.org\/{rel}","templated":true}]}}