{"id":202524,"date":"2025-10-26T22:15:29","date_gmt":"2025-10-26T22:15:29","guid":{"rendered":"https:\/\/www.europesays.com\/es\/202524\/"},"modified":"2025-10-26T22:15:29","modified_gmt":"2025-10-26T22:15:29","slug":"rania-de-jordania-y-las-princesas-salma-y-rajwa-asisten-a-la-segunda-apertura-ordinaria-del-consejo-de-la-nacion","status":"publish","type":"post","link":"https:\/\/www.europesays.com\/es\/202524\/","title":{"rendered":"Rania de Jordania y las princesas Salma y Rajwa asisten a la segunda apertura ordinaria del Consejo de la Naci\u00f3n"},"content":{"rendered":"<p id=\"eZLio1hUR0\" data-wc=\"86\">La familia real de Jordania se ha reunido para presenciar el tradicional <strong>D<\/strong><strong>iscurso del Trono<\/strong> en la ceremonia inaugural de la segunda <strong>sesi\u00f3n ordinaria del XX Consejo del Parlamento<\/strong>. En presencia de la reina Rania (55) y la princesa Rajwa de Jordania (31), mujer del pr\u00edncipe Hussein y futura reina del pa\u00eds, el rey Abdal\u00e1 II ha inaugurado la sesi\u00f3n parlamentaria afirmando que el futuro de la naci\u00f3n \u00abno estar\u00e1 sujeto a pol\u00edticas que no se ajusten a sus intereses o se desv\u00eden de sus principios\u00bb.\u00a0<\/p>\n<p> <img src=\"https:\/\/www.europesays.com\/es\/wp-content\/uploads\/2025\/10\/5474c8ca414e-g4mazohxuaabxgt.jpg\"   width=\"1024\" height=\"682\" loading=\"lazy\" decoding=\"async\" alt=\"Inauguraci\u00f3n de la segunda sesi\u00f3n ordinaria del Parlamento\" fetchpriority=\"auto\" class=\"image ho-image\"\/>\u00a9 \u00a9 Royal Hashemite Court<\/p>\n<p> <img src=\"https:\/\/www.europesays.com\/es\/wp-content\/uploads\/2025\/10\/c8d4f233ef8e-g4mbwqqw8aazmlp.jpg\"   width=\"1024\" height=\"683\" loading=\"lazy\" decoding=\"async\" alt=\"La inauguraci\u00f3n de Su Majestad el Rey Abdullah II de la segunda sesi\u00f3n ordinaria del 20.\u00ba Parlamento&#10;\" fetchpriority=\"auto\" class=\"image ho-image\"\/>\u00a9 @RHCJOEl Rey Abdullah II en la segunda sesi\u00f3n ordinaria del 20.\u00ba Consejo del Parlamento<\/p>\n<p id=\"er5o9rl8p0s\" data-wc=\"81\">El Rey ha descrito a Jordania como \u00abuna naci\u00f3n con una identidad inquebrantable, comprometida con la preservaci\u00f3n de su herencia hachemita y sus valores \u00e1rabes y humanos\u00bb. Rania ha compartido diversas im\u00e1genes del solemne acto, y en las que se ha podido ver a la familia real hachemita casi al completo. Durante la inauguraci\u00f3n, <strong>Rania ha estado acompa\u00f1ada por\u00a0<\/strong><strong>Rawja, que asiste por segunda vez al pa\u00eds tras su boda con Hussein<\/strong>, Adem\u00e1s, la princesa Salma (25) tambi\u00e9n ha estado presente.<\/p>\n<p> <img src=\"https:\/\/www.europesays.com\/es\/wp-content\/uploads\/2025\/10\/fbe0ce7e2433-snapinstato572412638185440449580054306965525978969808136n.jpg\"   width=\"819\" height=\"1024\" loading=\"lazy\" decoding=\"async\" alt=\"La reina Rania de Jordania en la segunda sesi\u00f3n ordinaria del 20.\u00ba Consejo del Parlamento\" fetchpriority=\"auto\" class=\"image ho-image\"\/>\u00a9 \u00a9 Royal Hashemite CourtLa reina Rania de Jordania en la segunda sesi\u00f3n ordinaria del 20.\u00ba Consejo del Parlamento<\/p>\n<p> <img src=\"https:\/\/www.europesays.com\/es\/wp-content\/uploads\/2025\/10\/91f099910e66-6.jpg\"   width=\"682\" height=\"1024\" loading=\"lazy\" decoding=\"async\" alt=\"La princesa Salma, hija de Rania de Jordania\" fetchpriority=\"auto\" class=\"image ho-image\"\/>\u00a9 \u00a9 Royal Hashemite Court<\/p>\n<p> <img src=\"https:\/\/www.europesays.com\/es\/wp-content\/uploads\/2025\/10\/a1f5d6071b3d-snapinstato571569097185440449700054304125574737560030075n.jpg\"   width=\"819\" height=\"1024\" loading=\"lazy\" decoding=\"async\" alt=\"La reina Rania de Jordania junto a su hija Salma \" fetchpriority=\"auto\" class=\"image ho-image\"\/>\u00a9 \u00a9 Royal Hashemite CourtLa reina Rania de Jordania junto a su hija Salma <\/p>\n<p id=\"e8RJ2sc0Ryw\" data-wc=\"82\">Hace unos d\u00edas, \u00a1HOLA! hablaba del <a class=\"hm-link ho-link\" href=\"https:\/\/www.hola.com\/realeza\/20251020861931\/rajwa-de-jordania-nueva-joya-analisis-paso-importante\/\" rel=\"noopener nofollow\" target=\"_blank\" data-mrf-recirculation=\"article-body-link\">paso al frente que la princesa Rajwa hab\u00eda dado en su visita oficial a Francia y Reino Unido<\/a> junto a su marido, el pr\u00edncipe Hussein: un viaje con tintes diplom\u00e1ticos que marca un momento de inflexi\u00f3n en el aparente discreto papel que hab\u00eda tenido hasta la fecha. Como futura reina de Jordania, su presencia en esta jornada tan importante para el pa\u00eds supone su incursi\u00f3n en la esfera internacional como figura clave de la realeza jordana.\u00a0<\/p>\n<p> <img src=\"https:\/\/www.europesays.com\/es\/wp-content\/uploads\/2025\/10\/847dc197699e-g4mb6ryxqaa4wn7.jpg\"   width=\"1024\" height=\"682\" loading=\"lazy\" decoding=\"async\" alt=\"Inauguraci\u00f3n de la segunda sesi\u00f3n ordinaria del Parlamento\" fetchpriority=\"auto\" class=\"image ho-image\"\/>\u00a9 \u00a9 Royal Hashemite Court<\/p>\n<p> <img src=\"https:\/\/www.europesays.com\/es\/wp-content\/uploads\/2025\/10\/e83bcba3705c-snapinstato570577445185440449790054303271729196755716463n.jpg\"   width=\"819\" height=\"1024\" loading=\"lazy\" decoding=\"async\" alt=\"Rania de Jordania junto a su nuera, la princesa Rajwa, y su hija Salma\" fetchpriority=\"auto\" class=\"image ho-image\"\/>\u00a9 \u00a9 Royal Hashemite CourtRania de Jordania junto a su nuera, la princesa Rajwa, y su hija Salma<\/p>\n<p id=\"eKafEWBdtg\" data-wc=\"91\">Posar en esta segunda sesi\u00f3n ordinaria del XX Consejo del Parlamento supone, adem\u00e1s de un nuevo acercamiento a la agenda oficial del pa\u00eds, un ejemplo de c\u00f3mo <strong>Rajwa quiere estar a la altura y seguir los pasos de su suegra, la reina Rania<\/strong>, un referente de la mujer \u00e1rabe moderna y un s\u00edmbolo de liderazgo en el mundo. Que la princesa acompa\u00f1e a su marido a los diversos eventos diplom\u00e1ticos de los que ha sido testigo en las \u00faltimas semanas refleja la confianza que la monarqu\u00eda hachemita ha depositado en ella.\u00a0<\/p>\n<p> <img src=\"https:\/\/www.europesays.com\/es\/wp-content\/uploads\/2025\/10\/3eef364ce716-snapinstato572275652185440449460054304671625136902531490n.jpg\"   width=\"819\" height=\"1024\" loading=\"lazy\" decoding=\"async\" alt=\"El pr\u00edncipe Hussein, el rey Abdullah II y la reina Rania de Jordania\" fetchpriority=\"auto\" class=\"image ho-image\"\/>\u00a9 \u00a9 Royal Hashemite CourtEl pr\u00edncipe Hussein, el rey Abdullah II y la reina Rania de Jordania<\/p>\n<p> <img src=\"https:\/\/www.europesays.com\/es\/wp-content\/uploads\/2025\/10\/54b706c6c0ce-2.jpg\"   width=\"682\" height=\"1024\" loading=\"lazy\" decoding=\"async\" alt=\"Rania de Jordania en la apertura del Parlamento hachemita en Am\u00e1n, 2025\" fetchpriority=\"auto\" class=\"image ho-image\"\/>\u00a9 \u00a9 Royal Hashemite Court<\/p>\n<p id=\"erakIul76Y\" data-wc=\"82\">Estar presente en esta fecha tan se\u00f1alada para Jordania, y compartir plano con la reina y su hija, es, sin duda, un nuevo movimiento que confirma su af\u00e1n por tener mayor presencia en los actos oficiales del pa\u00eds. Son sus primeros pasos en un mundo en el que Rania de Jordania ha demostrado tener soltura, presencia y elegancia, erigi\u00e9ndose como un emblema de la diplomacia. No en vano, <a class=\"hm-link ho-link\" href=\"https:\/\/www.hola.com\/realeza\/20251015861637\/abdala-y-rania-de-jordania-primeros-reyes-en-visitar-al-nuevo-papa-leon-xiv\/\" data-mrf-recirculation=\"article-body-link\" rel=\"nofollow noopener\" target=\"_blank\">los Reyes jordanos fueron los primeros en reunirse con el nuevo papa, Le\u00f3n XVI<\/a>.\u00a0<\/p>\n<p> <img src=\"https:\/\/www.europesays.com\/es\/wp-content\/uploads\/2025\/10\/9df70a96aae4-g4maiymwoaejafd.jpg\"   width=\"1024\" height=\"810\" loading=\"lazy\" decoding=\"async\" alt=\"El rey Abdal\u00e1 II \" fetchpriority=\"auto\" class=\"image ho-image\"\/>\u00a9 \u00a9 Royal Hashemite CourtEl rey Abdal\u00e1 II<br \/>\n32 a\u00f1os de matrimonio<\/p>\n<p id=\"euoGY68pb5\" data-wc=\"78\">El pasado 10 de junio, <a class=\"hm-link ho-link\" href=\"https:\/\/www.hola.com\/realeza\/20250610837116\/reina-rania-celebra-sus-32-anos-de-matrimonio-con-el-rey-abdala-de-jordania-mensaje\/\" data-mrf-recirculation=\"article-body-link\" rel=\"nofollow noopener\" target=\"_blank\">Rania y Abdal\u00e1 II de Jordania celebraron 32 a\u00f1os de matrimonio<\/a>, una uni\u00f3n y una historia de amor que ha supuesto un cambio de paradigma para la monarqu\u00eda hachemita, dando una imagen sin precedentes de continuidad, estabilidad, unidad y modernidad. <strong>\u00ab\u00a1C\u00f3mo no apoyarme en tu coraz\u00f3n si todo un pa\u00eds se apoya en ti! Cada a\u00f1o, eres mi apoyo y mi compa\u00f1ero. Siempre ser\u00e1s mi hogar. Feliz Aniversario\u00bb<\/strong>, declar\u00f3 la reina en funciones.\u00a0<\/p>\n<p> <img src=\"https:\/\/www.europesays.com\/es\/wp-content\/uploads\/2025\/10\/12c2d894affd-dla00128624002.jpg\"   width=\"1024\" height=\"724\" loading=\"lazy\" decoding=\"async\" alt=\"Boda Rania de Jordania\" fetchpriority=\"auto\" class=\"image ho-image\"\/>\u00a9 GTRES<\/p>\n<p id=\"eGZSQGMsBem\" data-wc=\"69\">Juntos han convertido a su casa en un s\u00edmbolo de progreso y su liderazgo ha dado a Jordania una imagen diversa. No hay que olvidar que, dentro de su monarqu\u00eda constitucional y parlamentaria, el jefe del Estado tiene autoridad para nombrar al primer ministro y al gabinete, as\u00ed como disolver el Parlamento y convocar elecciones, adem\u00e1s de poseer una influencia significativa en la pol\u00edtica interna y externa del pa\u00eds.<\/p>\n<p> <img src=\"https:\/\/www.europesays.com\/es\/wp-content\/uploads\/2025\/10\/41258c25a953-img.jpg\"   width=\"819\" height=\"1024\" loading=\"lazy\" decoding=\"async\" alt=\"La reina Rania de Jordania cumple 55 a\u00f1os\" fetchpriority=\"auto\" class=\"image ho-image\"\/>\u00a9 \u00a9Corte Real Hachemita<\/p>\n","protected":false},"excerpt":{"rendered":"La familia real de Jordania se ha reunido para presenciar el tradicional Discurso del Trono en la ceremonia&hellip;\n","protected":false},"author":2,"featured_media":202525,"comment_status":"","ping_status":"","sticky":false,"template":"","format":"standard","meta":{"footnotes":""},"categories":[174],"tags":[55564,255,146,147,25,24,256,55563,55566,27582,1027,55565,23],"class_list":{"0":"post-202524","1":"post","2":"type-post","3":"status-publish","4":"format-standard","5":"has-post-thumbnail","7":"category-famosos","8":"tag-abdala-de-jordania","9":"tag-celebrities","10":"tag-entertainment","11":"tag-entretenimiento","12":"tag-es","13":"tag-espana","14":"tag-famosos","15":"tag-hussein-de-jordania","16":"tag-rajwa-de-jordania","17":"tag-rania-de-jordania","18":"tag-realeza","19":"tag-salma-de-jordania","20":"tag-spain"},"share_on_mastodon":{"url":"https:\/\/pubeurope.com\/@es\/115442780382578936","error":""},"_links":{"self":[{"href":"https:\/\/www.europesays.com\/es\/wp-json\/wp\/v2\/posts\/202524","targetHints":{"allow":["GET"]}}],"collection":[{"href":"https:\/\/www.europesays.com\/es\/wp-json\/wp\/v2\/posts"}],"about":[{"href":"https:\/\/www.europesays.com\/es\/wp-json\/wp\/v2\/types\/post"}],"author":[{"embeddable":true,"href":"https:\/\/www.europesays.com\/es\/wp-json\/wp\/v2\/users\/2"}],"replies":[{"embeddable":true,"href":"https:\/\/www.europesays.com\/es\/wp-json\/wp\/v2\/comments?post=202524"}],"version-history":[{"count":0,"href":"https:\/\/www.europesays.com\/es\/wp-json\/wp\/v2\/posts\/202524\/revisions"}],"wp:featuredmedia":[{"embeddable":true,"href":"https:\/\/www.europesays.com\/es\/wp-json\/wp\/v2\/media\/202525"}],"wp:attachment":[{"href":"https:\/\/www.europesays.com\/es\/wp-json\/wp\/v2\/media?parent=202524"}],"wp:term":[{"taxonomy":"category","embeddable":true,"href":"https:\/\/www.europesays.com\/es\/wp-json\/wp\/v2\/categories?post=202524"},{"taxonomy":"post_tag","embeddable":true,"href":"https:\/\/www.europesays.com\/es\/wp-json\/wp\/v2\/tags?post=202524"}],"curies":[{"name":"wp","href":"https:\/\/api.w.org\/{rel}","templated":true}]}}