{"id":202526,"date":"2025-10-26T22:16:20","date_gmt":"2025-10-26T22:16:20","guid":{"rendered":"https:\/\/www.europesays.com\/es\/202526\/"},"modified":"2025-10-26T22:16:20","modified_gmt":"2025-10-26T22:16:20","slug":"salir-de-lo-figurativo-ayuda-a-ver-las-caracteristicas-de-la-pintura","status":"publish","type":"post","link":"https:\/\/www.europesays.com\/es\/202526\/","title":{"rendered":"\u00abSalir de lo figurativo ayuda a ver las caracter\u00edsticas de la pintura\u00bb"},"content":{"rendered":"<p class=\"v-mdl-ath__p v-mdl-ath__p--6\">\nS\u00e1bado, 25 de octubre 2025, 21:24<\/p>\n<p class=\"v-p\">GazteArtean Expo es un programa que naci\u00f3 hace exactamente diez a\u00f1os, en noviembre de 2015, con el objetivo de acercar el arte de j\u00f3venes creadores de la comarca y su entorno a los usuarios y usuarias del Gazteleku Martindozenea. Una d\u00e9cada en la que desde los formatos y los modelos de expresi\u00f3n m\u00e1s diversos, desde la variedad t\u00e9cnica y conceptual, se ha creado una mirada de cercan\u00eda hacia el arte contempor\u00e1neo, reforzada en los \u00faltimos tiempos con la celebraci\u00f3n de un taller a cargo del o la artista que expone.<\/p>\n<p class=\"v-p\">La semana pasada se abri\u00f3 la muestra de la hondarribitarra Ane G\u00f3mez y en la misma jornada de apertura tuvo lugar el taller. Su exposici\u00f3n la componen cuadros y &#8216;prints&#8217; (impresiones a color), \u00abun formato m\u00e1s econ\u00f3mico que creo que ayuda a que la gente joven acceda al arte\u00bb, valora ella.<\/p>\n<p class=\"v-p\">La clave de su propuesta, sin embargo, no est\u00e1 en la forma sino en el contenido. \u00abCuando hac\u00eda Bellas Artes en Bilbao empec\u00e9 una serie sobre figuras femeninas en la que sigo trabajando e investigando\u00bb. Hubo un giro en su estilo cuando con 20 a\u00f1os fue a Colombia a hacer un m\u00e1ster. \u00abQuise hacer cosas nuevas y me acerqu\u00e9 a la abstracci\u00f3n\u00bb. Empezaba a sentir \u00abm\u00e1s inter\u00e9s en las caracter\u00edsticas de la pintura (el movimiento del pincel, las veladuras, la materia que queda al pasar la pincelada, el color, las capas&#8230;) que en la composici\u00f3n o el dibujo. La abstracci\u00f3n, al abandonar lo figurativo, permite que la gente se fije m\u00e1s en esas caracter\u00edsticas\u00bb.<\/p>\n<p>\nAne G\u00f3mez Pintora y muralista\u00abSoy de Hondarribia, viv\u00ed en Colombia siete a\u00f1os y desde marzo me he afincado en Madrid\u00bb\n<\/p>\n<p class=\"v-p\">Ella dio el salto partiendo de sus cuadros de mujeres, \u00abfotografiando fragmentos que me parec\u00edan interesantes por sus caracter\u00edsticas y repint\u00e1ndolos por separado\u00bb. Eso es lo que se puede ver en Martindozenea estos d\u00edas, uno de los cuadros de mujeres y las distintas &#8216;ampliaciones&#8217; nacidas de \u00e9l. \u00abY es el ejercicio que hicimos tambi\u00e9n con los que participaron en el taller: hicieron fotos de fragmentos del cuadro e interpretaron las fotos en un lienzo\u00bb. Es una manera de colaborar en que \u00abla sociedad futura mire el arte de otra manera. En el Bidasoa, como en muchos sitios, se valora mucho el paisajismo, que a m\u00ed me encanta, pero creo que debemos ense\u00f1ar a las pr\u00f3ximas generaciones que hay cosas nuevas en el arte que tambi\u00e9n son interesantes\u00bb.<\/p>\n<p>De Colombia a Madrid<\/p>\n<p class=\"v-p\">Ane G\u00f3mez (@a.gomezart para quien quiera ver instagram su trabajo) se qued\u00f3 en Colombia tras aquel m\u00e1ster y ha vivido all\u00ed siete a\u00f1os creciendo \u00abcomo muralista y pintora. Volv\u00ed en marzo y me afinqu\u00e9 en Madrid. Vine con todo en unas pocas maletas a buscarme la vida. Algunos meses van mejor y otros peor, pero en general estoy consigui\u00e9ndolo\u00bb.<\/p>\n<p class=\"v-p\">Acude cada d\u00eda a Espacio Oculto, un taller de creaci\u00f3n compartido por varios artistas en el distrito de Usera, como quien va a la oficina, \u00abs\u00f3lo que yo voy a pintar. Tambi\u00e9n a buscar concursos, proyectos y trabajos y no s\u00f3lo en Madrid: por toda la pen\u00ednsula, tambi\u00e9n en Europa y, en realidad, en cualquier sitio del mundo, como pintora o como muralista. Trabajo donde haga falta\u00bb.<\/p>\n<p class=\"v-p\">Tambi\u00e9n en la comarca, donde antes de esta exposici\u00f3n realiz\u00f3 uno de los murales de la feria Ribera, en Santiago, bajo la variante. Ha hecho otro proyecto en el Bidasoa, \u00abpero no puedo contarlo a\u00fan. Pronto se presentar\u00e1\u00bb.<\/p>\n<p>Reporta un error<\/p>\n","protected":false},"excerpt":{"rendered":"S\u00e1bado, 25 de octubre 2025, 21:24 GazteArtean Expo es un programa que naci\u00f3 hace exactamente diez a\u00f1os, en&hellip;\n","protected":false},"author":2,"featured_media":202527,"comment_status":"","ping_status":"","sticky":false,"template":"","format":"standard","meta":{"footnotes":""},"categories":[173],"tags":[229,233,231,230,3229,26096,232,234,146,147,25,24,55567,503,16427,23,809],"class_list":{"0":"post-202526","1":"post","2":"type-post","3":"status-publish","4":"format-standard","5":"has-post-thumbnail","7":"category-arte-y-diseno","8":"tag-arte","9":"tag-arte-y-diseno","10":"tag-arts","11":"tag-arts-and-design","12":"tag-ayuda","13":"tag-caracteristicas","14":"tag-design","15":"tag-diseno","16":"tag-entertainment","17":"tag-entretenimiento","18":"tag-es","19":"tag-espana","20":"tag-figurativo","21":"tag-pintura","22":"tag-salir","23":"tag-spain","24":"tag-ver"},"share_on_mastodon":{"url":"https:\/\/pubeurope.com\/@es\/115442783590378366","error":""},"_links":{"self":[{"href":"https:\/\/www.europesays.com\/es\/wp-json\/wp\/v2\/posts\/202526","targetHints":{"allow":["GET"]}}],"collection":[{"href":"https:\/\/www.europesays.com\/es\/wp-json\/wp\/v2\/posts"}],"about":[{"href":"https:\/\/www.europesays.com\/es\/wp-json\/wp\/v2\/types\/post"}],"author":[{"embeddable":true,"href":"https:\/\/www.europesays.com\/es\/wp-json\/wp\/v2\/users\/2"}],"replies":[{"embeddable":true,"href":"https:\/\/www.europesays.com\/es\/wp-json\/wp\/v2\/comments?post=202526"}],"version-history":[{"count":0,"href":"https:\/\/www.europesays.com\/es\/wp-json\/wp\/v2\/posts\/202526\/revisions"}],"wp:featuredmedia":[{"embeddable":true,"href":"https:\/\/www.europesays.com\/es\/wp-json\/wp\/v2\/media\/202527"}],"wp:attachment":[{"href":"https:\/\/www.europesays.com\/es\/wp-json\/wp\/v2\/media?parent=202526"}],"wp:term":[{"taxonomy":"category","embeddable":true,"href":"https:\/\/www.europesays.com\/es\/wp-json\/wp\/v2\/categories?post=202526"},{"taxonomy":"post_tag","embeddable":true,"href":"https:\/\/www.europesays.com\/es\/wp-json\/wp\/v2\/tags?post=202526"}],"curies":[{"name":"wp","href":"https:\/\/api.w.org\/{rel}","templated":true}]}}