{"id":202528,"date":"2025-10-26T22:18:20","date_gmt":"2025-10-26T22:18:20","guid":{"rendered":"https:\/\/www.europesays.com\/es\/202528\/"},"modified":"2025-10-26T22:18:20","modified_gmt":"2025-10-26T22:18:20","slug":"un-temporal-de-48-horas-lleva-a-adara-molinero-al-limite-y-destroza-la-playa-de-supervivientes-all-stars","status":"publish","type":"post","link":"https:\/\/www.europesays.com\/es\/202528\/","title":{"rendered":"Un temporal de 48 horas lleva a Adara Molinero al l\u00edmite y destroza la playa de Supervivientes All Stars"},"content":{"rendered":"<p data-journey-content=\"true\" data-node-id=\"3\" class=\"css-6wxqfj emevuu60\"><a href=\"https:\/\/diezminutos.es\/supervivientes-television\" target=\"_blank\" data-node-id=\"3.0\" class=\"css-177bzfx emevuu60\" rel=\"nofollow noopener\">Supervivientes All Stars 2025<\/a> est\u00e1 viviendo sus horas m\u00e1s duras. <a href=\"https:\/\/www.diezminutos.es\/teleprograma\/programas-tv\/a69066490\/supervivientes-all-stars-cambio-dinamica-expulsion-domingo-final\/\" target=\"_blank\" data-vars-ga-outbound-link=\"https:\/\/www.diezminutos.es\/teleprograma\/programas-tv\/a69066490\/supervivientes-all-stars-cambio-dinamica-expulsion-domingo-final\/\" data-vars-ga-ux-element=\"Hyperlink\" data-vars-ga-call-to-action=\"Apenas a 4 d\u00edas de la final, \" data-node-id=\"3.2\" class=\"body-link css-177bzfx emevuu60\" rel=\"nofollow noopener\">Apenas a 4 d\u00edas de la final, <\/a>que se vivir\u00e1 desde Honduras, Miri, Jessica, Adara, Torres y Tony han vivido un infierno total en la playa Leyenda. Durante 48 horas ha llovido sin parar debido a un temporal que est\u00e1 azotando las islas en las que graban el reality. Unas lluvias a las que ya no saben c\u00f3mo hacer frente. <strong data-node-id=\"3.4\">\u00abCada vez llov\u00eda m\u00e1s y en menos tiempo\u00bb, dec\u00eda Miri P\u00e9rez-Cabrero que se romp\u00eda al recordar. <\/strong>\u00abDa miedo. Ha sido muy duro f\u00edsica y mentalmente. No hab\u00eda nada que hacer y no pod\u00edamos hacer nada. Era algo que nos estaba consumiendo\u00bb, a\u00f1ad\u00eda.<\/p>\n<p><img draggable=\"true\" alt=\"supervivientes all stars\" title=\"supervivientes all stars\" loading=\"lazy\" width=\"2500\" height=\"1394\" decoding=\"async\" data-nimg=\"1\" style=\"color:transparent;width:100%;height:auto;\"   src=\"https:\/\/www.europesays.com\/es\/wp-content\/uploads\/2025\/10\/supervivientes-allstars-68fe92808c20c.jpg\" class=\"css-0 e1g79fud0\"\/><\/p>\n<p>Telecinco<\/p>\n<p data-journey-content=\"true\" data-node-id=\"7\" class=\"css-6wxqfj emevuu60\">\u00abAhora parece que hay sol pero no nos podemos fiar porque puede llover otra vez. Apenas hay playa, uno intenta estar animado pero es imposible\u00bb, confesaba Tony Spina en la conexi\u00f3n con Sandra Barneda. <strong data-node-id=\"7.1\">\u00abDe golpe hay sol y empieza a llover incluso cuando hay nube&#8230; <\/strong>ya nos est\u00e1 superando la tormenta. Tenemos los pies arrugados porque est\u00e1s todo el d\u00eda empapado\u00bb, apuntaba Rub\u00e9n Torres. \u00abEstamos sin poder descansar, estamos agotados\u00bb, a\u00f1ad\u00eda Jessica Bueno.<\/p>\n<p>Tres d\u00edas y sus noches, con lluvia<\/p>\n<p data-journey-content=\"true\" data-node-id=\"10\" class=\"css-6wxqfj emevuu60\">Tras una primera noche de tormenta, la playa hab\u00eda pr\u00e1cticamente desaparecido. Pero esto no paraba. <strong data-node-id=\"10.1\">Pocas horas despu\u00e9s de amanecer, empezaba a llover y subir la marea<\/strong>. \u00abComo venga muy fuerte se nos inunda todo\u00bb, dec\u00eda Torres mientras preparaban una especie de dique de contenci\u00f3n para afianzar su caba\u00f1a. Un dique que duraba apenas unos minutos ante la subida de la marea.<\/p>\n<p><img draggable=\"true\" alt=\"jessica bueno miri supervivientes tormenta\" title=\"jessica bueno miri supervivientes tormenta\" loading=\"lazy\" width=\"2530\" height=\"1434\" decoding=\"async\" data-nimg=\"1\" style=\"color:transparent;width:100%;height:auto;\"   src=\"https:\/\/www.europesays.com\/es\/wp-content\/uploads\/2025\/10\/tormenta-supervivientes-68fe92a5bf820.jpg\" class=\"css-0 e1g79fud0\"\/><\/p>\n<p>Telecinco<\/p>\n<p data-journey-content=\"true\" data-node-id=\"15\" class=\"css-6wxqfj emevuu60\">Torres alertaba de que el agua no solo estaba cayendo del cielo, sino que se hab\u00eda formado incluso una riada desde lo alto de la monta\u00f1a: <strong data-node-id=\"15.1\">\u00abEst\u00e1 cayendo el agua de la monta\u00f1a como si fuera un r\u00edo. <\/strong>Donde yo dorm\u00eda no hay playa\u00bb. <\/p>\n<p>Adara Molinero colapsa en medio de la tormenta<\/p>\n<p data-journey-content=\"true\" data-node-id=\"18\" class=\"css-6wxqfj emevuu60\">Una nueva tormenta de noche, hac\u00eda que el refugio que se hab\u00edan montado se inundara incluso debajo de la lona, cayendo el agua a chorro. Y aunque <a href=\"https:\/\/www.diezminutos.es\/teleprograma\/programas-tv\/a67985939\/adara-molinero-activa-protocolo-abandono-supervivientes-all-stars\/\" target=\"_blank\" data-vars-ga-outbound-link=\"https:\/\/www.diezminutos.es\/teleprograma\/programas-tv\/a67985939\/adara-molinero-activa-protocolo-abandono-supervivientes-all-stars\/\" data-vars-ga-ux-element=\"Hyperlink\" data-vars-ga-call-to-action=\"Adara hab\u00eda sobrevivido bien a los episodios anteriores de lluvia\" data-node-id=\"18.1\" class=\"body-link css-177bzfx emevuu60\" rel=\"nofollow noopener\">Adara hab\u00eda sobrevivido bien a los episodios anteriores de lluvia<\/a>, esto la llevaba al l\u00edmite. \u00ab\u00bfQu\u00e9 m\u00e1s tiene que pasar, qu\u00e9 hacemos?\u00bb, dec\u00eda pidiendo directamente la evacuaci\u00f3n, algo que, <a href=\"https:\/\/www.diezminutos.es\/teleprograma\/programas-tv\/a68106322\/tormenta-historica-apagon-palapa-destroza-playas-supervivientes-all-stars-2025\/\" target=\"_blank\" data-vars-ga-outbound-link=\"https:\/\/www.diezminutos.es\/teleprograma\/programas-tv\/a68106322\/tormenta-historica-apagon-palapa-destroza-playas-supervivientes-all-stars-2025\/\" data-vars-ga-ux-element=\"Hyperlink\" data-vars-ga-call-to-action=\"a pesar de la dureza de las condiciones de esta edici\u00f3n, \" data-node-id=\"18.3\" class=\"body-link css-177bzfx emevuu60\" rel=\"nofollow noopener\">a pesar de la dureza de las condiciones de esta edici\u00f3n, <\/a>no se ha ofrecido. \u00abEs inhumano esto. Estamos todos igual. <strong data-node-id=\"18.5\">Estoy de pie, pisando agua, porque no tengo donde estar. Tengo el saco lleno de agua. Que nos saquen de aqu\u00ed, que no puedo<\/strong>\u00ab, gritaba mientras sus compa\u00f1eros no pod\u00edan tampoco sostener la situaci\u00f3n. <\/p>\n<p><img draggable=\"true\" alt=\"adara molinero supervivientes\" title=\"adara molinero supervivientes\" loading=\"lazy\" width=\"2500\" height=\"1441\" decoding=\"async\" data-nimg=\"1\" style=\"color:transparent;width:100%;height:auto;\"   src=\"https:\/\/www.europesays.com\/es\/wp-content\/uploads\/2025\/10\/adara-molinero-68fe9398b1590.jpg\" class=\"css-0 e1g79fud0\"\/><\/p>\n<p>Telecinco<\/p>\n<p data-journey-content=\"true\" data-node-id=\"21\" class=\"css-6wxqfj emevuu60\">Al ver de nuevo las im\u00e1genes, la concursante no pod\u00eda incluso escucharse sin llorar. \u00abEntr\u00e9 en p\u00e1nico\u00bb, explicaba. \u00abAdara expres\u00f3 lo que est\u00e1bamos sintiendo todos en ese momento. <strong data-node-id=\"21.1\">Est\u00e1bamos todos igual\u00bb, explicaban Miri y Torres,<\/strong> quienes siempre le hab\u00edan criticado por estos estallidos de la concursante, porque, hasta ahora, siempre estallaba contra alguien. \u00abPod\u00eda parar de llover pero estaba ya todo mojado y no ten\u00edamos donde tumbarnos, ni d\u00f3nde estar\u00bb, apuntaba Jessica.<br data-node-id=\"21.3\"\/><\/p>\n<p>La situaci\u00f3n se complica en la recta final de Supervivientes All Stars<\/p>\n<p data-journey-content=\"true\" data-node-id=\"24\" class=\"css-6wxqfj emevuu60\">Los pr\u00f3ximos d\u00edas no se espera que sean mejores, y es que <strong data-node-id=\"24.1\">los finalistas se mudan a Cayo Paloma<\/strong>. Una noticia que todos han acogido con mucha emoci\u00f3n, incluso llorando, y es que el temporal hab\u00eda destrozado por completo la Playa Leyenda. La mudanza ha sido en directo con tan solo minuto y medio de tiempo, dejando la lona grande y dos esterillas en el camino. <\/p>\n<p><img draggable=\"true\" alt=\"supervivientes all stars mudanza\" title=\"supervivientes all stars mudanza\" loading=\"lazy\" width=\"2557\" height=\"1404\" decoding=\"async\" data-nimg=\"1\" style=\"color:transparent;width:100%;height:auto;\"   src=\"https:\/\/www.europesays.com\/es\/wp-content\/uploads\/2025\/10\/mudanza-cayo-paloma-68fe936aee3d7.jpg\" class=\"css-0 e1g79fud0\"\/><\/p>\n<p>Telecinco<\/p>\n<p data-journey-content=\"true\" data-node-id=\"27\" class=\"css-6wxqfj emevuu60\">Pero la situaci\u00f3n extrema parece que no va a ser mucho mejor en su nueva ubicaci\u00f3n. <strong data-node-id=\"27.1\">\u00abApenas tienen sitio donde refugiarse y no van a poder pescar por el estado del mar.<\/strong> Y los temporales les van a pillar sin protecci\u00f3n en aquella diminuta isla\u00bb, ha recordado Laura Madrue\u00f1o. Eso s\u00ed, todos estaban emocionados de llegar por lo que supone. \u00abCon todo lo que hemos vivido, un cambio de aires y estar aqu\u00ed, que sabemos que estamos cerca del objetivo, da ganas de seguir\u00bb, apuntaban. Veremos c\u00f3mo se enfrentan a esta nueva situaci\u00f3n.<\/p>\n<p><img src=\"https:\/\/www.europesays.com\/es\/wp-content\/uploads\/2025\/10\/1761517100_599_323095e3-d675-4360-ad79-c3a735f161a1_1681830139.file\" alt=\"Headshot of Aroa D\u00edaz\" title=\"Headshot of Aroa D\u00edaz\" width=\"100%\" height=\"100%\" decoding=\"async\" loading=\"lazy\" class=\"css-o0wq4v ev8dhu53\"\/><\/p>\n<p>Aroa D\u00edaz es experta en realities, televisi\u00f3n y actualidad en general. No hay momento del d\u00eda en el que no tenga encendida la televisi\u00f3n conociendo los \u00faltimos desvelos de los famosos, disfrutando de los realities como Supervivientes o de los concursos m\u00e1s rocambolescos. Las \u00faltimas novedades de los famosos del coraz\u00f3n son su perdici\u00f3n y la actualidad de las Casas Reales, su gran pasi\u00f3n. \u00a0\u00a0<\/p>\n<p>En sus ratos libres disfruta de las pel\u00edculas y series de moda, y bucea por los cat\u00e1logos de las plataformas de podcast buscando nuevas entrevistas y charlas de famosos.<\/p>\n<p>Adem\u00e1s, no ha parado de formarse en todos los aspectos convirti\u00e9ndose en una periodista 360: locuci\u00f3n, doblaje, grabaci\u00f3n de v\u00eddeo, periodismo m\u00f3vil, producci\u00f3n de podcast y SEO. Actualmente est\u00e1 form\u00e1ndose en el M\u00e1ster universitario de Periodismo y Comunicaci\u00f3n Digital: Datos y Nuevas Narrativas de la UOC.<\/p>\n<p>Graduada en periodismo por la Universidad Rey Juan Carlos, no ha parado de trabajar desde que obtuvo su t\u00edtulo all\u00e1 por el 2013. Despu\u00e9s de un breve impass en Palma de Mallorca, volvi\u00f3 a Legan\u00e9s donde arranc\u00f3 su experiencia con Legan\u00e9s Activo. En este tiempo he pasado por las redacciones de varios medios recayendo finalmente en Hearst Espa\u00f1a (Telenovela, Qu\u00e9 me dices y Diez Minutos). Tambi\u00e9n tiene experiencia en diferentes radios. \u00a0<\/p>\n","protected":false},"excerpt":{"rendered":"Supervivientes All Stars 2025 est\u00e1 viviendo sus horas m\u00e1s duras. Apenas a 4 d\u00edas de la final, que&hellip;\n","protected":false},"author":2,"featured_media":202529,"comment_status":"","ping_status":"","sticky":false,"template":"","format":"standard","meta":{"footnotes":""},"categories":[171],"tags":[253,146,147,25,24,23,214],"class_list":{"0":"post-202528","1":"post","2":"type-post","3":"status-publish","4":"format-standard","5":"has-post-thumbnail","7":"category-tv","8":"tag-discover","9":"tag-entertainment","10":"tag-entretenimiento","11":"tag-es","12":"tag-espana","13":"tag-spain","14":"tag-tv"},"share_on_mastodon":{"url":"https:\/\/pubeurope.com\/@es\/115442792587398696","error":""},"_links":{"self":[{"href":"https:\/\/www.europesays.com\/es\/wp-json\/wp\/v2\/posts\/202528","targetHints":{"allow":["GET"]}}],"collection":[{"href":"https:\/\/www.europesays.com\/es\/wp-json\/wp\/v2\/posts"}],"about":[{"href":"https:\/\/www.europesays.com\/es\/wp-json\/wp\/v2\/types\/post"}],"author":[{"embeddable":true,"href":"https:\/\/www.europesays.com\/es\/wp-json\/wp\/v2\/users\/2"}],"replies":[{"embeddable":true,"href":"https:\/\/www.europesays.com\/es\/wp-json\/wp\/v2\/comments?post=202528"}],"version-history":[{"count":0,"href":"https:\/\/www.europesays.com\/es\/wp-json\/wp\/v2\/posts\/202528\/revisions"}],"wp:featuredmedia":[{"embeddable":true,"href":"https:\/\/www.europesays.com\/es\/wp-json\/wp\/v2\/media\/202529"}],"wp:attachment":[{"href":"https:\/\/www.europesays.com\/es\/wp-json\/wp\/v2\/media?parent=202528"}],"wp:term":[{"taxonomy":"category","embeddable":true,"href":"https:\/\/www.europesays.com\/es\/wp-json\/wp\/v2\/categories?post=202528"},{"taxonomy":"post_tag","embeddable":true,"href":"https:\/\/www.europesays.com\/es\/wp-json\/wp\/v2\/tags?post=202528"}],"curies":[{"name":"wp","href":"https:\/\/api.w.org\/{rel}","templated":true}]}}