{"id":202530,"date":"2025-10-26T22:20:32","date_gmt":"2025-10-26T22:20:32","guid":{"rendered":"https:\/\/www.europesays.com\/es\/202530\/"},"modified":"2025-10-26T22:20:32","modified_gmt":"2025-10-26T22:20:32","slug":"los-5-mejores-estrenos-de-netflix-para-ver-este-fin-de-semana","status":"publish","type":"post","link":"https:\/\/www.europesays.com\/es\/202530\/","title":{"rendered":"Los 5 mejores estrenos de Netflix para ver este fin de semana"},"content":{"rendered":"<p><strong>Netflix<\/strong> estren\u00f3 pel\u00edculas y series ideales para maratonear este fin de semana. Hay comedia, romance, drama, acci\u00f3n y documentales en esta lista imperdible.<\/p>\n<p>Una casa de dinamita (pel\u00edcula)<\/p>\n<p>2025 &#8211; Dir: Kathryn Bigelow<\/p>\n<p><strong>Cuando un misil sin identificar el origen es lanzado contra Estados Unidos, la Casa Blanca comienza una carrera contrarreloj para determinar qui\u00e9n es el responsable y c\u00f3mo actuar en respuesta<\/strong>. <strong>La cinta explora los 18 minutos entre el lanzamiento del misil y su potencial detonaci\u00f3n desde varias perspectivas<\/strong>.<\/p>\n<p><strong>Reparto<\/strong>: Idris Elba, Rebecca Ferguson, Gabriel Basso, Jared Harris, Tracy Letts, Anthony Ramos.<\/p>\n<p><strong>Origen<\/strong>: Estados Unidos.<\/p>\n<p><a href=\"https:\/\/indiehoy.com\/cine\/conoce-al-reparto-de-una-casa-de-dinamita-el-nuevo-thriller-de-netflix\/\" target=\"_blank\" rel=\"noreferrer noopener nofollow\">Conoc\u00e9 al reparto de Una casa de dinamita en esta nota<\/a>.<\/p>\n<p>Nadie quiere esto &#8211; temporada 2 (serie)<\/p>\n<p><strong>En\u00a0<a href=\"https:\/\/indiehoy.com\/series\/nadie-quiere-esto-netflix-sinopsis-reparto-historia-real-criticas\/\" target=\"_blank\" rel=\"noreferrer noopener nofollow\">la primera temporada<\/a>, la serie presenta a Joanne y Noah, quienes se conocen en una fiesta y r\u00e1pidamente se enamoran<\/strong>.<strong> Sin embargo, se dan cuenta de que hay muchas cosas que podr\u00edan interponerse en su relaci\u00f3n: desde la religi\u00f3n y sus perspectivas opuestas de la vida hasta las intromisiones de sus familiares. En esta segunda entrega, el tormentoso romance se agita entre dramas familiares, desaf\u00edos profesionales y una pregunta que empieza a dominar su relaci\u00f3n<\/strong>.<\/p>\n<p><strong>Reparto<\/strong>: Kristen Bell, Adam Brody, Justine Lupe, Timothy Simons, Jackie Tohn, Sherry Cola, Leighton Meester, Miles Fowler.<\/p>\n<p><strong>Origen<\/strong>: Estados Unidos.<\/p>\n<p><a href=\"https:\/\/indiehoy.com\/series\/nadie-quiere-esto-2-llego-a-netflix-trama-reparto-criticas-y-lo-que-hay-que-recordar\/\" target=\"_blank\" rel=\"noreferrer noopener nofollow\">M\u00e1s sobre la segunda temporada de Nadie quiere esto en esta nota<\/a>.<\/p>\n<p>El monstruo de Florencia (serie)<\/p>\n<p><strong>La serie comienza con la s\u00e9ptima y octava v\u00edctimas de Il Mostro, dos adolescentes asesinados en un coche camino a una fiesta. Cuando la fiscal Silvia Della Monica llega a la escena del crimen, y como la polic\u00eda no est\u00e1 cerca de reunir pistas que conduzcan al desenmascaramiento del asesino, se arriesga a mentir a la prensa. Silvia anuncia al mundo que, antes de morir, la v\u00edctima dio una descripci\u00f3n detallada de su atacante, con la esperanza de que el asesino entre en p\u00e1nico y cometa un error. Al mismo tiempo, Silvia y su equipo vuelven a investigar otros asesinatos relacionados con Il Mostro<\/strong>.<\/p>\n<p><strong>Reparto<\/strong>: Liliana Bottone,\u00a0Marco Bullitta,\u00a0Francesca Olia,\u00a0Giacomo Fadda,\u00a0Antonio Tintis y\u00a0Valentino Mannias.<\/p>\n<p><strong>Origen<\/strong>: Italia.<\/p>\n<p><a href=\"https:\/\/indiehoy.com\/series\/la-historia-real-detras-de-el-monstruo-de-florencia-miniserie-italiana-de-netflix\/\" target=\"_blank\" rel=\"noreferrer noopener nofollow\">M\u00e1s sobre la historia real de\u00a0El monstruo de Florencia\u00a0en esta nota<\/a>.<\/p>\n<p>Guerra al hampa: Filadelfia contra la mafia (serie)<\/p>\n<p><strong>Una brutal guerra de mafias entre John Stanfa y Joey Merlino sume a la Filadelfia de los a\u00f1os 90 en el caos y el derramamiento de sangre<\/strong>.<\/p>\n<p><strong>Reparto<\/strong>: Intervenciones de:\u00a0Joey Merlino,\u00a0John Stanfa.<\/p>\n<p><strong>Origen<\/strong>: Estados Unidos.<\/p>\n<p>El elixir de la inmortalidad (pel\u00edcula)<\/p>\n<p>2025 &#8211; Dir: Kimo Stamboel<\/p>\n<p><strong>Una familia disfuncional regenta un reputado negocio de hierbas medicinales. El propietario de la empresa intenta innovar creando una nueva poci\u00f3n, que acaba desencadenando un brote zombi<\/strong>.\u00a0<\/p>\n<p><strong>Reparto<\/strong>: Mikha Tambayong, Eva Celia Latjuba, Donny Damara, Marthino Lio.<\/p>\n<p><strong>Origen<\/strong>: Indonesia.<\/p>\n","protected":false},"excerpt":{"rendered":"Netflix estren\u00f3 pel\u00edculas y series ideales para maratonear este fin de semana. Hay comedia, romance, drama, acci\u00f3n y&hellip;\n","protected":false},"author":2,"featured_media":202531,"comment_status":"","ping_status":"","sticky":false,"template":"","format":"standard","meta":{"footnotes":""},"categories":[169],"tags":[177,146,147,25,24,176,175,152,23],"class_list":{"0":"post-202530","1":"post","2":"type-post","3":"status-publish","4":"format-standard","5":"has-post-thumbnail","7":"category-cine","8":"tag-cine","9":"tag-entertainment","10":"tag-entretenimiento","11":"tag-es","12":"tag-espana","13":"tag-film","14":"tag-movies","15":"tag-netflix","16":"tag-spain"},"share_on_mastodon":{"url":"https:\/\/pubeurope.com\/@es\/115442799318716984","error":""},"_links":{"self":[{"href":"https:\/\/www.europesays.com\/es\/wp-json\/wp\/v2\/posts\/202530","targetHints":{"allow":["GET"]}}],"collection":[{"href":"https:\/\/www.europesays.com\/es\/wp-json\/wp\/v2\/posts"}],"about":[{"href":"https:\/\/www.europesays.com\/es\/wp-json\/wp\/v2\/types\/post"}],"author":[{"embeddable":true,"href":"https:\/\/www.europesays.com\/es\/wp-json\/wp\/v2\/users\/2"}],"replies":[{"embeddable":true,"href":"https:\/\/www.europesays.com\/es\/wp-json\/wp\/v2\/comments?post=202530"}],"version-history":[{"count":0,"href":"https:\/\/www.europesays.com\/es\/wp-json\/wp\/v2\/posts\/202530\/revisions"}],"wp:featuredmedia":[{"embeddable":true,"href":"https:\/\/www.europesays.com\/es\/wp-json\/wp\/v2\/media\/202531"}],"wp:attachment":[{"href":"https:\/\/www.europesays.com\/es\/wp-json\/wp\/v2\/media?parent=202530"}],"wp:term":[{"taxonomy":"category","embeddable":true,"href":"https:\/\/www.europesays.com\/es\/wp-json\/wp\/v2\/categories?post=202530"},{"taxonomy":"post_tag","embeddable":true,"href":"https:\/\/www.europesays.com\/es\/wp-json\/wp\/v2\/tags?post=202530"}],"curies":[{"name":"wp","href":"https:\/\/api.w.org\/{rel}","templated":true}]}}