{"id":202532,"date":"2025-10-26T22:21:10","date_gmt":"2025-10-26T22:21:10","guid":{"rendered":"https:\/\/www.europesays.com\/es\/202532\/"},"modified":"2025-10-26T22:21:10","modified_gmt":"2025-10-26T22:21:10","slug":"el-bernabeu-quizas-le-afecto-un-poco-a-lamine-yamal","status":"publish","type":"post","link":"https:\/\/www.europesays.com\/es\/202532\/","title":{"rendered":"\u00abEl Bernab\u00e9u quiz\u00e1s le afect\u00f3 un poco a Lamine Yamal\u00bb"},"content":{"rendered":"<p style=\"\"><strong>Lamine Yamal<\/strong> fue el gran protagonista de la previa del cl\u00e1sico, lo que centr\u00f3 el enfado del <a href=\"https:\/\/www.abc.es\/deportes\/futbol\/vinicius-descontrolado-20251026181544-nt.html\" target=\"_self\" data-voc-vtm-id=\"in-text-traffic\" title=\"Bernab\u00e9u\" rel=\"nofollow noopener\">Bernab\u00e9u<\/a> y los jugadores del Madrid hacia el atacante del Barcelona. En el conjunto azulgrana, arroparon a su futbolista y trataron de quitarle hierro a sus  &#8230; declaraciones sobre los robos. <strong>Marcus Sorg<\/strong>, segundo entrenador del sancionado Flick, se muestra confiado en que este tipo de encuentro y situaciones son parte del aprendizaje de Lamine.<\/p>\n<p class=\"voc-p\" style=\"\">\u00abNo ha sido f\u00e1cil. Lo ha intentado, pero los defensores han hecho un buen trabajo. Hay que aceptarlo. Viene de una lesi\u00f3n, necesita ritmo y m\u00e1s partido. Es normal, tenemos que darle tiempo y ayudarle\u00bb, sostuvo el t\u00e9cnico alem\u00e1n, a lo que a\u00f1adi\u00f3 como posible motivo de su pobre rendimiento la presi\u00f3n del Bernab\u00e9u. \u00abPuede ser, <strong>quiz\u00e1 le afect\u00f3 un poco<\/strong>. Tambi\u00e9n est\u00e1 aprendiendo a lidiar con el p\u00fablico, los pitos&#8230; Es un proceso, hoy no ha sido f\u00e1cil para \u00e9l\u00bb, sentenci\u00f3.<\/p>\n<p class=\"voc-p\" style=\"\">Un tenso ambiente que explot\u00f3 al final del encuentro con dos tanganas casi consecutivas en las que Sorg no quiso entrar. \u00abNi me hab\u00eda enterado. No se qui\u00e9n ha empezado. Hab\u00eda mucha gente en los banquillos, gritando&#8230; Pero nosotros tenemos que concentrarnos en el partido\u00bb.<\/p>\n<p class=\"voc-p\" style=\"\">Por su parte, De Jong quiso arropar a su compa\u00f1ero tratando de ofrecer una versi\u00f3n distinta sobre las palabras de Lamine. \u00abEra diferente, <strong>Lamine no ha dicho que [el Madrid] roba<\/strong>, no directamente. Estaba en la Kings League, la gente le va diciendo cosas&#8230; pero no he escuchado a Lamine diciendo eso. Puedo entender a los jugadores del Madrid, pero no ha sido tan grande\u00bb, asever\u00f3 el neerland\u00e9s, que defini\u00f3 como \u00abexagerada\u00bb la actitud de los futbolistas del conjunto blanco al ir al final del encuentro hacia el extremo para recriminarle.<\/p>\n<p class=\"voc-p\" style=\"\">Tampoco entendi\u00f3 el gesto de <strong>Carvajal<\/strong> pidi\u00e9ndole que hablara despu\u00e9s del encuentro, con la circunstancia de que son compa\u00f1eros en la selecci\u00f3n espa\u00f1ola. \u00abTambi\u00e9n le puede llamar por privado. Si t\u00fa eres compa\u00f1ero de Lamine y le conoces le puedes llamar en vez de hacer gestos en el campo\u00bb, recrimin\u00f3 De Jong.<\/p>\n","protected":false},"excerpt":{"rendered":"Lamine Yamal fue el gran protagonista de la previa del cl\u00e1sico, lo que centr\u00f3 el enfado del Bernab\u00e9u&hellip;\n","protected":false},"author":2,"featured_media":202533,"comment_status":"","ping_status":"","sticky":false,"template":"","format":"standard","meta":{"footnotes":""},"categories":[93],"tags":[19863,2296,168,8641,25,24,11680,205,33802,23,167],"class_list":{"0":"post-202532","1":"post","2":"type-post","3":"status-publish","4":"format-standard","5":"has-post-thumbnail","7":"category-deportes","8":"tag-arropa","9":"tag-barca","10":"tag-deportes","11":"tag-dicho","12":"tag-es","13":"tag-espana","14":"tag-lamine","15":"tag-madrid","16":"tag-roba","17":"tag-spain","18":"tag-sports"},"share_on_mastodon":{"url":"https:\/\/pubeurope.com\/@es\/115442803324367795","error":""},"_links":{"self":[{"href":"https:\/\/www.europesays.com\/es\/wp-json\/wp\/v2\/posts\/202532","targetHints":{"allow":["GET"]}}],"collection":[{"href":"https:\/\/www.europesays.com\/es\/wp-json\/wp\/v2\/posts"}],"about":[{"href":"https:\/\/www.europesays.com\/es\/wp-json\/wp\/v2\/types\/post"}],"author":[{"embeddable":true,"href":"https:\/\/www.europesays.com\/es\/wp-json\/wp\/v2\/users\/2"}],"replies":[{"embeddable":true,"href":"https:\/\/www.europesays.com\/es\/wp-json\/wp\/v2\/comments?post=202532"}],"version-history":[{"count":0,"href":"https:\/\/www.europesays.com\/es\/wp-json\/wp\/v2\/posts\/202532\/revisions"}],"wp:featuredmedia":[{"embeddable":true,"href":"https:\/\/www.europesays.com\/es\/wp-json\/wp\/v2\/media\/202533"}],"wp:attachment":[{"href":"https:\/\/www.europesays.com\/es\/wp-json\/wp\/v2\/media?parent=202532"}],"wp:term":[{"taxonomy":"category","embeddable":true,"href":"https:\/\/www.europesays.com\/es\/wp-json\/wp\/v2\/categories?post=202532"},{"taxonomy":"post_tag","embeddable":true,"href":"https:\/\/www.europesays.com\/es\/wp-json\/wp\/v2\/tags?post=202532"}],"curies":[{"name":"wp","href":"https:\/\/api.w.org\/{rel}","templated":true}]}}