{"id":202561,"date":"2025-10-26T22:47:08","date_gmt":"2025-10-26T22:47:08","guid":{"rendered":"https:\/\/www.europesays.com\/es\/202561\/"},"modified":"2025-10-26T22:47:08","modified_gmt":"2025-10-26T22:47:08","slug":"el-cafe-es-uno-de-ellos","status":"publish","type":"post","link":"https:\/\/www.europesays.com\/es\/202561\/","title":{"rendered":"&#8216;El caf\u00e9 es uno de ellos&#8217;"},"content":{"rendered":"<p>No hay recetas m\u00e1gicas. Para estar sanos s<b>iempre ser\u00e1 fundamental comer bien y hacer ejercicio<\/b>. M\u00e1s all\u00e1 de esto, hay alimentos m\u00e1s beneficiosos que otros. En los \u00faltimos a\u00f1os se est\u00e1 divulgando cada vez m\u00e1s sobre el problema que suponen los ultraprocesados y la necesidad de comer alimentos lo m\u00e1s naturales y saludables posibles.<\/p>\n<p>En esta l\u00ednea, <a href=\"https:\/\/www.menshealth.com\/it\/alimentazione\/food-drink\/a66324826\/alimenti-essenziali-salute\/\" target=\"_blank\" rel=\"nofollow noopener\">la edici\u00f3n italiana de la revista\u00a0Men&#8217;s Health<\/a> se ha hecho eco de los tres tipos de alimentos que no faltan en la dieta diaria <a href=\"https:\/\/www.huffingtonpost.es\/life\/salud\/manuel-viso-medico-sobre-salud-es-mejor-medirse-cintura-calcular-indice-masa-corporal.html\" rel=\"nofollow noopener\" target=\"_blank\">del m\u00e9dico\u00a0gallego Manuel Viso<\/a><b>:\u00a0el caf\u00e9, el aceite de oliva virgen extra y las prote\u00ednas de alto valor biol\u00f3gico<\/b>. El autor de Supersanos, la gu\u00eda definitiva para adoptar h\u00e1bitos simples y efectivos, respaldados por la ciencia, desmonta mitos sobre la alimentaci\u00f3n y defiende que vivir m\u00e1s y mejor es posible si asumimos que podemos decidir c\u00f3mo queremos envejecer.<\/p>\n<p>En cuanto al primero, el caf\u00e9, ha se\u00f1alado que<b> hay que consumirlo con \u00abmoderaci\u00f3n\u00bb<\/b>. As\u00ed,\u00a0 ha explicado que adem\u00e1s de aportar energ\u00eda es tambi\u00e9n un excelente antioxidante y agente cardioprotector, capaz de reducir la inflamaci\u00f3n y el deterioro cognitivo. \u00abY no, no es adicci\u00f3n, es prevenci\u00f3n cient\u00edfica\u00bb, ha afirmado <a href=\"https:\/\/www.instagram.com\/reel\/DOWgWLMDHXY\/?utm_source=ig_embed\" target=\"_blank\" rel=\"nofollow noopener\">en su cuenta de Instagram<\/a>.\u00a0<\/p>\n<p>Sobre \u00abel segundo b\u00e1sico\u00bb, el aceite de oliva virgen extra, ha asegurado que <b>es \u00abun diamante en bruto<\/b>\u00ab. Este es rico en \u00e1cido oleico y polifenoles, esenciales para mejorar la presi\u00f3n arterial y los niveles de colesterol, as\u00ed como para mantener la salud card\u00edaca y el sistema neurol\u00f3gico humano.\u00a0<\/p>\n<p>Tambi\u00e9n es un excelente antioxidante y resiste \u00abmuy bien\u00bb las altas temperaturas, a diferencia de otros aceites, lo que impide as\u00ed que sus componentes se transformen en sustancias t\u00f3xicas y nocivas con el tiempo. \u00abSi mi cuerpo fuera un coche, el aceite de oliva virgen extra ser\u00eda el lubricante oficial de la f\u00e1brica\u00bb, ha dicho el m\u00e9dico.\u00a0<\/p>\n<p>Finalmente, el m\u00e9dico ha destacado las prote\u00ednas de alto valor biol\u00f3gico, entre las que ha destacado alimentos como <b>el huevo, el pollo, el pescado y las legumbres<\/b>. Todos ellos, ha asegurado, son \u00abbombas nutritivas\u00bb con muchas vitaminas y muchos minerales. Adem\u00e1s, en el caso del huevo ha recordado que no solo no supone un riesgo para el colesterol, sino que tambi\u00e9n es un cardioprotector.\u00a0<\/p>\n<p><script async src=\"\/\/www.instagram.com\/embed.js\"><\/script><\/p>\n","protected":false},"excerpt":{"rendered":"No hay recetas m\u00e1gicas. Para estar sanos siempre ser\u00e1 fundamental comer bien y hacer ejercicio. M\u00e1s all\u00e1 de&hellip;\n","protected":false},"author":2,"featured_media":202562,"comment_status":"","ping_status":"","sticky":false,"template":"","format":"standard","meta":{"footnotes":""},"categories":[92],"tags":[55568,25,24,165,6026,166,23],"class_list":{"0":"post-202561","1":"post","2":"type-post","3":"status-publish","4":"format-standard","5":"has-post-thumbnail","7":"category-salud","8":"tag-comida-y-bebida","9":"tag-es","10":"tag-espana","11":"tag-health","12":"tag-nutricion","13":"tag-salud","14":"tag-spain"},"share_on_mastodon":{"url":"https:\/\/pubeurope.com\/@es\/115442905523231344","error":""},"_links":{"self":[{"href":"https:\/\/www.europesays.com\/es\/wp-json\/wp\/v2\/posts\/202561","targetHints":{"allow":["GET"]}}],"collection":[{"href":"https:\/\/www.europesays.com\/es\/wp-json\/wp\/v2\/posts"}],"about":[{"href":"https:\/\/www.europesays.com\/es\/wp-json\/wp\/v2\/types\/post"}],"author":[{"embeddable":true,"href":"https:\/\/www.europesays.com\/es\/wp-json\/wp\/v2\/users\/2"}],"replies":[{"embeddable":true,"href":"https:\/\/www.europesays.com\/es\/wp-json\/wp\/v2\/comments?post=202561"}],"version-history":[{"count":0,"href":"https:\/\/www.europesays.com\/es\/wp-json\/wp\/v2\/posts\/202561\/revisions"}],"wp:featuredmedia":[{"embeddable":true,"href":"https:\/\/www.europesays.com\/es\/wp-json\/wp\/v2\/media\/202562"}],"wp:attachment":[{"href":"https:\/\/www.europesays.com\/es\/wp-json\/wp\/v2\/media?parent=202561"}],"wp:term":[{"taxonomy":"category","embeddable":true,"href":"https:\/\/www.europesays.com\/es\/wp-json\/wp\/v2\/categories?post=202561"},{"taxonomy":"post_tag","embeddable":true,"href":"https:\/\/www.europesays.com\/es\/wp-json\/wp\/v2\/tags?post=202561"}],"curies":[{"name":"wp","href":"https:\/\/api.w.org\/{rel}","templated":true}]}}