{"id":202567,"date":"2025-10-26T22:50:10","date_gmt":"2025-10-26T22:50:10","guid":{"rendered":"https:\/\/www.europesays.com\/es\/202567\/"},"modified":"2025-10-26T22:50:10","modified_gmt":"2025-10-26T22:50:10","slug":"dolar-cripto-a-cuanto-cotiza-la-divisa-en-el-mercado-que-nunca-cierra-a-poco-de-que-se-conozca-el-resultado-electoral","status":"publish","type":"post","link":"https:\/\/www.europesays.com\/es\/202567\/","title":{"rendered":"D\u00f3lar cripto: a cu\u00e1nto cotiza la divisa en el mercado que nunca cierra a poco de que se conozca el resultado electoral"},"content":{"rendered":"<p><img alt=\"El trabajo del Ieral revela\" class=\"global-image\" decoding=\"async\" fetchpriority=\"high\" height=\"471\" loading=\"eager\" src=\"https:\/\/www.europesays.com\/es\/wp-content\/uploads\/2025\/10\/JF5VM5KXOBHITJGGDNWKPTDDBI.png\" width=\"713\"\/>El trabajo del Ieral revela que nuestro pa\u00eds es m\u00e1s caro en d\u00f3lares que sus competidores en la mayor\u00eda de los insumos relevados (Reuters)<\/p>\n<p class=\"paragraph\">A horas de que la C\u00e1mara Nacional Electoral empiece a difundir los primeros resultados de la elecci\u00f3n de medio t\u00e9rmino, a las 19:24, la cotizaci\u00f3n del d\u00f3lar cripto perforo la barrera de los <b>$ 1.500<\/b>, en <b>$ 1.477,50 <\/b>con una tendencia a la baja<b> (-5,14%)<\/b> en el d\u00eda).<\/p>\n<p class=\"paragraph\">La relevancia del d\u00f3lar cripto se debe a que es un indicador que anticipa la cobertura, en especial cuando los mercados tradicionales est\u00e1n cerrados, como este domingo a la noche a la espera de los resultados. A su vez, sus datos deben interpretarse de modo limitado, porque es un mercado muy peque\u00f1o. <\/p>\n<p class=\"paragraph\">En cuanto volumen operado, en los \u00faltimos diez minutos, el porcentaje es<b> 68%<\/b> para la compra y <b>32%<\/b> para la venta. Mientras que al inicio de este domingo, a las seis de la ma\u00f1ana, la tendencia era al rev\u00e9s (<b>64% para compra <\/b>versus<b> 36% para venta<\/b>). Este nuevo accionar refleja en una lectura optimista del resultado para el partido del Gobierno.<\/p>\n<p class=\"paragraph\">\u201c<b>En jornadas electorales el d\u00f3lar cripto suele ser el primer term\u00f3metro porque opera 24\/7 y refleja r\u00e1pido los cambios de expectativas<\/b>. Esperamos mayor varianza y spreads algo m\u00e1s anchos entre el s\u00e1bado y, especialmente, el domingo a la noche con los resultados\u201d, sostuvo el<b> <\/b>Head de Tesorer\u00eda y Mercados en Lemon, <b>Andr\u00e9s Vilella Weisz<\/b>.<\/p>\n<p><img alt=\"\" class=\"global-image\" decoding=\"async\" fetchpriority=\"low\" height=\"778\" loading=\"lazy\" src=\"https:\/\/www.europesays.com\/es\/wp-content\/uploads\/2025\/10\/3U2UPEH5WZDGVEXJ4WAC4XJXSQ.jpg\" width=\"1280\"\/><\/p>\n<p class=\"paragraph\">El foco, sostuvo, estar\u00e1 en el flujo de compra y venta, ya en un escenario que el presidente del Banco Central de la Rep\u00fablica Argentina (BCRA), <b>Santiago Bausili<\/b>, defini\u00f3 como de extrema cobertura. \u201cHemos calculado que <b>la demanda de cobertura en los \u00faltimos tres meses es equivalente a m\u00e1s de 40 puntos porcentuales de M2, que es la circulaci\u00f3n monetaria, lo cual es una cantidad desproporcionada<\/b>. Y el \u00fanico que puede proveer ese tipo de cobertura es el Gobierno\u201d, coment\u00f3 en Washington D.C..<\/p>\n<p class=\"paragraph\">La semana pasada, el d\u00f3lar oficial mayorista cerr\u00f3 para la venta en <b>$ 1.492<\/b> y<b> <\/b>a penas<b> $0,55<\/b> de diferencia con el techo de la banda cambiaria (<b>$1.492,55<\/b>). A pesar de las intervenciones por parte del Tesoro de Estados Unidos que seg\u00fan la consultora 1816 fueron por el equivalente de <b>USD 2.100 millones<\/b> en octubre. <\/p>\n<p class=\"paragraph\">Mientras que el d\u00f3lar minorista termin\u00f3 en <b>$1.515<\/b> a partir de una suba de <b>$10<\/b> ese mismo viernes; el Contado Con Liquidaci\u00f3n (CCL) qued\u00f3 en <b>$1.567,21<\/b>; y el MEP en <b>$1.549,44<\/b>.<b> <\/b><\/p>\n<p><img alt=\"El presidente argentino Javier Milei\" class=\"global-image\" decoding=\"async\" fetchpriority=\"low\" height=\"2432\" loading=\"lazy\" src=\"https:\/\/www.europesays.com\/es\/wp-content\/uploads\/2025\/10\/M35OYRP5CJG6PDQWMMZGFZT274.JPG\" width=\"3648\"\/>El presidente argentino Javier Milei gesticula junto al ministro de Econom\u00eda Luis Caputo y la secretaria general de la Presidencia de Argentina Karina Milei en una ceremonia en la Sociedad Rural Argentina en Buenos Aires, Argentina, July 26, 2025. REUTERS\/Matias Baglietto<\/p>\n<p class=\"paragraph\">Independientemente de cu\u00e1l sea el resultado, el ministro de Econom\u00eda,<b> Luis Caputo<\/b>, afirm\u00f3 que ma\u00f1ana (lunes 27 de octubre) no habr\u00e1 modificaciones en el r\u00e9gimen cambiario, pero no pudo adelantar que precio tendr\u00e1. \u201cSe va a mantener ah\u00ed porque el esquema de bandas sigue. Entonces, se puede mantener m\u00e1s abajo. <b>Yo no puedo decir si es $1.500<\/b>, <b>$1.400<\/b>, <b>$1.300, pero siempre va a estar dentro de las bandas<\/b>\u201c, destac\u00f3 el ministro con el objetivo de llevar tranquilidad.<\/p>\n<p class=\"paragraph\">Lo mismo sostuvo el secretario de Finanzas, <b>Pablo Quirno<\/b>, quien fue designado en Canciller\u00eda, pero a\u00fan no asumi\u00f3. \u201c<b>Para nosotros no hay ning\u00fan tipo de cambio en el programa econ\u00f3mico que venimos siguiendo desde diciembre de 2023<\/b>. Vamos cumpliendo con las diferentes fases del programa, estamos muy tranquilos con lo que estamos haciendo, independientemente de cu\u00e1l sea el resultado de la elecci\u00f3n\u2033, asegur\u00f3.<\/p>\n<p class=\"paragraph\">Desde la derrota por <b>13 puntos porcentuales (p.p.) <\/b>en la provincia de Buenos Aires, el BCRA tuvo que vender reservas por un total de <b>USD 1.155,5 millones<\/b> mientras que el Tesoro nacional lo hizo por <b>USD 653 millones<\/b>, hasta que se qued\u00f3 con apenas <b>USD 40 millones <\/b>de poder de fuego -si se cuentan los vencimientos de octubre-.<\/p>\n<p class=\"paragraph\">Las mayores intervenciones por parte de la entidad que conduce Bausili se produjeron el 19 de septiembre cuando tuvo que vender<b> USD 678 millones<\/b>; en segundo lugar, quedo la del 18 de septiembre con <b>USD 379 millones. <\/b>Y en un orden similar la del 17 de septiembre y el pasado 21 de octubre con <b>USD 53 millones y USD 45,5 millones respectivamente<\/b>.<\/p>\n","protected":false},"excerpt":{"rendered":"El trabajo del Ieral revela que nuestro pa\u00eds es m\u00e1s caro en d\u00f3lares que sus competidores en la&hellip;\n","protected":false},"author":2,"featured_media":202568,"comment_status":"","ping_status":"","sticky":false,"template":"","format":"standard","meta":{"footnotes":""},"categories":[80],"tags":[82,95,94,25,24,5638,757,23],"class_list":{"0":"post-202567","1":"post","2":"type-post","3":"status-publish","4":"format-standard","5":"has-post-thumbnail","7":"category-economia","8":"tag-business","9":"tag-economia","10":"tag-economy","11":"tag-es","12":"tag-espana","13":"tag-government-politics","14":"tag-south-america-central-america","15":"tag-spain"},"share_on_mastodon":{"url":"https:\/\/pubeurope.com\/@es\/115442917716635514","error":""},"_links":{"self":[{"href":"https:\/\/www.europesays.com\/es\/wp-json\/wp\/v2\/posts\/202567","targetHints":{"allow":["GET"]}}],"collection":[{"href":"https:\/\/www.europesays.com\/es\/wp-json\/wp\/v2\/posts"}],"about":[{"href":"https:\/\/www.europesays.com\/es\/wp-json\/wp\/v2\/types\/post"}],"author":[{"embeddable":true,"href":"https:\/\/www.europesays.com\/es\/wp-json\/wp\/v2\/users\/2"}],"replies":[{"embeddable":true,"href":"https:\/\/www.europesays.com\/es\/wp-json\/wp\/v2\/comments?post=202567"}],"version-history":[{"count":0,"href":"https:\/\/www.europesays.com\/es\/wp-json\/wp\/v2\/posts\/202567\/revisions"}],"wp:featuredmedia":[{"embeddable":true,"href":"https:\/\/www.europesays.com\/es\/wp-json\/wp\/v2\/media\/202568"}],"wp:attachment":[{"href":"https:\/\/www.europesays.com\/es\/wp-json\/wp\/v2\/media?parent=202567"}],"wp:term":[{"taxonomy":"category","embeddable":true,"href":"https:\/\/www.europesays.com\/es\/wp-json\/wp\/v2\/categories?post=202567"},{"taxonomy":"post_tag","embeddable":true,"href":"https:\/\/www.europesays.com\/es\/wp-json\/wp\/v2\/tags?post=202567"}],"curies":[{"name":"wp","href":"https:\/\/api.w.org\/{rel}","templated":true}]}}