{"id":202595,"date":"2025-10-26T23:10:22","date_gmt":"2025-10-26T23:10:22","guid":{"rendered":"https:\/\/www.europesays.com\/es\/202595\/"},"modified":"2025-10-26T23:10:22","modified_gmt":"2025-10-26T23:10:22","slug":"los-avances-en-el-tratamiento-de-los-ictus-permiten-extraer-el-90-de-los-trombos-2","status":"publish","type":"post","link":"https:\/\/www.europesays.com\/es\/202595\/","title":{"rendered":"Los avances en el tratamiento de los ictus permiten extraer el 90% de los trombos"},"content":{"rendered":"<p>El presidente de la Sociedad del Grupo Espa\u00f1ol de Neurorradiolog\u00eda Intervencionista (GeNI), el doctro Pedro Navia \u00c1lvarez, ha se\u00f1alado que los avances en el tratamiento de los ictus en la \u00faltima d\u00e9cada permiten extraer hasta el 90 por ciento de los trombos que se producen en las arterias del cerebro.<\/p>\n<p>\u00abTenemos distintos sistemas que han ido mejorando mucho en estos a\u00f1os y que nos est\u00e1n permitiendo tratar ictus cada vez m\u00e1s complejos, y que antes no pod\u00edamos tratar (&#8230;) Abrimos m\u00e1s del 90 por ciento de las arterias, pero hay trombos que son muy duros, que est\u00e1n muy adheridos a la pared y que todav\u00eda no podemos extraer, y por eso estamos investigando, para intentar conseguir extraer esos trombos que ahora no podemos\u00bb, ha afirmado el doctor Navia durante un encuentro informativo.<\/p>\n<p>As\u00ed se ha pronunciado con motivo del d\u00e9cimo aniversario del tratamiento endovascular del ictus isqu\u00e9mico en Espa\u00f1a, recordando que hace 20 a\u00f1os apenas hab\u00eda tratamientos para ello, algo que ha cambiado \u00abradicalmente\u00bb tanto por los avances tecnol\u00f3gicos como por la creaci\u00f3n de unidades de ictus multidisciplinares.<\/p>\n<p>Para lograr este \u00e9xito, Navia ha detallado que el tratamiento endovascular se debe realizar entre las primeras ocho horas del ictus, dependiendo del caso, y que consiste en la introducci\u00f3n de un cat\u00e9ter desde la pierna o el brazo, hasta llegar al co\u00e1gulo que obstruye la arteria, todo ello guiado por rayos X, un procedimiento que suele realizarse de media en unos 30 minutos.<\/p>\n<p>De hecho, ha subrayado la importancia de diagnosticar el ictus lo antes posible, pues una detecci\u00f3n tard\u00eda aumenta las probabilidades de que la persona no pueda recuperarse, aumentando la morbilidad e incluso la mortalidad.<\/p>\n<p>El diagn\u00f3stico es realizado \u00aben cuesti\u00f3n de minutos\u00bb por parte del radi\u00f3logo, apoyado con sistemas de Inteligencia Artificial (IA), que mejora la rapidez de detecci\u00f3n del trombo y la capacidad del especialista de saber qu\u00e9 tejidos son salvables y cu\u00e1les no.<\/p>\n<p>Una vez finalizada la intervenci\u00f3n, el paciente es enviado a una unidad especializada para saber si se va a poder recuperar de forma total o parcial, o si no se puede hacer nada al respecto, lo que depende precisamente de la velocidad de actuaci\u00f3n tanto del paciente, a la hora de avisar al 112, como de los profesionales.<\/p>\n<p>CREACI\u00d3N DE M\u00c1S CENTROS ESPECIALIZADOS<\/p>\n<p>Por otro lado, Navia ha subrayado que es preferible invertir en centro especializados y en traslados que sean eficaces, con protocolos bien establecidos, que dotar a todos los hospitales de este tipo de unidades, pues consumen muchos recursos y no todas las poblaciones, especialmente las m\u00e1s peque\u00f1as, pueden contar con un centro de este tipo.<\/p>\n<p>Del mismo modo, ha abogado por una mayor formaci\u00f3n de especialistas, pues los neurorradi\u00f3logos intervencionistas han asumido una \u00abcarga de trabajo en atenci\u00f3n continuada enorme\u00bb por la falta de profesionales, que adem\u00e1s deben tener una formaci\u00f3n adecuada para mantener la \u00abexcelencia\u00bb de este trabajo tan especializado.<\/p>\n<p>El presidente de la Sociedad Espa\u00f1ola de Radiolog\u00eda M\u00e9dica (SERAM), el doctor Jos\u00e9 C. Albillos Merino, ha coincidido en que esta especialidad requiere de un esfuerzo formativo \u00abimportante\u00bb tanto por la complejidad como por la rapidez de la que se requiere.<\/p>\n<p>Aunque ha reconocido los avances en la adquisici\u00f3n de dispositivos avanzados en Espa\u00f1a, que son \u00abimprescindibles\u00bb para realizar un correcto diagn\u00f3stico, ha subrayado que a\u00fan existen necesidades a la hora de acceder tanto a estos sistemas en zonas rurales como para acceder a la rehabilitaci\u00f3n.<\/p>\n<p>El presidente de la Fundaci\u00f3n Freno al Ictus, Juluo Agredano, tambi\u00e9n ha se\u00f1alado la falta de conocimiento de la poblaci\u00f3n sobre los s\u00edntomas del ictus, que precisamente hace que se retrase su diagn\u00f3stico.<\/p>\n<p>\u00abEl primer eslabon es la poblaci\u00f3n, (&#8230;) se le est\u00e1 dando el poder al ciudadano para actuar en caso de que pase algo en su entorno, lo que aumenta la supervivencia\u00bb, ha manifestado.<\/p>\n<p>En el caso de reconocer los s\u00edntomas, Agredano destacado que es un error llevar directamente al paciente al hospital m\u00e1s cercano, sino que se debe llamar al 112 para que el equipo de emergencias lleve a la persona al hospital que se encuentre de guardia en ese momento, que puede variar seg\u00fan la semana.<\/p>\n<p>La educaci\u00f3n de la poblaci\u00f3n en el reconocimiento del ictus es de especial importancia debido a que se trata de un fen\u00f3meno al alza y que tambi\u00e9n afecta a adultos j\u00f3venes, y es que un 15 por ciento de los ictus se producen en menores de 45 a\u00f1os, lo que se relaciona con malos h\u00e1bitos de vida, estr\u00e9s o el consumo de tabaco u otras drogas como las anfetaminas o la coca\u00edna. Los tratamientos tambi\u00e9n se han multiplicado en los \u00faltimos diez a\u00f1os, pasando de 2.000 en el a\u00f1os 2015 hasta los 9.000 de 2024.<\/p>\n","protected":false},"excerpt":{"rendered":"El presidente de la Sociedad del Grupo Espa\u00f1ol de Neurorradiolog\u00eda Intervencionista (GeNI), el doctro Pedro Navia \u00c1lvarez, ha&hellip;\n","protected":false},"author":2,"featured_media":202596,"comment_status":"","ping_status":"","sticky":false,"template":"","format":"standard","meta":{"footnotes":""},"categories":[92],"tags":[25,24,165,12369,166,1811,23,35253],"class_list":{"0":"post-202595","1":"post","2":"type-post","3":"status-publish","4":"format-standard","5":"has-post-thumbnail","7":"category-salud","8":"tag-es","9":"tag-espana","10":"tag-health","11":"tag-ictus","12":"tag-salud","13":"tag-sanidad","14":"tag-spain","15":"tag-viruji"},"share_on_mastodon":{"url":"https:\/\/pubeurope.com\/@es\/115442996073320366","error":""},"_links":{"self":[{"href":"https:\/\/www.europesays.com\/es\/wp-json\/wp\/v2\/posts\/202595","targetHints":{"allow":["GET"]}}],"collection":[{"href":"https:\/\/www.europesays.com\/es\/wp-json\/wp\/v2\/posts"}],"about":[{"href":"https:\/\/www.europesays.com\/es\/wp-json\/wp\/v2\/types\/post"}],"author":[{"embeddable":true,"href":"https:\/\/www.europesays.com\/es\/wp-json\/wp\/v2\/users\/2"}],"replies":[{"embeddable":true,"href":"https:\/\/www.europesays.com\/es\/wp-json\/wp\/v2\/comments?post=202595"}],"version-history":[{"count":0,"href":"https:\/\/www.europesays.com\/es\/wp-json\/wp\/v2\/posts\/202595\/revisions"}],"wp:featuredmedia":[{"embeddable":true,"href":"https:\/\/www.europesays.com\/es\/wp-json\/wp\/v2\/media\/202596"}],"wp:attachment":[{"href":"https:\/\/www.europesays.com\/es\/wp-json\/wp\/v2\/media?parent=202595"}],"wp:term":[{"taxonomy":"category","embeddable":true,"href":"https:\/\/www.europesays.com\/es\/wp-json\/wp\/v2\/categories?post=202595"},{"taxonomy":"post_tag","embeddable":true,"href":"https:\/\/www.europesays.com\/es\/wp-json\/wp\/v2\/tags?post=202595"}],"curies":[{"name":"wp","href":"https:\/\/api.w.org\/{rel}","templated":true}]}}