{"id":202639,"date":"2025-10-26T23:45:14","date_gmt":"2025-10-26T23:45:14","guid":{"rendered":"https:\/\/www.europesays.com\/es\/202639\/"},"modified":"2025-10-26T23:45:14","modified_gmt":"2025-10-26T23:45:14","slug":"la-golfista-boliviana-sofia-blanco-se-corona-campeona-del-xxvi-junior-championship-copa-enrique-santos-en-guayaquil-eju-tv","status":"publish","type":"post","link":"https:\/\/www.europesays.com\/es\/202639\/","title":{"rendered":"La golfista boliviana Sof\u00eda Blanco se corona campeona del XXVI Junior Championship Copa Enrique Santos en Guayaquil \u2013 eju.tv"},"content":{"rendered":"<p><\/p>\n<p>A lo largo del torneo, Blanco demostr\u00f3 gran solidez en su juego, destac\u00e1ndose especialmente en las dos primeras rondas, donde firm\u00f3 tarjetas de 73 golpes. A pesar de un cierre con 76, su rendimiento general fue suficiente para asegurar la victoria, consolid\u00e1ndose como una de las j\u00f3venes promesas m\u00e1s destacadas del golf sudamericano.<\/p>\n<p>\u00a0<\/p>\n<p><img fetchpriority=\"high\" decoding=\"async\" class=\"alignnone size-full wp-image-4794428\" src=\"data:image\/svg+xml,%3Csvg%20xmlns=\" http:=\"\" alt=\"\" width=\"800\" height=\"524\" data-lazy-src=\"https:\/\/www.europesays.com\/es\/wp-content\/uploads\/2025\/10\/571409090_1305868361338958_4474517070845852905_n-e1761446743211.jpg\"\/><\/p>\n<p>La golfista boliviana Sof\u00eda Blanco logr\u00f3 un gran triunfo al ganar el XXVI Junior Championship \u2013 Copa Enrique Santos C\u00f3rdova, celebrado en el prestigioso Guayaquil Country Club, Ecuador, que se desarroll\u00f3 del 22 al 25 de octubre de 2025. La golfista boliviana firm\u00f3 rondas de 73, 73 y 76, destacando por su constancia y habilidad, llev\u00e1ndose el t\u00edtulo de campeona de la categor\u00eda juvenil para Bolivia.<\/p>\n<p>A lo largo del torneo, Blanco demostr\u00f3 gran solidez en su juego, destac\u00e1ndose especialmente en las dos primeras rondas, donde firm\u00f3 tarjetas de 73 golpes. A pesar de un cierre con 76, su rendimiento general fue suficiente para asegurar la victoria, consolid\u00e1ndose como una de las j\u00f3venes promesas m\u00e1s destacadas del golf sudamericano.<\/p>\n<p><strong>Podio juvenil<\/strong><\/p>\n<p>El podio final en la categor\u00eda juvenil estuvo marcado por la destacada actuaci\u00f3n de las golfistas de la regi\u00f3n: Sof\u00eda Blanco (Bolivia) se llev\u00f3 el primer lugar con un total de 222 golpes.<\/p>\n<p>Gabriela Torrez (Colombia) logr\u00f3 el segundo puesto, con un total de 223 impactos. Clementine Casta\u00f1os (Argentina) complet\u00f3 el podio con el tercer lugar, alcanzando 224 golpes en el torneo.<\/p>\n<p>En categor\u00eda prejuvenil, el triunfo fue ecuatoriano con una Mayumi Onishi de Bolivia que en ronda final este sabado, resign\u00f3 el subcampeonato por un solo golpe con relacion a la campeona, la boliviana fue protagonista de punta a punta en Ecuador.<\/p>\n<p>Onishi registr\u00f3 una campa\u00f1a de 232 golpes para quedar en el segundo lugar, la ecuatoriana Chara Wong, conquist\u00f3 el campeonato en casa con 231 impactos, en tanto que Eugenia Nevarez (Ecuador) se ubic\u00f3 en el tercer lugar con 234 golpes.<\/p>\n<p><strong>Un torneo clave para el golf juvenil<\/strong><\/p>\n<p>El XXVI Junior Championship \u2013 Copa Enrique Santos C\u00f3rdova es un evento clave en el calendario del golf juvenil en Sudam\u00e9rica, donde las j\u00f3venes promesas tienen la oportunidad de medirse en un torneo de alto nivel y demostrar su potencial en escenarios internacionales. Este torneo sigue siendo una excelente plataforma para que los talentos emergentes busquen dar el siguiente paso en su carrera deportiva.<\/p>\n<p><a style=\"color: #008000;\" href=\"https:\/\/chat.whatsapp.com\/Jg1YYBvKuLw7Vm4Zq2yhYE\" data-wpel-link=\"external\" target=\"_blank\" rel=\"nofollow external noopener noreferrer\"><strong>=&gt; Recibir por Whatsapp las noticias destacadas<\/strong><\/a><\/p>\n<p><strong>Relevancia para Bolivia y el golf femenino<\/strong><\/p>\n<p>Con su victoria, Sof\u00eda Blanco no solo se lleva un t\u00edtulo m\u00e1s en su brillante joven carrera, sino que tambi\u00e9n aporta al crecimiento del golf femenino en Bolivia, un deporte que sigue ganando seguidores y reconocimiento. La participaci\u00f3n de Mayumi Onishi en el podio de la categor\u00eda prejuvenil refuerza el panorama positivo para el golf juvenil en el pa\u00eds.<\/p>\n<p><img loading=\"lazy\" decoding=\"async\" class=\"alignnone size-full wp-image-4794431\" src=\"data:image\/svg+xml,%3Csvg%20xmlns=\" http:=\"\" alt=\"\" width=\"450\" height=\"600\" data-lazy-src=\"https:\/\/www.europesays.com\/es\/wp-content\/uploads\/2025\/10\/571247380_1305868251338969_6827292583022559976_n-e1761447397684.jpg\"\/><\/p>\n<p>\t\t<\/p>\n","protected":false},"excerpt":{"rendered":"A lo largo del torneo, Blanco demostr\u00f3 gran solidez en su juego, destac\u00e1ndose especialmente en las dos primeras&hellip;\n","protected":false},"author":2,"featured_media":202640,"comment_status":"","ping_status":"","sticky":false,"template":"","format":"standard","meta":{"footnotes":""},"categories":[275],"tags":[168,25,24,329,23,167],"class_list":{"0":"post-202639","1":"post","2":"type-post","3":"status-publish","4":"format-standard","5":"has-post-thumbnail","7":"category-golf","8":"tag-deportes","9":"tag-es","10":"tag-espana","11":"tag-golf","12":"tag-spain","13":"tag-sports"},"share_on_mastodon":{"url":"https:\/\/pubeurope.com\/@es\/115443133611905867","error":""},"_links":{"self":[{"href":"https:\/\/www.europesays.com\/es\/wp-json\/wp\/v2\/posts\/202639","targetHints":{"allow":["GET"]}}],"collection":[{"href":"https:\/\/www.europesays.com\/es\/wp-json\/wp\/v2\/posts"}],"about":[{"href":"https:\/\/www.europesays.com\/es\/wp-json\/wp\/v2\/types\/post"}],"author":[{"embeddable":true,"href":"https:\/\/www.europesays.com\/es\/wp-json\/wp\/v2\/users\/2"}],"replies":[{"embeddable":true,"href":"https:\/\/www.europesays.com\/es\/wp-json\/wp\/v2\/comments?post=202639"}],"version-history":[{"count":0,"href":"https:\/\/www.europesays.com\/es\/wp-json\/wp\/v2\/posts\/202639\/revisions"}],"wp:featuredmedia":[{"embeddable":true,"href":"https:\/\/www.europesays.com\/es\/wp-json\/wp\/v2\/media\/202640"}],"wp:attachment":[{"href":"https:\/\/www.europesays.com\/es\/wp-json\/wp\/v2\/media?parent=202639"}],"wp:term":[{"taxonomy":"category","embeddable":true,"href":"https:\/\/www.europesays.com\/es\/wp-json\/wp\/v2\/categories?post=202639"},{"taxonomy":"post_tag","embeddable":true,"href":"https:\/\/www.europesays.com\/es\/wp-json\/wp\/v2\/tags?post=202639"}],"curies":[{"name":"wp","href":"https:\/\/api.w.org\/{rel}","templated":true}]}}