{"id":202651,"date":"2025-10-26T23:54:15","date_gmt":"2025-10-26T23:54:15","guid":{"rendered":"https:\/\/www.europesays.com\/es\/202651\/"},"modified":"2025-10-26T23:54:15","modified_gmt":"2025-10-26T23:54:15","slug":"actor-can-yaman-tenerife-el-actor-turco-de-moda-en-tenerife-tras-su-paso-por-la-revuelta-can-yaman-se-deja-ver-en-la-isla","status":"publish","type":"post","link":"https:\/\/www.europesays.com\/es\/202651\/","title":{"rendered":"ACTOR CAN YAMAN TENERIFE | El actor turco de moda, en Tenerife: tras su paso por &#8216;La Revuelta&#8217;, Can Yaman se deja ver en la isla"},"content":{"rendered":"<p class=\"ft-text\">No cabe duda que <strong>Can Yaman<\/strong> es uno de los <a class=\"ft-link ft-link--decoration\" href=\"https:\/\/www.eldia.es\/tags\/actores\/\" rel=\"nofollow noopener\" target=\"_blank\"><strong>actores<\/strong><\/a><strong> turcos de moda<\/strong>. Los \u00e9xitos de telenovelas como &#8216;Erkenci Ku\u015f&#8217; (&#8216;P\u00e1jaro So\u00f1ador&#8217;) y &#8216;Dolunay&#8217;, as\u00ed como su trabajo m\u00e1s reciente en &#8216;Violeta como el mar&#8217; (&#8216;Viola come il mare&#8217;)\u00a0han provocado que su rostro sea uno de los m\u00e1s reconocidos a nivel mundial, a pesar de su cambio de look.<\/p>\n<p class=\"ft-text\">Hace unos d\u00edas, el actor visit\u00f3 el <strong>programa &#8216;La Revuelta&#8217;<\/strong>, donde destac\u00f3 por su simpat\u00eda y demostr\u00f3 lo <strong>bien que habla espa\u00f1ol<\/strong> tras tan solo un a\u00f1o estudiando el idioma. Y ahora, se ha dejado ver por <a class=\"ft-link ft-link--decoration\" href=\"https:\/\/www.eldia.es\/tenerife\/\" rel=\"nofollow noopener\" target=\"_blank\">Tenerife<\/a>, donde incluso ha acudido a un encuentro de <a class=\"ft-link ft-link--decoration\" href=\"https:\/\/www.eldia.es\/tags\/lucha-canaria\/\" rel=\"nofollow noopener\" target=\"_blank\">lucha canaria<\/a> en <a class=\"ft-link ft-link--decoration\" href=\"https:\/\/www.eldia.es\/tags\/valle-de-guerra\/\" rel=\"nofollow noopener\" target=\"_blank\">Valle de Guerra<\/a>.<\/p>\n<p class=\"ft-text\">El propio actor ha compartido algunas im\u00e1genes en sus redes sociales, en las que se le ve<strong> disfrutando de una luchada<\/strong>, un momento que tambi\u00e9n ha compartido el <strong>Club de Lucha Rosario<\/strong>.<\/p>\n<p><img decoding=\"async\" src=\"https:\/\/www.europesays.com\/es\/wp-content\/uploads\/2025\/10\/3da99b84-d6af-43a1-87da-31572ee9b91f_alta-libre-aspect-ratio_default_0.jpg\" width=\"1200\" height=\"675\" alt=\"Can Yaman durante una intervenci\u00f3n en un programa de televisi\u00f3n en Espa\u00f1a.\" class=\"ft-helper-img-rd\" loading=\"lazy\" hasdataaida=\"true\"\/><\/p>\n<p class=\"ft-helper-fontColor-quaternary ft-helper-fontSize-body-S ft-helper-spacer-t-xxs\">Can Yaman durante una intervenci\u00f3n en un programa de televisi\u00f3n en Espa\u00f1a.  \/ Telecinco<\/p>\n<p>Una luchada en Tenerife<\/p>\n<p class=\"ft-text\">Seg\u00fan informa el club de lucha, el actor asisti\u00f3 al encuentro en el<strong> Terrero Jos\u00e9 Guti\u00e9rrez &#8216;Chaval I&#8217;<\/strong> de Valle de Guerra tras recibir la invitaci\u00f3n de propio equipo local.<\/p>\n<p class=\"ft-text\">\u00abLa presencia del int\u00e9rprete internacional despert\u00f3 gran expectaci\u00f3n entre los asistentes, que disfrutaron de una jornada deportiva llena de emoci\u00f3n, ambiente festivo y<strong> apoyo a la lucha canaria,<\/strong> uno de los s\u00edmbolos culturales m\u00e1s representativos de las Islas\u00bb, apunta el club en sus redes sociales.<\/p>\n<p>Primera serie en espa\u00f1ol<\/p>\n<p class=\"ft-text\">La productora<strong> <\/strong><a class=\"ft-link ft-link--decoration\" href=\"https:\/\/secuoyastudios.com\/\" rel=\"nofollow noopener\" target=\"_blank\"><strong>Secuoya Studios<\/strong><\/a> ha informado recientemente a trav\u00e9s de sus redes sociales que est\u00e1n trabajando con el actor turco en el que ser\u00e1 su <strong>primer proyecto en espa\u00f1ol <\/strong>y primera serie rodada en Espa\u00f1a.<\/p>\n<p class=\"ft-text\">\u00abLa historia combina <strong>emoci\u00f3n, acci\u00f3n e intriga<\/strong>, con un agente secreto traicionado que deber\u00e1 limpiar su nombre y descubrir que el amor puede ser su mayor debilidad o su \u00fanica salvaci\u00f3n\u00bb, explica.<\/p>\n<p>Trama<\/p>\n<p class=\"ft-text\">Seg\u00fan se\u00f1ala la agencia EFE, se trata de una serie d<strong>e ocho episodios<\/strong> en la que Yaman ser\u00e1 el protagonista. Interpretar\u00e1 a un<strong> agente secreto <\/strong>con un historial impecable pero que es traicionado y se convierte en el hombre m\u00e1s buscado de <a class=\"ft-link ft-link--decoration\" href=\"https:\/\/www.eldia.es\/tags\/espana\/\" rel=\"nofollow noopener\" target=\"_blank\">Espa\u00f1a<\/a>. Mientras lucha por limpiar su nombre y desenmascarar a quienes pretenden llevar a cabo un<strong> robo millonario <\/strong>de las arcas del Estado, descubrir\u00e1 que el amor puede ser su mayor debilidad o, tal vez, su \u00fanica salvaci\u00f3n.<\/p>\n<p class=\"ft-text\">En la producci\u00f3n ejecutiva estar\u00e1 Eduardo Galdo (\u2018La Encrucijada\u2019), quien tambi\u00e9n es creador de la idea original, y Lele Portas (\u2018Heridas\u2019). \u00c1ngela Ob\u00f3n (\u20184 estrellas\u2019) y Daniel Corpas (\u2018Cuando nadie nos ve\u2019) firman el guion.<\/p>\n","protected":false},"excerpt":{"rendered":"No cabe duda que Can Yaman es uno de los actores turcos de moda. Los \u00e9xitos de telenovelas&hellip;\n","protected":false},"author":2,"featured_media":202652,"comment_status":"","ping_status":"","sticky":false,"template":"","format":"standard","meta":{"footnotes":""},"categories":[171],"tags":[1339,1014,30536,2681,146,147,25,24,3643,23,17611,1370,33602,8584,214,54594],"class_list":{"0":"post-202651","1":"post","2":"type-post","3":"status-publish","4":"format-standard","5":"has-post-thumbnail","7":"category-tv","8":"tag-actor","9":"tag-actores","10":"tag-can","11":"tag-duda","12":"tag-entertainment","13":"tag-entretenimiento","14":"tag-es","15":"tag-espana","16":"tag-isla","17":"tag-spain","18":"tag-telenovelas","19":"tag-tenerife","20":"tag-turco","21":"tag-turquia","22":"tag-tv","23":"tag-yaman"},"share_on_mastodon":{"url":"https:\/\/pubeurope.com\/@es\/115443169106464900","error":""},"_links":{"self":[{"href":"https:\/\/www.europesays.com\/es\/wp-json\/wp\/v2\/posts\/202651","targetHints":{"allow":["GET"]}}],"collection":[{"href":"https:\/\/www.europesays.com\/es\/wp-json\/wp\/v2\/posts"}],"about":[{"href":"https:\/\/www.europesays.com\/es\/wp-json\/wp\/v2\/types\/post"}],"author":[{"embeddable":true,"href":"https:\/\/www.europesays.com\/es\/wp-json\/wp\/v2\/users\/2"}],"replies":[{"embeddable":true,"href":"https:\/\/www.europesays.com\/es\/wp-json\/wp\/v2\/comments?post=202651"}],"version-history":[{"count":0,"href":"https:\/\/www.europesays.com\/es\/wp-json\/wp\/v2\/posts\/202651\/revisions"}],"wp:featuredmedia":[{"embeddable":true,"href":"https:\/\/www.europesays.com\/es\/wp-json\/wp\/v2\/media\/202652"}],"wp:attachment":[{"href":"https:\/\/www.europesays.com\/es\/wp-json\/wp\/v2\/media?parent=202651"}],"wp:term":[{"taxonomy":"category","embeddable":true,"href":"https:\/\/www.europesays.com\/es\/wp-json\/wp\/v2\/categories?post=202651"},{"taxonomy":"post_tag","embeddable":true,"href":"https:\/\/www.europesays.com\/es\/wp-json\/wp\/v2\/tags?post=202651"}],"curies":[{"name":"wp","href":"https:\/\/api.w.org\/{rel}","templated":true}]}}