{"id":202659,"date":"2025-10-26T23:59:09","date_gmt":"2025-10-26T23:59:09","guid":{"rendered":"https:\/\/www.europesays.com\/es\/202659\/"},"modified":"2025-10-26T23:59:09","modified_gmt":"2025-10-26T23:59:09","slug":"lamine-yamal-comprara-la-lujosa-mansion-de-pique-y-shakira-en-esplugas-de-llobregat-valorada-en-11-millones-de-euros","status":"publish","type":"post","link":"https:\/\/www.europesays.com\/es\/202659\/","title":{"rendered":"Lamine Yamal comprar\u00e1 la lujosa mansi\u00f3n de Piqu\u00e9 y Shakira en Esplugas de Llobregat, valorada en 11 millones de euros"},"content":{"rendered":"<p style=\"\">Convertido ya en una celebridad que va m\u00e1s all\u00e1 de su profesi\u00f3n de futbolista a su 18 a\u00f1os reci\u00e9n cumplidos, <a href=\"https:\/\/www.abc.es\/gente\/vida-personal-lamine-yamal-origenes-familiares-relacion-20250922154500-nt.html\" target=\"_self\" data-voc-vtm-id=\"in-text-traffic\" title=\"Lamine Yamal\" data-mrf-link=\"www.abc.es\" rel=\"nofollow noopener\">Lamine Yamal<\/a> quiere una casa a esa altura y, seg\u00fan ha asegurado &#8216;El Pa\u00eds&#8217;, en los pr\u00f3ximos d\u00edas formalizar\u00e1 la compra nada m\u00e1s y  &#8230; nada menos que de <strong>la lujosa mansi\u00f3n que un d\u00eda ocuparon Gerard Piqu\u00e9 y Shakira,<\/strong> valorada en 14 millones de euros.<\/p>\n<p class=\"voc-p\" style=\"\">Se trata de una mansi\u00f3n situada en la <strong>lujosa urbanizaci\u00f3n<\/strong> Ciutat Diagonal, en Esplugas de Llobregat, una zona elegida para vivir por aquellos que desean <strong>privacidad y exclusividad<\/strong>, siempre y cuando se disponga de una cuenta corriente de muchos ceros. Adem\u00e1s, <a href=\"https:\/\/www.abc.es\/gente\/primera-aparicion-publica-lamine-yamal-nicki-nicole-20251019161738-nt.html\" target=\"_self\" data-voc-vtm-id=\"in-text-traffic\" title=\"Lamine Yamal\" data-mrf-link=\"www.abc.es\" rel=\"nofollow noopener\">Lamine Yamal<\/a> tendr\u00eda cerca a otros compa\u00f1eros de equipo como Alejandro Balde y Ronald Araujo.<\/p>\n<p class=\"voc-p\" style=\"\">Seg\u00fan &#8216;El Pa\u00eds&#8217;, \u00abla idea es <strong>convertir una casa familiar en una casa de un deportista de \u00e9lite<\/strong>\u00bb, de forma que Lamine Yamal pueda tener a mano su propio gimnasio personal, un preparador f\u00edsico a tiempo completo y un fisioterapeuta. Por supuesto, relata el medio citado, tambi\u00e9n habr\u00e1 espacios <strong>para tener a sus amigos cerca<\/strong>, ese s\u00e9quito que tan necesario parece ahora entre las j\u00f3venes celebridades, y la seguridad ser\u00e1 parte importante del complejo.<\/p>\n<p>\nEl complejo de Piqu\u00e9 y Shakira\n<\/p>\n<p class=\"voc-p\" style=\"\">La vivienda, <strong>dise\u00f1ada por Mireia Admetller<\/strong>, se construy\u00f3 en 2012 sobre un terreno de 3.800 metros cuadrados. En ese espacio tambi\u00e9n se construyeron dos mansiones m\u00e1s con seis habitaciones, piscina interior y exterior y gimnasio. El complejo completo, con las tres viviendas, <strong>estaba valorado en 14 millones de euros<\/strong>, aunque una de las construcciones fue vendida este mismo a\u00f1o por m\u00e1s de tres millones de euros, seg\u00fan inform\u00f3 en su d\u00eda ABC.<\/p>\n<p class=\"voc-p\" style=\"\">\u00abLa tercera vivienda, que deb\u00eda ser reformada para unirse arquitect\u00f3nicamente a las otras dos, qued\u00f3 paralizada tras su ruptura en junio de 2022. Pero esa misma propiedad ha sido vendida por separado, marcando <strong>el inicio del desmembramiento de lo que en su d\u00eda fue un s\u00edmbolo de estabilidad familiar<\/strong>\u00bb, explic\u00f3 ABC en aquella informaci\u00f3n.<\/p>\n<p class=\"voc-p\" style=\"\">Las otras dos casas principales segu\u00edan en venta y formaban <strong>un lote conjunto valorado en cerca de 11 millones de euros<\/strong>, y eso es la que habr\u00eda adquirido <a href=\"https:\/\/www.abc.es\/gente\/lamine-yamal-nicki-nicole-confirman-romance-romantica-20250821114045-nt.html\" target=\"_self\" data-voc-vtm-id=\"in-text-traffic\" title=\"Lamine Yamal\" data-mrf-link=\"www.abc.es\" rel=\"nofollow noopener\">Lamine Yamal<\/a>. Ambas propiedades cuentan con una superficie construida de unos 715 m\u00b2 y habitable de 630 m\u00b2, repartidas entre seis dormitorios, cinco ba\u00f1os (tres principales), piscina interior y exterior, bodega, gimnasio, estudio de grabaci\u00f3n, sala de juegos y m\u00faltiples terrazas. Sin embargo, es probable que Lamine Yamal emprenda un ambicioso proyecto de renovaci\u00f3n con el fin de adaptar la mansi\u00f3n a sus necesidades y apetencias.<\/p>\n<p>\nUn contrato cercano a los 20 millones de euros anuales\n<\/p>\n<p class=\"voc-p\" style=\"\">A pesar de su corta edad, Lamine Yamal <strong>es hoy una de las grandes estrellas mundiales del deporte<\/strong> y en la \u00faltima votaci\u00f3n por el Bal\u00f3n de Oro, el galard\u00f3n que acredita al mejor futbolista de la temporada, qued\u00f3 segundo solo por detr\u00e1s del franc\u00e9s Ousmane Demb\u00e9l\u00e9. Dotado con un precoz talento, a pesar de su corta edad y carrera ya ha firmado uno de los mejores contratos profesionales del mundo del f\u00fatbol tras renovar con el FC Barcelona hasta 2031.<\/p>\n<p class=\"voc-p\" style=\"\">Aunque las cifras no se hicieron oficiales, diversos medios han publicado que superar\u00eda los <strong>15 millones de euros netos al a\u00f1o<\/strong>, si bien dicha cantidad podr\u00eda irse a cerca de 20 en funci\u00f3n de <strong>diferentes extras<\/strong>. Y a ello habr\u00eda que a\u00f1adir los contratos publicitarios.<\/p>\n<p>\nFutbolista y celebridad\n<\/p>\n<p class=\"voc-p\" style=\"\">Junto a su carrera como futbolista profesional, Lamine Yamal tambi\u00e9n ha aparecido en la prensa por <strong>motivos muy alejados del f\u00fatbol<\/strong> y fue noticia por su pol\u00e9mica y multitudinaria <strong>fiesta de cumplea\u00f1os<\/strong>, en la que, seg\u00fan se public\u00f3, hubo &#8216;chicas de imagen&#8217; y hasta enanos. <\/p>\n<p class=\"voc-p\" style=\"\">Su padre, conocido como <strong>Hustle Hard<\/strong>, tambi\u00e9n es toda una celebridad en redes, pol\u00e9micas incluidas. Adem\u00e1s, el noviazgo del futbolista con <a href=\"https:\/\/www.abc.es\/gente\/lamine-yamal-timido-tras-debut-oficial-pareja-20251021121806-vi.html\" target=\"_self\" data-voc-vtm-id=\"in-text-traffic\" title=\"Nicki Nicole\" data-mrf-link=\"www.abc.es\" rel=\"nofollow noopener\">Nicki Nicole<\/a> -rumores de embarazo incluidos- tambi\u00e9n ha merecido una copiosa cobertura. Adem\u00e1s, se ha publicado que el jugador <strong>no firma aut\u00f3grafos<\/strong> porque pretende comercializar su r\u00fabrica.<\/p>\n<p class=\"voc-p\" style=\"\">Curiosamente, Lamine Yamal tambi\u00e9n ha sido noticia esta semana, en v\u00edsperas del cl\u00e1sico ante el Real Madrid, por<strong> insinuar que el club blanco \u00abroba\u00bb<\/strong> en un evento con Ibai Llanos al que tambi\u00e9n asisti\u00f3 el mism\u00edsimo <a href=\"https:\/\/www.abc.es\/gente\/nueva-casa-gerard-pique-clara-chia-daran-20230804131448-nt.html\" target=\"_self\" data-voc-vtm-id=\"in-text-traffic\" title=\"Gerard Piqu\u00e9\" data-mrf-link=\"www.abc.es\" rel=\"nofollow noopener\">Gerard Piqu\u00e9<\/a>. Igual aprovecharon para cerrar el trato.<\/p>\n","protected":false},"excerpt":{"rendered":"Convertido ya en una celebridad que va m\u00e1s all\u00e1 de su profesi\u00f3n de futbolista a su 18 a\u00f1os&hellip;\n","protected":false},"author":2,"featured_media":202660,"comment_status":"","ping_status":"","sticky":false,"template":"","format":"standard","meta":{"footnotes":""},"categories":[91],"tags":[55210,146,147,25,24,55585,1557,11680,55586,20470,21030,4724,23111,12504,23,45874,14780],"class_list":{"0":"post-202659","1":"post","2":"type-post","3":"status-publish","4":"format-standard","5":"has-post-thumbnail","7":"category-entretenimiento","8":"tag-comprara","9":"tag-entertainment","10":"tag-entretenimiento","11":"tag-es","12":"tag-espana","13":"tag-esplugas","14":"tag-euros","15":"tag-lamine","16":"tag-llobregat","17":"tag-lujosa","18":"tag-mansion","19":"tag-millones","20":"tag-pique","21":"tag-shakira","22":"tag-spain","23":"tag-valorada","24":"tag-yamal"},"share_on_mastodon":{"url":"https:\/\/pubeurope.com\/@es\/115443188645073830","error":""},"_links":{"self":[{"href":"https:\/\/www.europesays.com\/es\/wp-json\/wp\/v2\/posts\/202659","targetHints":{"allow":["GET"]}}],"collection":[{"href":"https:\/\/www.europesays.com\/es\/wp-json\/wp\/v2\/posts"}],"about":[{"href":"https:\/\/www.europesays.com\/es\/wp-json\/wp\/v2\/types\/post"}],"author":[{"embeddable":true,"href":"https:\/\/www.europesays.com\/es\/wp-json\/wp\/v2\/users\/2"}],"replies":[{"embeddable":true,"href":"https:\/\/www.europesays.com\/es\/wp-json\/wp\/v2\/comments?post=202659"}],"version-history":[{"count":0,"href":"https:\/\/www.europesays.com\/es\/wp-json\/wp\/v2\/posts\/202659\/revisions"}],"wp:featuredmedia":[{"embeddable":true,"href":"https:\/\/www.europesays.com\/es\/wp-json\/wp\/v2\/media\/202660"}],"wp:attachment":[{"href":"https:\/\/www.europesays.com\/es\/wp-json\/wp\/v2\/media?parent=202659"}],"wp:term":[{"taxonomy":"category","embeddable":true,"href":"https:\/\/www.europesays.com\/es\/wp-json\/wp\/v2\/categories?post=202659"},{"taxonomy":"post_tag","embeddable":true,"href":"https:\/\/www.europesays.com\/es\/wp-json\/wp\/v2\/tags?post=202659"}],"curies":[{"name":"wp","href":"https:\/\/api.w.org\/{rel}","templated":true}]}}