{"id":202666,"date":"2025-10-27T00:03:12","date_gmt":"2025-10-27T00:03:12","guid":{"rendered":"https:\/\/www.europesays.com\/es\/202666\/"},"modified":"2025-10-27T00:03:12","modified_gmt":"2025-10-27T00:03:12","slug":"un-joven-mata-presuntamente-a-su-novia-de-19-anos-en-murcia","status":"publish","type":"post","link":"https:\/\/www.europesays.com\/es\/202666\/","title":{"rendered":"Un joven mata presuntamente a su novia, de 19 a\u00f1os, en Murcia"},"content":{"rendered":"<p>26\/10\/2025<br \/>\n<br \/><strong><br \/>\nActualizado a las 22:00h.<br \/>\n<\/strong><\/p>\n<p class=\"voc-p\" style=\"\">La Guardia Civil investiga <strong>la muerte de una joven, de 19 a\u00f1os <\/strong>de edad, cuyo <strong>cuerpo sin vida ha sido hallado<\/strong> en una vivienda del municipio de Librilla (Regi\u00f3n de Murcia), seg\u00fan han informado a Europa Press fuentes del Instituto Armado.<\/p>\n<p class=\"voc-p\" style=\"\">Seg\u00fan<a href=\"https:\/\/www.laverdad.es\/murcia\/otros-municipios\/guardia-civil-investiga-muerte-joven-librilla-20251026181943-nt.html\" target=\"_blank\" data-voc-vtm-id=\"in-text-traffic\" title=\" informa &#039;La Verdad&#039;\" data-mrf-link=\"www.laverdad.es\" rel=\"nofollow noopener\"> informa &#8216;La Verdad&#8217;<\/a> &#8230; , <strong>fue su pareja, un hombre de 27 a\u00f1os, quien presuntamente la asesin\u00f3<\/strong>, tras asfixiarla. Despu\u00e9s, habr\u00eda consumido pastillas para acabar con su vida. Sin embargo, apunta el citado medio, el joven acudi\u00f3 al hospital, donde relat\u00f3 lo que hab\u00eda ocurrido. As\u00ed, los sanitarios dieron aviso a la Benem\u00e9rita.<\/p>\n<p class=\"voc-p\" style=\"\">Hasta el lugar se ha trasladado una patrulla de la Guardia Civil. Una vez all\u00ed, <strong>encontraron el cuerpo de la chica<\/strong>. Posteriormente, han estado buscando pruebas durante todo el domingo en el interior de la casa, cuyo acceso permanece acordonado.<\/p>\n<p class=\"voc-p\" style=\"\">En lo que respecta al presunto autor del crimen, se encuentra en el hospital <strong>bajo custodia de la Guardia Civil<\/strong>, para ser posteriormente trasladado a sus dependencias cuando sea dado de alta. Est\u00e1 detenido por un presunto delito de homicidio.<\/p>\n<p class=\"voc-p\" style=\"\">Seg\u00fan informa Europa Press, que cita fuentes del Instituto Armado, no constaban entre ellos antecedentes por violencia de g\u00e9nero. De confirmarse como asesinato machista, ser\u00eda la v\u00edctima n\u00famero 32 de este a\u00f1o en Espa\u00f1a, la segunda en la regi\u00f3n.<\/p>\n<p>\nArt\u00edculo solo para suscriptores\n<\/p>\n<p>Reportar un error<\/p>\n","protected":false},"excerpt":{"rendered":"26\/10\/2025 Actualizado a las 22:00h. La Guardia Civil investiga la muerte de una joven, de 19 a\u00f1os de&hellip;\n","protected":false},"author":2,"featured_media":202667,"comment_status":"","ping_status":"","sticky":false,"template":"","format":"standard","meta":{"footnotes":""},"categories":[8],"tags":[988,17,18,25,24,13,14,23028,11,9074,1928,19,20,4920,1478,9,10,15,16,6192,23,12,21,22,3633],"class_list":{"0":"post-202666","1":"post","2":"type-post","3":"status-publish","4":"format-standard","5":"has-post-thumbnail","7":"category-espana","8":"tag-anos","9":"tag-breaking-news","10":"tag-breakingnews","11":"tag-es","12":"tag-espana","13":"tag-featured-news","14":"tag-featurednews","15":"tag-hallada","16":"tag-headlines","17":"tag-investigan","18":"tag-joven","19":"tag-latest-news","20":"tag-latestnews","21":"tag-muerte","22":"tag-murcia","23":"tag-news","24":"tag-noticias","25":"tag-noticias-destacadas","26":"tag-noticiasdestacadas","27":"tag-region","28":"tag-spain","29":"tag-titulares","30":"tag-ultimas-noticias","31":"tag-ultimasnoticias","32":"tag-vivienda"},"share_on_mastodon":{"url":"https:\/\/pubeurope.com\/@es\/115443204464428320","error":""},"_links":{"self":[{"href":"https:\/\/www.europesays.com\/es\/wp-json\/wp\/v2\/posts\/202666","targetHints":{"allow":["GET"]}}],"collection":[{"href":"https:\/\/www.europesays.com\/es\/wp-json\/wp\/v2\/posts"}],"about":[{"href":"https:\/\/www.europesays.com\/es\/wp-json\/wp\/v2\/types\/post"}],"author":[{"embeddable":true,"href":"https:\/\/www.europesays.com\/es\/wp-json\/wp\/v2\/users\/2"}],"replies":[{"embeddable":true,"href":"https:\/\/www.europesays.com\/es\/wp-json\/wp\/v2\/comments?post=202666"}],"version-history":[{"count":0,"href":"https:\/\/www.europesays.com\/es\/wp-json\/wp\/v2\/posts\/202666\/revisions"}],"wp:featuredmedia":[{"embeddable":true,"href":"https:\/\/www.europesays.com\/es\/wp-json\/wp\/v2\/media\/202667"}],"wp:attachment":[{"href":"https:\/\/www.europesays.com\/es\/wp-json\/wp\/v2\/media?parent=202666"}],"wp:term":[{"taxonomy":"category","embeddable":true,"href":"https:\/\/www.europesays.com\/es\/wp-json\/wp\/v2\/categories?post=202666"},{"taxonomy":"post_tag","embeddable":true,"href":"https:\/\/www.europesays.com\/es\/wp-json\/wp\/v2\/tags?post=202666"}],"curies":[{"name":"wp","href":"https:\/\/api.w.org\/{rel}","templated":true}]}}