{"id":202668,"date":"2025-10-27T00:04:16","date_gmt":"2025-10-27T00:04:16","guid":{"rendered":"https:\/\/www.europesays.com\/es\/202668\/"},"modified":"2025-10-27T00:04:16","modified_gmt":"2025-10-27T00:04:16","slug":"la-ciudadania-exige-la-dimision-de-bonilla-por-la-crisis-de-los-cribados-de-cancer-de-mama-el-salto","status":"publish","type":"post","link":"https:\/\/www.europesays.com\/es\/202668\/","title":{"rendered":"La ciudadan\u00eda exige la dimisi\u00f3n de Bonilla por la crisis de los cribados de c\u00e1ncer de mama &#8211; El Salto"},"content":{"rendered":"<ol>\n<li><a href=\"https:\/\/news.google.com\/rss\/articles\/CBMiowFBVV95cUxQM2YwOXc2WmFoOTU4QzZaNkdjeEdzRDlGRzE4R1VuZW5YWGhzTUZlZ1R1eDJJT0lqNWUwcThtd0d6VG5FbkRLeGJabHNEaS1TdGRBRkZOSFkwWDJqYTJNcF9CRUNDSThWVW1KU0xzTklrUVkxSzlraUlENG1VeTJScFdhVzNiV19WYWh1M2tfQV9KcFhVeDZscVl4M240dllIMlpz?oc=5\" target=\"_blank\" rel=\"nofollow noopener\">La ciudadan\u00eda exige la dimisi\u00f3n de Bonilla por la crisis de los cribados de c\u00e1ncer de mama<\/a>&nbsp;&nbsp;El Salto<\/li>\n<li><a href=\"https:\/\/news.google.com\/rss\/articles\/CBMijAJBVV95cUxQM09rY3piX0dtQTA1eTY4SGlrZmMwRm5hanVIdmFoMzBGcm9GaXJhV0NIZkQyQ2xDZnJaVVhMV2VUSXIxd3o0czZGRUNUV0RfTUJXYUc5X3Fxdy0yc0ZITUlmOENlNzJhMTM2LVBNdFUzdEVGcDZXcGNmU1EyWDdZVEFaNHEwSi10dzRUa1l6YUNKREMtOTU3clY3bjBSYnVvWTBLWkJnMXdwLVNGMTBGOFpFbmlQazBsaFpfMG5zd3cwQXNlN2ZmaTBLUjFhTE1pOG1mc2twb3FjZjUyRlpEU0Fkek9WQnJEYTdSbzY3NzZKMng2TlJyNGF6cm1DclpmcFVwVXB1b1RKam8z?oc=5\" target=\"_blank\" rel=\"nofollow noopener\">Miles de personas claman en Sevilla por la gesti\u00f3n de los cribados de c\u00e1ncer: \u201cNo somos nada para ellos\u201d<\/a>&nbsp;&nbsp;EL PA\u00cdS<\/li>\n<li><a href=\"https:\/\/news.google.com\/rss\/articles\/CBMifkFVX3lxTFBGa1h1ajRnT0JKcmU5b3pNUEUySkVLUWtXMnVMU3A4Y2V1M3h0VllPSi1tRE9QUWN1eUtIakxVRW0yejJZblpvdDJhRzc5Y1huR2NxV1dhc3ZHdUhBMWRrYXdVNjNrR2ZQeGk4enN3QjB3dG1idl9hVlJLRm5wdw?oc=5\" target=\"_blank\" rel=\"nofollow noopener\">La crisis de los cribados a las puertas de San Telmo: Miles de personas claman contra Moreno y exigen una comisi\u00f3n de investigaci\u00f3n<\/a>&nbsp;&nbsp;El Mundo<\/li>\n<li><a href=\"https:\/\/news.google.com\/rss\/articles\/CBMi-gFBVV95cUxOVUtsNnlkcF90c2NNR295S0s0dGZ1Z1NpZ0p6VjB1OVZpamczMklydVNfNkRqWkR2M3llWmktY203SlVOTW5GOXVQS0RPQ3dPWGJhV05KZnlKcmwtdkpEN183NjMzdVV3d3VxTk5YRC1yYVUxYVV0UG0wSnVEcnVCWklyOHBlbEZiRVl2ZllVV2c5LVM3MWZmd2x1U29uRXl6RllIbEktTXdSM1RWV043LUJ0aEFubHZvMFlnZDgtdjVRZHp1Vm96QkVkSkc2NEp6dERERV9meWxyTzhSa1hZM0pjRTE2cHFjZHBWQ3N1bGJQNXV1Y3VFSDFB0gH_AUFVX3lxTFBXYjFZZU1lS1hqbURnR1JKU0N6bWZJdjc0VnktNzY5WFlHTHlSa0Vxeng4Wk9NVTVibnVmdG11RnNPOTdDMnFHOXBGdVBsUlhfN21IcEFVS2hBZE5QRHllWl8yR0ktYVNCRGxsNjJBNlZ0UUt0aHF5MWpPUWgya3RvcjFlcDZ0dUw5ZDd0LUdqZTd1Q0hvcnR5dkF0Wm1qNVY5VUdhN290U2lmN0drN1B3WV82QllyQVRJdmU3d0g0Mm9WQ2c2LTNjS29MMHhhc0ZLNVFSbFVxdExNVGNscGE5cE90Zkp5UGhBU0o1TFM3MlM3SUx4YzlJS0hzU2xLOA?oc=5\" target=\"_blank\" rel=\"nofollow noopener\">Miles de personas protestan en San Telmo y piden la dimisi\u00f3n de Moreno por la crisis de los cribados<\/a>&nbsp;&nbsp;El Confidencial<\/li>\n<li><a href=\"https:\/\/news.google.com\/rss\/articles\/CBMiwwFBVV95cUxQeVdmckRDbEVfelJLZ1A3Nm1jRTZ4X3B4d3pTc0h1XzVQTWpVdjA1WjBMZG9SLUtRQmEwSUM0b3FfMHY1VktGWDFteGQwMUxQb3Q2dk1kYnhQN0hSbV81eXZpeDNSR3FRdXJUNU5fcnhqZHBna0padTdTWmx3eEVfVnVRZjVVRWs5dXlEWW5fZTZNSFpES05rWElmQ1o0b1RiZUhKYk92Q0RRRHNIa2JuUHJxcEpRRTlxUHpPU0JXeFg5bFE?oc=5\" target=\"_blank\" rel=\"nofollow noopener\">El PP andaluz califica como \u00abfracaso absoluto\u00bb la protesta \u00abcontra Moreno\u00bb por los fallos en los cribados de c\u00e1ncer<\/a>&nbsp;&nbsp;elDiario.es<\/li>\n<\/ol>\n","protected":false},"excerpt":{"rendered":"La ciudadan\u00eda exige la dimisi\u00f3n de Bonilla por la crisis de los cribados de c\u00e1ncer de mama&nbsp;&nbsp;El Salto&hellip;\n","protected":false},"author":2,"featured_media":202669,"comment_status":"","ping_status":"","sticky":false,"template":"","format":"standard","meta":{"footnotes":""},"categories":[5],"tags":[517,17,18,1066,25,24,13,14,11,19,20,9,10,15,16,17109,23,12,21,22],"class_list":{"0":"post-202668","1":"post","2":"type-post","3":"status-publish","4":"format-standard","5":"has-post-thumbnail","7":"category-titulares","8":"tag-actualidad","9":"tag-breaking-news","10":"tag-breakingnews","11":"tag-cancer","12":"tag-es","13":"tag-espana","14":"tag-featured-news","15":"tag-featurednews","16":"tag-headlines","17":"tag-latest-news","18":"tag-latestnews","19":"tag-news","20":"tag-noticias","21":"tag-noticias-destacadas","22":"tag-noticiasdestacadas","23":"tag-sanidad-publica","24":"tag-spain","25":"tag-titulares","26":"tag-ultimas-noticias","27":"tag-ultimasnoticias"},"share_on_mastodon":{"url":"https:\/\/pubeurope.com\/@es\/115443208306333611","error":""},"_links":{"self":[{"href":"https:\/\/www.europesays.com\/es\/wp-json\/wp\/v2\/posts\/202668","targetHints":{"allow":["GET"]}}],"collection":[{"href":"https:\/\/www.europesays.com\/es\/wp-json\/wp\/v2\/posts"}],"about":[{"href":"https:\/\/www.europesays.com\/es\/wp-json\/wp\/v2\/types\/post"}],"author":[{"embeddable":true,"href":"https:\/\/www.europesays.com\/es\/wp-json\/wp\/v2\/users\/2"}],"replies":[{"embeddable":true,"href":"https:\/\/www.europesays.com\/es\/wp-json\/wp\/v2\/comments?post=202668"}],"version-history":[{"count":0,"href":"https:\/\/www.europesays.com\/es\/wp-json\/wp\/v2\/posts\/202668\/revisions"}],"wp:featuredmedia":[{"embeddable":true,"href":"https:\/\/www.europesays.com\/es\/wp-json\/wp\/v2\/media\/202669"}],"wp:attachment":[{"href":"https:\/\/www.europesays.com\/es\/wp-json\/wp\/v2\/media?parent=202668"}],"wp:term":[{"taxonomy":"category","embeddable":true,"href":"https:\/\/www.europesays.com\/es\/wp-json\/wp\/v2\/categories?post=202668"},{"taxonomy":"post_tag","embeddable":true,"href":"https:\/\/www.europesays.com\/es\/wp-json\/wp\/v2\/tags?post=202668"}],"curies":[{"name":"wp","href":"https:\/\/api.w.org\/{rel}","templated":true}]}}