{"id":202675,"date":"2025-10-27T00:13:09","date_gmt":"2025-10-27T00:13:09","guid":{"rendered":"https:\/\/www.europesays.com\/es\/202675\/"},"modified":"2025-10-27T00:13:09","modified_gmt":"2025-10-27T00:13:09","slug":"mbappe-y-bellingham-guian-el-triunfo-del-real-madrid-en-el-clasico-2-1-la-voz-de-galicia","status":"publish","type":"post","link":"https:\/\/www.europesays.com\/es\/202675\/","title":{"rendered":"Mbapp\u00e9 y Bellingham gu\u00edan el triunfo del Real Madrid en el cl\u00e1sico (2-1) &#8211; La Voz de Galicia"},"content":{"rendered":"<ol>\n<li><a href=\"https:\/\/news.google.com\/rss\/articles\/CBMilAFBVV95cUxQRzczUHRvNDFWVW1QRlFBRHB4UGwzSWRYbEY0bzVDaDlUbDJZbzQyM0xKQ3hYY0hTa2t2NXFjUV8xN3lnUVdTVnQxYTZGTGlXbEVGU2NtV2dSeGZPRy13NVZ1NmQ4cVBhWnpLclIyMmJmOGxVM1RBc19VdkJkMWs4a2xKLU43aUZUczRpckw3NzVaQkJa0gGwAUFVX3lxTE9jSk4yY1U0blRBY2RDV0FKc2VvYkdUc2xpUGY1ZGIwU2c3eHY3SEFWODU0X29XT3h2RXVlYVJKSENYUDZKWUxFS2lKcnJoYzdMbVEtLWJlVTZKT2JLcGw4dTBIVnRTc2MyQTNXOXl3ajFkbmF0UjVJNUV4b0VHc1JqTDRjdGRkZ0VsNFY5dWVRdHJNU0tMYkppY3lwSFJfaHl4U3N1MnJzNnZDY1lRYTNj?oc=5\" target=\"_blank\" rel=\"nofollow noopener\">Mbapp\u00e9 y Bellingham gu\u00edan el triunfo del Real Madrid en el cl\u00e1sico (2-1)<\/a>&nbsp;&nbsp;La Voz de Galicia<\/li>\n<li><a href=\"https:\/\/news.google.com\/rss\/articles\/CBMinAFBVV95cUxOLWhvcWRiS1kxakZSdTZBTXZNU0VyTi1YS0hyM296WWtyZDdJQnhLNm1qYTEyUkNWdGlNVVRLWG1PbFRFdkY2ZDJ1TGV6bzNqUTlLYTBpbHExX3FJMTNCcE9HNWxacTJybUJTWGRVa1REcVNFeGpqaDBKMEhsMzk5S1lQbnc1c2hsVXgxWURLb3M5RkY3Qk9wOWJQQkfSAZwBQVVfeXFMTVc0NGh4LUlHM0xhb1VPTVJ1SHZCbldMREtveU1raEpqTUNuV2FnaWJZS1pzM1daQkxjbm00QjF1c3RJQ2dMNXhtSWpuQkUyLW1JZXMwUDBNTjZqbV9odUhuYXdpU19nZUhFelJkNk1mMHg5OENYbVRpcWtXMkZXVndjN1lkaV9KZkxidmxWbDlXNnBOVGNmSHl6SndC?oc=5\" target=\"_blank\" rel=\"nofollow noopener\">Todo lo que pas\u00f3 en el Madrid-Bar\u00e7a: revisiones del VAR, el gigantesco enfado de Vinicius con Xabi Alonso, la tangana final con Lamine Yamal&#8230;<\/a>&nbsp;&nbsp;El Mundo<\/li>\n<li><a href=\"https:\/\/news.google.com\/rss\/articles\/CBMisgFBVV95cUxNRDZWd2xpOTgxaC1pNHk4YnU2eV8xRjFpdDJlbmNKOTJ0RzRuNlVKTWpVbjd3eEdZQjdqNXFVMnBMMUQyUjV2YzFTQ2JxV0k0ZnZBdTNDbmZlMUloaEFwdElEeGFQQXYxejN6TGtDNjFpQm5LeW5HMEJzRGVzVUdvVXNvX09ZcXFNSXlNT3ZTY1dxS3Y5cmF3eEFndU5GR2pJVUljZ0p5VVZ3S3lMVmt5NEtR0gHGAUFVX3lxTFB5ZzMtbU5NMXlUZHZwSl9hYkNBWVk2RzdOQlI1dVRHLXRGVEFHS3B0Yi1CZG5jTHVSLURfRFdEV0t0MzNOU0ZCRndhSmFQczNNdGJlTVRHLXh5TlZ0SUVKLTNQQTJ2N3hhZER1M3l3WmYtZnVNdnFzZ3g3OW5PV3VXM3pJV2tMZVBvaE9sQXk2WDBrZ2FhVDVUWnQwblUzUzh3LTFtQ0pmc1hTQU1RTnhGWFVqeXBIUlg1N2VGMEF5RFdTMDlCQQ?oc=5\" target=\"_blank\" rel=\"nofollow noopener\">Lamine Yamal, protagonista de los memes m\u00e1s divertidos de El Cl\u00e1sico<\/a>&nbsp;&nbsp;Diario AS<\/li>\n<li><a href=\"https:\/\/news.google.com\/rss\/articles\/CBMijAFBVV95cUxPVjNqV2s3UGdTUVc2MWhqWWNvSjQwY0NMWW9Eb3Z1NmM0Z3BGU2tPaC1ZMDB1WXlMM1V3bmdDaVJFaE1kSEtVaE1zZEc4QnJoLThxTjY5QWQ1WVRZMHllbDZQb1FpLWd5NGFIZUZ2UDlUOU8zZHBKektMdnZmajFFQnhQVTZqNnd1SklqRw?oc=5\" target=\"_blank\" rel=\"nofollow noopener\">Una victoria para callar a Lamine | F\u00fatbol | Deportes<\/a>&nbsp;&nbsp;EL PA\u00cdS<\/li>\n<li><a href=\"https:\/\/news.google.com\/rss\/articles\/CBMizAFBVV95cUxPYXRObDJmUUxLalZXc3ZSRWVfY2w4WUgta3JnakI2aC0wREtUYllNdXJvcmF6cUdDT2ZmTWVxSHdwME1lalh2U1cyeFdyQkV2RVphY29xZTBlbGgtSEZQcjBwRHF6d0pJSEdTRzVQb3UzbUpDb3RtQ3NrMG1jRndDc3RvMDhaSl8xZWlrWnlua29tT3BYWVFXR0JBRTExVy0ySUNFYWFYN2RrbWc5d2F3d01wWVh5Q1NBVE5nLW9jRE5kaWtySHNENzdqNnPSAcwBQVVfeXFMT2EzLU1TM3lkRzBKX2cyODI0WFl4Z0RKYm56RU1MYVJocENTTHNDQTNqcmxLX1ZfSDZ1M2lPRHc5MVlUN0IxOVpJM0NRRzJwaDRucmV3Q1lNQ0lfX05WYmZlUFJOVTdISVU0M0JfZFYtUUNvbURValZJakFnM1pnZkxiZGpPYXRDcDhzSkZLa3VDWWZqSVptbWE2b2JtWTZMdS03TUNhRkRoYlUwWXhkQ0ZacnBWWEJvQ2h5M3Y3bE1yYUhmUTBoeEdVdFF0?oc=5\" target=\"_blank\" rel=\"nofollow noopener\">EN DIRECTO | Real Madrid vs Barcelona | Reacciones y ruedas de prensa de EL CL\u00c1SICO en vivo<\/a>&nbsp;&nbsp;MARCA<\/li>\n<\/ol>\n","protected":false},"excerpt":{"rendered":"Mbapp\u00e9 y Bellingham gu\u00edan el triunfo del Real Madrid en el cl\u00e1sico (2-1)&nbsp;&nbsp;La Voz de Galicia Todo lo&hellip;\n","protected":false},"author":2,"featured_media":202676,"comment_status":"","ping_status":"","sticky":false,"template":"","format":"standard","meta":{"footnotes":""},"categories":[268],"tags":[168,25,24,881,280,282,24019,8040,8138,3048,281,23,167],"class_list":{"0":"post-202675","1":"post","2":"type-post","3":"status-publish","4":"format-standard","5":"has-post-thumbnail","7":"category-futbol","8":"tag-deportes","9":"tag-es","10":"tag-espana","11":"tag-fc-barcelona","12":"tag-football","13":"tag-futbol","14":"tag-jude-bellingham","15":"tag-kylian-mbappe","16":"tag-lamine-yamal","17":"tag-real-madrid","18":"tag-soccer","19":"tag-spain","20":"tag-sports"},"share_on_mastodon":{"url":"https:\/\/pubeurope.com\/@es\/115443243649514705","error":""},"_links":{"self":[{"href":"https:\/\/www.europesays.com\/es\/wp-json\/wp\/v2\/posts\/202675","targetHints":{"allow":["GET"]}}],"collection":[{"href":"https:\/\/www.europesays.com\/es\/wp-json\/wp\/v2\/posts"}],"about":[{"href":"https:\/\/www.europesays.com\/es\/wp-json\/wp\/v2\/types\/post"}],"author":[{"embeddable":true,"href":"https:\/\/www.europesays.com\/es\/wp-json\/wp\/v2\/users\/2"}],"replies":[{"embeddable":true,"href":"https:\/\/www.europesays.com\/es\/wp-json\/wp\/v2\/comments?post=202675"}],"version-history":[{"count":0,"href":"https:\/\/www.europesays.com\/es\/wp-json\/wp\/v2\/posts\/202675\/revisions"}],"wp:featuredmedia":[{"embeddable":true,"href":"https:\/\/www.europesays.com\/es\/wp-json\/wp\/v2\/media\/202676"}],"wp:attachment":[{"href":"https:\/\/www.europesays.com\/es\/wp-json\/wp\/v2\/media?parent=202675"}],"wp:term":[{"taxonomy":"category","embeddable":true,"href":"https:\/\/www.europesays.com\/es\/wp-json\/wp\/v2\/categories?post=202675"},{"taxonomy":"post_tag","embeddable":true,"href":"https:\/\/www.europesays.com\/es\/wp-json\/wp\/v2\/tags?post=202675"}],"curies":[{"name":"wp","href":"https:\/\/api.w.org\/{rel}","templated":true}]}}