{"id":202713,"date":"2025-10-27T00:47:45","date_gmt":"2025-10-27T00:47:45","guid":{"rendered":"https:\/\/www.europesays.com\/es\/202713\/"},"modified":"2025-10-27T00:47:45","modified_gmt":"2025-10-27T00:47:45","slug":"siempre-me-he-arrepentido-de-no-haberlo-hecho","status":"publish","type":"post","link":"https:\/\/www.europesays.com\/es\/202713\/","title":{"rendered":"Siempre me he arrepentido de no haberlo hecho"},"content":{"rendered":"<p class=\"ft-text\"><strong>Mainat<\/strong> vuelve a ser noticia por los titulares que ha dejado tras su paso por el podcast &#8216;Vidas contadas&#8217;. El productor de &#8216;<a class=\"ft-link ft-link--decoration\" href=\"https:\/\/www.diariodemallorca.es\/tags\/operacion-triunfo\/\" rel=\"nofollow noopener\" target=\"_blank\">Operaci\u00f3n Triunfo<\/a>&#8216; asegur\u00f3 ante los micr\u00f3fonos estar arrepentido de no haber despedido a <a class=\"ft-link ft-link--decoration\" href=\"https:\/\/www.diariodemallorca.es\/tags\/risto-mejide\/\" rel=\"nofollow noopener\" target=\"_blank\">Risto Mejide<\/a> en directo.<\/p>\n<p class=\"ft-text\">Mainat cont\u00f3 los comienzos del publicista en el talent show, que se acababa de mudar de TVE a Telecinco y c\u00f3mo con el paso del tiempo le sugiri\u00f3 a Risto empezar a criticar de manera m\u00e1s dura a algunos concursantes: \u00abPoco a poco, \u00e9l se iba animando y yo le dec\u00eda:<strong> &#8216;Vamos a meterle ca\u00f1a a este&#8217;.<\/strong> Y le met\u00edamos un poco de ca\u00f1a. Al cabo de poco se fue desbordando, ya no me hac\u00eda caso\u00bb.<\/p>\n<p class=\"ft-text\">Precisamente cuando Mejide dej\u00f3 de hacer caso a las \u00f3rdenes que recib\u00eda, fue cuando sus intervenciones empezaron a chocar en el equipo, pues el ahora presentador de &#8216;Todo es mentira&#8217; aprovechaba su momento en pantalla para arremeter contra todo aquel que decidiera: \u00abSe met\u00eda con las luces, con el vestuario y con el programa\u201d.<\/p>\n<p class=\"ft-text\">Pero la gala m\u00e1s complicada fue una emitida en 2009 cuando Risto, ni corto ni perezoso, mand\u00f3 a los espectadores a la competencia: \u00abDijo:<strong> &#8216;Se\u00f1ores, miren Antena 3, que es mucho mejor lo que hacen ahora que esta mierda que hacemos aqu\u00ed&#8217;.<\/strong> Esto lo hace cualquier otra persona haciendo su papel y queda fulminantemente despedido\u00bb, narra el productor. Justo ese d\u00eda se produjo su recordado choque con Jes\u00fas V\u00e1zquez por un comentario hom\u00f3fobo, que a\u00f1os m\u00e1s tarde el publicista reconoci\u00f3 en &#8216;Chester&#8217; frente al propio V\u00e1zquez.<\/p>\n<p class=\"ft-text\">\u00abSi Jes\u00fas V\u00e1zquez no hubiera reaccionado, <strong>hubi\u00e9ramos salido nosotros a despedirlo. <\/strong>Teniamos una americana preparada para salir al escenario a decirle: &#8216;Se\u00f1or, queda despedido&#8217;. Siempre me he arrepentido de no haberlo hecho\u00bb, confirma Mainat, que recuerda c\u00f3mo se gest\u00f3 finalmente el despido del publicista: \u00abLlamamos a Telecinco y qued\u00f3 despedido\u00bb.<\/p>\n","protected":false},"excerpt":{"rendered":"Mainat vuelve a ser noticia por los titulares que ha dejado tras su paso por el podcast &#8216;Vidas&hellip;\n","protected":false},"author":2,"featured_media":202714,"comment_status":"","ping_status":"","sticky":false,"template":"","format":"standard","meta":{"footnotes":""},"categories":[91],"tags":[4880,2125,146,147,25,24,16022,38778,55598,55395,36229,222,2320,7197,36228,24468,23],"class_list":{"0":"post-202713","1":"post","2":"type-post","3":"status-publish","4":"format-standard","5":"has-post-thumbnail","7":"category-entretenimiento","8":"tag-despedir","9":"tag-directo","10":"tag-entertainment","11":"tag-entretenimiento","12":"tag-es","13":"tag-espana","14":"tag-estuvo","15":"tag-jesus-vazquez","16":"tag-josep-maria-mainat","17":"tag-mainat","18":"tag-mejide","19":"tag-operacion-triunfo","20":"tag-punto","21":"tag-recuerda","22":"tag-risto","23":"tag-risto-mejide","24":"tag-spain"},"share_on_mastodon":{"url":"https:\/\/pubeurope.com\/@es\/115443381388502790","error":""},"_links":{"self":[{"href":"https:\/\/www.europesays.com\/es\/wp-json\/wp\/v2\/posts\/202713","targetHints":{"allow":["GET"]}}],"collection":[{"href":"https:\/\/www.europesays.com\/es\/wp-json\/wp\/v2\/posts"}],"about":[{"href":"https:\/\/www.europesays.com\/es\/wp-json\/wp\/v2\/types\/post"}],"author":[{"embeddable":true,"href":"https:\/\/www.europesays.com\/es\/wp-json\/wp\/v2\/users\/2"}],"replies":[{"embeddable":true,"href":"https:\/\/www.europesays.com\/es\/wp-json\/wp\/v2\/comments?post=202713"}],"version-history":[{"count":0,"href":"https:\/\/www.europesays.com\/es\/wp-json\/wp\/v2\/posts\/202713\/revisions"}],"wp:featuredmedia":[{"embeddable":true,"href":"https:\/\/www.europesays.com\/es\/wp-json\/wp\/v2\/media\/202714"}],"wp:attachment":[{"href":"https:\/\/www.europesays.com\/es\/wp-json\/wp\/v2\/media?parent=202713"}],"wp:term":[{"taxonomy":"category","embeddable":true,"href":"https:\/\/www.europesays.com\/es\/wp-json\/wp\/v2\/categories?post=202713"},{"taxonomy":"post_tag","embeddable":true,"href":"https:\/\/www.europesays.com\/es\/wp-json\/wp\/v2\/tags?post=202713"}],"curies":[{"name":"wp","href":"https:\/\/api.w.org\/{rel}","templated":true}]}}