{"id":202724,"date":"2025-10-27T01:00:29","date_gmt":"2025-10-27T01:00:29","guid":{"rendered":"https:\/\/www.europesays.com\/es\/202724\/"},"modified":"2025-10-27T01:00:29","modified_gmt":"2025-10-27T01:00:29","slug":"buen-ambiente-y-menos-participantes-en-el-dia-de-la-bicicleta-del-poligono-de-toledo-impulsado-por-la-asociacion-de-vecinos","status":"publish","type":"post","link":"https:\/\/www.europesays.com\/es\/202724\/","title":{"rendered":"Buen ambiente y menos participantes en el D\u00eda de la Bicicleta del Pol\u00edgono de Toledo impulsado por la asociaci\u00f3n de vecinos"},"content":{"rendered":"<p style=\"\">Buen ambiente pero menos participantes que en otras ediciones ha tenido este domingo el D\u00eda de la Bicicleta que desde hace 16 a\u00f1os organiza la Asociaci\u00f3n de Vecinos &#8216;El Tajo&#8217; con la colaboraci\u00f3n de varias entidades (Bicicletas  Pina, Grupo Auto-Motor, Bonilla Motor y FotoCenik)  &#8230; y el Ayuntamiento de Toledo.<\/p>\n<p class=\"voc-p\" style=\"\">Poco antes de las 11:00 horas cientos de vecinos, algunos acompa\u00f1ados de sus hijos, han comenzado a llegar a la explanada de la biblioteca &#8216;Almudena Grandes&#8217; del barrio del Pol\u00edgono, lugar del que part\u00eda la ruta, con un recorrido m\u00e1s corto para los ni\u00f1os.<\/p>\n<p class=\"voc-p\" style=\"\">El concejal de Deportes, Rub\u00e9n Lozano, que tambi\u00e9n ha participado en el D\u00eda de la Bicicleta, ha indicado que <strong>este evento \u00abes el sexto de 2025 en esta Ciudad Europea del Deporte<\/strong>,  a\u00f1o en el que estamos incentivando y promoviendo muchos eventos deportivos y c\u00f3mo no en esta ciudad de larga tradici\u00f3n ciclista con  esta nueva edici\u00f3n del D\u00eda de la Bicicleta\u00ab.<\/p>\n<p><img decoding=\"async\" loading=\"lazy\" src=\"https:\/\/www.europesays.com\/es\/wp-content\/uploads\/2025\/10\/ruben-U35880057377EmU-760x427@diario_abc.jpg\" class=\"voc-img\" width=\"760\" height=\"427\" alt=\"El concejal de Deportes de Toledo, Rub\u00e9n Lozano, listo para pedalear\" data-voc-vtm-id=\"in-text-traffic\"\/><\/p>\n<p>El concejal de Deportes de Toledo, Rub\u00e9n Lozano, listo para pedalear<\/p>\n<p>ABC<\/p>\n<p class=\"voc-p\" style=\"\">Rub\u00e9n Lozano ha agradecido a todos los participantes su presencia \u00aben un d\u00eda festivo y deportivo, y aunque el tiempo no acompa\u00f1a, y la participaci\u00f3n es menor que otros a\u00f1os, el ambiente es  extraordinario y bueno, con muchas familias completas con su bicicleta\u00bb.<\/p>\n<p class=\"voc-p\" style=\"\">El PSOE de Toledo ha reclamado este domingo m\u00e1s carriles bici y m\u00e1s compromiso del ayuntamiento con la movilidad sostenible, durante la celebraci\u00f3n del &#8216;D\u00eda de la Bicicleta&#8217;, organizado por la Asociaci\u00f3n de Vecinos &#8216;El Tajo&#8217; desde hace 16 a\u00f1os, con cooperaci\u00f3n con otras instituciones y entidades. En la cita participaron la viceportavoz socialista, Ana Abell\u00e1n, y la concejala socialista Laura Villaca\u00f1as, acompa\u00f1ando a los vecinos en una jornada que une deporte, convivencia y reivindicaci\u00f3n ciudadana.<\/p>\n<p class=\"voc-p\" style=\"\">\u00abEl D\u00eda de la Bicicleta no es solo una fiesta, es la voz de los vecinos y las vecinas pidiendo un Toledo m\u00e1s verde, m\u00e1s amable y m\u00e1s moderna. Una ciudad donde moverse en bici no sea un riesgo, sino una opci\u00f3n real\u00bb, ha afirmado Abell\u00e1n.<\/p>\n<p><img decoding=\"async\" loading=\"lazy\" src=\"https:\/\/www.europesays.com\/es\/wp-content\/uploads\/2025\/10\/bullaque-U77550450368ciC-760x427@diario_abc.jpg\" class=\"voc-img\" width=\"760\" height=\"427\" alt=\"Participantes por la calle R\u00edo Bullaque, donde ha finalizado el recorrido de los m\u00e1s peque\u00f1os\" data-voc-vtm-id=\"in-text-traffic\"\/><\/p>\n<p>Participantes por la calle R\u00edo Bullaque, donde ha finalizado el recorrido de los m\u00e1s peque\u00f1os<\/p>\n<p>ABC<\/p>\n<p class=\"voc-p\" style=\"\">Al final de recorrido <strong>se han sorteado tres bicicletas<\/strong>, dos donadas por Auto-Motor y una por el Patronato Deportivo de Toledo, adem\u00e1s de dos cascos aportados por Bicicletas Pina y dos cajas de vino de San Antonio Abad, de Villaca\u00f1as. Al sorteo se acced\u00eda comprando papeletas en la caseta de la Asociaci\u00f3n de Amigos del Pueblo Saharaui instalada en la zona de salida.<\/p>\n<p class=\"voc-p\" style=\"\"> Ana Abell\u00e1n, ha agradecido el trabajo de la Asociaci\u00f3n de Vecinos &#8216;El Tajo&#8217; y su capacidad \u00abpara mantener viva una reivindicaci\u00f3n justa y necesaria: <strong>conectar los barrios mediante carriles bici seguros y bien planificados<\/strong>\u00bb.<\/p>\n<p class=\"voc-p\" style=\"\">El PSOE de Toledo subray\u00f3 que las demandas vecinales est\u00e1n encontrando respuesta en el Gobierno de Espa\u00f1a, que \u00abest\u00e1 actuando con hechos donde el equipo de gobierno de PP y Vox permanece inm\u00f3vil\u00bb. A trav\u00e9s del Ministerio de Transportes y Movilidad Sostenible, el Gobierno de Espa\u00f1a  impulsa proyectos clave para la movilidad ciclista en Toledo, ha a\u00f1adido la concejal socialista. Entre ellos, destaca el nuevo carril bici de la TO-23, que conectar\u00e1 Santa B\u00e1rbara y el Pol\u00edgono de Santa Mar\u00eda de Benquerencia. Con una <strong>inversi\u00f3n de 4,3 millones de euros, contempla 8,8 kil\u00f3metros de v\u00eda ciclista y una pasarela peatonal sobre la carretera TO-23<\/strong>,<strong> respondiendo a una demanda vecinal hist\u00f3rica.<\/strong><\/p>\n<p class=\"voc-p\" style=\"\">Adem\u00e1s, ya se inaugur\u00f3 el itinerario peatonal y carril bici entre la Avenida de Madrid y la glorieta del Salto del Caballo, con 1,28 millones de euros de inversi\u00f3n, mejorando notablemente la accesibilidad y seguridad de peatones y ciclistas.<\/p>\n<p class=\"voc-p\" style=\"\">\u00abLas peticiones vecinales est\u00e1n siendo escuchadas por el Gobierno que preside Pedro S\u00e1nchez. <strong>Donde el Ayuntamiento no act\u00faa, el Gobierno de Espa\u00f1a responde con hechos<\/strong>. Estas inversiones son la prueba del compromiso socialista con Toledo y con sus vecinos y vecinas\u00bb, ha asegurado Ana Abell\u00e1n.<\/p>\n<p class=\"voc-p\" style=\"\">En su opini\u00f3n, \u00abToledo necesita una red ciclista real, que conecte barrios y personas. No basta con fotos ni titulares: hacen falta proyectos y voluntad pol\u00edtica. La bicicleta no es un adorno, es una herramienta de futuro\u00bb, ha subrayado la viceportavoz socialista.<\/p>\n","protected":false},"excerpt":{"rendered":"Buen ambiente pero menos participantes que en otras ediciones ha tenido este domingo el D\u00eda de la Bicicleta&hellip;\n","protected":false},"author":2,"featured_media":202725,"comment_status":"","ping_status":"","sticky":false,"template":"","format":"standard","meta":{"footnotes":""},"categories":[273],"tags":[4952,7554,7560,5436,313,312,168,978,25,24,55600,15667,5503,23,167,1952,3096],"class_list":{"0":"post-202724","1":"post","2":"type-post","3":"status-publish","4":"format-standard","5":"has-post-thumbnail","7":"category-ciclismo","8":"tag-ambiente","9":"tag-asociacion","10":"tag-bicicleta","11":"tag-buen","12":"tag-ciclismo","13":"tag-cycling","14":"tag-deportes","15":"tag-dia","16":"tag-es","17":"tag-espana","18":"tag-impulsado","19":"tag-participantes","20":"tag-poligono","21":"tag-spain","22":"tag-sports","23":"tag-toledo","24":"tag-vecinos"},"share_on_mastodon":{"url":"https:\/\/pubeurope.com\/@es\/115443429014181939","error":""},"_links":{"self":[{"href":"https:\/\/www.europesays.com\/es\/wp-json\/wp\/v2\/posts\/202724","targetHints":{"allow":["GET"]}}],"collection":[{"href":"https:\/\/www.europesays.com\/es\/wp-json\/wp\/v2\/posts"}],"about":[{"href":"https:\/\/www.europesays.com\/es\/wp-json\/wp\/v2\/types\/post"}],"author":[{"embeddable":true,"href":"https:\/\/www.europesays.com\/es\/wp-json\/wp\/v2\/users\/2"}],"replies":[{"embeddable":true,"href":"https:\/\/www.europesays.com\/es\/wp-json\/wp\/v2\/comments?post=202724"}],"version-history":[{"count":0,"href":"https:\/\/www.europesays.com\/es\/wp-json\/wp\/v2\/posts\/202724\/revisions"}],"wp:featuredmedia":[{"embeddable":true,"href":"https:\/\/www.europesays.com\/es\/wp-json\/wp\/v2\/media\/202725"}],"wp:attachment":[{"href":"https:\/\/www.europesays.com\/es\/wp-json\/wp\/v2\/media?parent=202724"}],"wp:term":[{"taxonomy":"category","embeddable":true,"href":"https:\/\/www.europesays.com\/es\/wp-json\/wp\/v2\/categories?post=202724"},{"taxonomy":"post_tag","embeddable":true,"href":"https:\/\/www.europesays.com\/es\/wp-json\/wp\/v2\/tags?post=202724"}],"curies":[{"name":"wp","href":"https:\/\/api.w.org\/{rel}","templated":true}]}}