{"id":202726,"date":"2025-10-27T01:03:11","date_gmt":"2025-10-27T01:03:11","guid":{"rendered":"https:\/\/www.europesays.com\/es\/202726\/"},"modified":"2025-10-27T01:03:11","modified_gmt":"2025-10-27T01:03:11","slug":"nowell-y-diakite-senalados-en-el-baskonia-mas-individualista","status":"publish","type":"post","link":"https:\/\/www.europesays.com\/es\/202726\/","title":{"rendered":"Nowell y Diakite, se\u00f1alados en el Baskonia m\u00e1s individualista"},"content":{"rendered":"<p>La gesti\u00f3n de faltas en la recta final culmin\u00f3 el \u00faltimo desprop\u00f3sito del <a href=\"https:\/\/www.elcorreo.com\/baskonia\/\" title=\"www.elcorreo.com\" data-voc-vtm-id=\"in-text-traffic\" data-mrf-link=\"www.elcorreo.com\" rel=\"nofollow noopener\" target=\"_blank\">Baskonia<\/a>. Con dos personales por hacer, Diakite opt\u00f3 por la peor  &#8230; decisi\u00f3n. Hacerlas despu\u00e9s de dejar correr el tiempo. Estaban los de Galbiati 86-82 en el marcador y una buena defensa habr\u00eda mantenido a\u00fan alguna opci\u00f3n de evitar la derrota. El p\u00edvot, que volvi\u00f3 a hacer un partido discreto, qued\u00f3 se\u00f1alado por su fatal desconexi\u00f3n despu\u00e9s de que Cate se impusiera en su duelo individual.<\/p>\n<p class=\"v-p\">Para entonces, hab\u00eda ya otro jugador azulgrana destacado en cuanto a un rendimiento deficiente. El paso al frente que se esperaba de Markquis Nowell con la lesi\u00f3n de Forrest fue en la otra direcci\u00f3n. El timonel no lleg\u00f3 a los diez minutos de juego, con s\u00f3lo uno en el tercer cuarto y un \u00faltimo periodo al completo en el banquillo. Su prometedora puesta en escena ha quedado diluida con el paso de los partidos en los que no ha logrado hacerse con el control del equipo. En Murcia se fue sin asistir pese a los 6 puntos, con un -9 con \u00e9l en pista.<\/p>\n<p><a href=\"http:\/\/www.elcorreo.com\/baskonia\/ucam-murcia-baskonia-liga-endesa-jornada-4-20251026115426-nt.html#vtm_modulosEngag=mod-rel:baskonia:noticia:1:cmp:2-not\" class=\"v-a-link\" title=\"El Baskonia de las respuestas a medias\" rel=\"nofollow noopener\" target=\"_blank\"><br \/>\n<img decoding=\"async\" loading=\"lazy\" class=\"v-a-img\" src=\"https:\/\/www.europesays.com\/es\/wp-content\/uploads\/2025\/10\/1761526990_980_ucam-murcia-baskonia-cronica-resultado-kMFF--366x256@El Correo.jpg\" alt=\"El Baskonia de las respuestas a medias\"\/><br \/>\n<\/a><\/p>\n<p><a href=\"http:\/\/www.elcorreo.com\/baskonia\/galbiati-dificil-aceptar-derrota-necesitamos-jugadores-20251026150844-nt.html#vtm_modulosEngag=mod-rel:baskonia:noticia:2:cmp:2-not\" class=\"v-a-link\" title=\"Galbiati: \u00abEs dif\u00edcil aceptar una derrota as\u00ed. Necesitamos de todos los jugadores y hoy no ha sido as\u00ed\u00bb\" rel=\"nofollow noopener\" target=\"_blank\"><br \/>\n<img decoding=\"async\" loading=\"lazy\" class=\"v-a-img\" src=\"https:\/\/www.europesays.com\/es\/wp-content\/uploads\/2025\/10\/paolo-galbiati-U23075338639WYH--366x256@El Correo.jpg\" alt=\"Galbiati: \u00abEs dif\u00edcil aceptar una derrota as\u00ed. Necesitamos de todos los jugadores y hoy no ha sido as\u00ed\u00bb\"\/><br \/>\n<\/a><\/p>\n<p class=\"v-p\">Ese apartado tampoco deja en buen lugar a Diop. En sus 15 minutos en cancha, el Baskonia acredit\u00f3 un -16. Su aportaci\u00f3n a ambos lados del parqu\u00e9 volvi\u00f3 a ser insuficiente, con un conjunto de Galbiati de nuevo superado en el rebote (40-37). Las once capturas de Diallo y las nueve de Cabarrot muestran la anarqu\u00eda de un equipo que pec\u00f3 de individualismo durante buena parte del choque.<\/p>\n<p class=\"v-p\">El Baskonia lleg\u00f3 al descanso 11 puntos abajo con s\u00f3lo 3 asistencias en su casillero y ciertas disensiones tanto en el triple como en el ritmo de juego. Hubo una acci\u00f3n, tras un correcalles, en la que Sedekerskis ped\u00eda calma y Galbiati apremiaba con el brazo izquierdo a correr. En otras, Diallo enfilaba hacia el aro a toda velocidad sin mayor perspectiva que esa, sin reparar en que un pase hacia fuera, con sus compa\u00f1eros liberados, podr\u00eda ser mucho mejor opci\u00f3n.<\/p>\n<p class=\"v-p\">Dos de los pases a canasta del intermedio correspond\u00edan al \u00faltimo en llegar, Kobi Simmons. La falta de automatismos y con unos roles a\u00fan por definir permiti\u00f3 al nuevo fichaje asumir la responsabilidad en la segunda parte con mayor acierto que Nowell. Jug\u00f3 todo el \u00faltimo cuarto al completo, con 27 minutos en total (el que m\u00e1s) y un balance positivo (+6) con 17 puntos y cuatro asistencias.<\/p>\n<p class=\"v-p\">Simmons entra con fuerza en el habitual c\u00edrculo de sensaciones de los fichajes azulgranas. Una gran impresi\u00f3n inicial pero sin luego lograr la consistencia necesaria. Le pas\u00f3 a Nowell, a Diallo, o a Frisch, en el que no se conf\u00eda y cuya \u00fanica rotaci\u00f3n fue inesperada, tres minutos en el \u00faltimo cuarto. Su salto a la cancha pudo estar provocado por el bajo nivel f\u00edsico y de rendimiento de Sedekerskis y por tratar de dar un poco de aire a Kurucs, el azulgrana m\u00e1s destacado. El Baskonia mejor\u00f3 cuando Galbiati coloc\u00f3 al let\u00f3n como &#8216;cinco&#8217; de referencia. Pese a que s\u00f3lo atrap\u00f3 un rebote, lider\u00f3 la defensa y aport\u00f3 soluciones en ataque. Aunque eludi\u00f3 lanzar varios triples liberados por los que el t\u00e9cnico italiano le incidir\u00e1 en que los tire. Con un 2 de 3, fue el que mejor porcentaje logr\u00f3 en otro pobre 5 de 20 desde el per\u00edmetro.<\/p>\n","protected":false},"excerpt":{"rendered":"La gesti\u00f3n de faltas en la recta final culmin\u00f3 el \u00faltimo desprop\u00f3sito del Baskonia. Con dos personales por&hellip;\n","protected":false},"author":2,"featured_media":202727,"comment_status":"","ping_status":"","sticky":false,"template":"","format":"standard","meta":{"footnotes":""},"categories":[269],"tags":[299,298,4714,168,23997,25,24,55601,41447,12288,23,167],"class_list":{"0":"post-202726","1":"post","2":"type-post","3":"status-publish","4":"format-standard","5":"has-post-thumbnail","7":"category-baloncesto","8":"tag-baloncesto","9":"tag-basketball","10":"tag-baskonia","11":"tag-deportes","12":"tag-diakite","13":"tag-es","14":"tag-espana","15":"tag-individualista","16":"tag-nowell","17":"tag-senalados","18":"tag-spain","19":"tag-sports"},"share_on_mastodon":{"url":"https:\/\/pubeurope.com\/@es\/115443440601088110","error":""},"_links":{"self":[{"href":"https:\/\/www.europesays.com\/es\/wp-json\/wp\/v2\/posts\/202726","targetHints":{"allow":["GET"]}}],"collection":[{"href":"https:\/\/www.europesays.com\/es\/wp-json\/wp\/v2\/posts"}],"about":[{"href":"https:\/\/www.europesays.com\/es\/wp-json\/wp\/v2\/types\/post"}],"author":[{"embeddable":true,"href":"https:\/\/www.europesays.com\/es\/wp-json\/wp\/v2\/users\/2"}],"replies":[{"embeddable":true,"href":"https:\/\/www.europesays.com\/es\/wp-json\/wp\/v2\/comments?post=202726"}],"version-history":[{"count":0,"href":"https:\/\/www.europesays.com\/es\/wp-json\/wp\/v2\/posts\/202726\/revisions"}],"wp:featuredmedia":[{"embeddable":true,"href":"https:\/\/www.europesays.com\/es\/wp-json\/wp\/v2\/media\/202727"}],"wp:attachment":[{"href":"https:\/\/www.europesays.com\/es\/wp-json\/wp\/v2\/media?parent=202726"}],"wp:term":[{"taxonomy":"category","embeddable":true,"href":"https:\/\/www.europesays.com\/es\/wp-json\/wp\/v2\/categories?post=202726"},{"taxonomy":"post_tag","embeddable":true,"href":"https:\/\/www.europesays.com\/es\/wp-json\/wp\/v2\/tags?post=202726"}],"curies":[{"name":"wp","href":"https:\/\/api.w.org\/{rel}","templated":true}]}}