{"id":202730,"date":"2025-10-27T01:05:07","date_gmt":"2025-10-27T01:05:07","guid":{"rendered":"https:\/\/www.europesays.com\/es\/202730\/"},"modified":"2025-10-27T01:05:07","modified_gmt":"2025-10-27T01:05:07","slug":"no-tendria-problemas-en-juntar-a-las-dos-familias","status":"publish","type":"post","link":"https:\/\/www.europesays.com\/es\/202730\/","title":{"rendered":"No tendr\u00eda problemas en juntar a las dos familias"},"content":{"rendered":"<p data-journey-content=\"true\" data-node-id=\"3\" class=\"css-6wxqfj emevuu60\">Lo confieso: iba con pies de plomo y <strong data-node-id=\"3.1\">con bastante cautela<\/strong> a mi entrevista con Alejandra Rubio. En televisi\u00f3n tiene una imagen dura y me esperaba que se revolviera con alguna de  mis preguntas. Pero todo lo contrario. En el t\u00fa a t\u00fa, la hija de <a href=\"https:\/\/www.diezminutos.es\/terelu-campos\/\" target=\"_blank\" data-vars-ga-outbound-link=\"https:\/\/www.diezminutos.es\/terelu-campos\/\" data-vars-ga-ux-element=\"Hyperlink\" data-vars-ga-call-to-action=\"Terelu Campos \" data-node-id=\"3.3\" class=\"body-link css-177bzfx emevuu60\" rel=\"nofollow noopener\">Terelu Campos <\/a>es <strong data-node-id=\"3.5\">c\u00e1lida, muy amable y tiene mano izquierda<\/strong> para salir por la tangente cuando no le apetece contestar. Quedamos con ella en el evento anual donde <a href=\"https:\/\/www.diezminutos.es\/famosos-corazon\/famosos-espanoles\/a69033118\/marta-sanchez-ausonia-evento-cancer-recuerdo-hermana-investigacion\/\" data-vars-ga-outbound-link=\"https:\/\/www.diezminutos.es\/famosos-corazon\/famosos-espanoles\/a69033118\/marta-sanchez-ausonia-evento-cancer-recuerdo-hermana-investigacion\/\" data-vars-ga-ux-element=\"Hyperlink\" data-vars-ga-call-to-action=\"Ausonia presenta su importante campa\u00f1a\" data-node-id=\"3.7\" class=\"body-link css-177bzfx emevuu60\" rel=\"nofollow noopener\" target=\"_blank\">Ausonia presenta su importante campa\u00f1a<\/a> para recaudar fondos contra el c\u00e1ncer de mama. El local, en el centro de Madrid, estaba a rebosar y <strong data-node-id=\"3.9\">Alejandra Rubio lleg\u00f3 sonriente junto a su madre<\/strong>. Es el segundo a\u00f1o que la nieta de Teresa Campos ejerce de embajadora y se mostr\u00f3 orgullosa de poder aportar su granito de arena a una enfermedad que le ha tocado tan de cerca. <\/p>\n<p data-journey-content=\"true\" data-node-id=\"6\" class=\"css-6wxqfj emevuu60\">Despu\u00e9s de posar en el photocall, Alejandra se sent\u00f3 para hablar conmigo. <strong data-node-id=\"6.1\">Llevaba un vaporoso vestido blanco que combin\u00f3 con unas botas<\/strong> y se la notaba relajada. Sabe que toca hablar de su familia pol\u00edtica, con la que asegura llevarse de maravilla, y la actitud que me transmiti\u00f3 desde el principio es calma. <strong data-node-id=\"6.3\">No tiene ganas de entrar en la pol\u00e9mica de Mar Flores con su exmarido, Carlo Costanzia<\/strong>, sino que solamente quiere vivir feliz junto a los suyos. Al igual que Carlo Costanzia, su novio, <a href=\"https:\/\/www.diezminutos.es\/famosos-corazon\/famosos-espanoles\/a69002478\/carlo-costanzia-leido-mar-en-calma-memorias-mar-flores-de-viernes\/\" target=\"_blank\" data-vars-ga-outbound-link=\"https:\/\/www.diezminutos.es\/famosos-corazon\/famosos-espanoles\/a69002478\/carlo-costanzia-leido-mar-en-calma-memorias-mar-flores-de-viernes\/\" data-vars-ga-ux-element=\"Hyperlink\" data-vars-ga-call-to-action=\"que tambi\u00e9n ha reconocido que no quiere posicionarse\" data-node-id=\"6.5\" class=\"body-link css-177bzfx emevuu60\" rel=\"nofollow noopener\">que tambi\u00e9n ha reconocido que no quiere posicionarse<\/a>, ella se muestra conciliadora. Y ya va pensando en los planes para las fechas m\u00e1s familiares del a\u00f1o, las Navidades. \u00abNo tengo ning\u00fan problema en juntar a las dos familias por Navidad\u00bb, me confes\u00f3 Alejandra. <\/p>\n<p><img draggable=\"true\" alt=\"alejandra rubio\" title=\"alejandra rubio\" loading=\"lazy\" width=\"2500\" height=\"3748\" decoding=\"async\" data-nimg=\"1\" style=\"color:transparent;width:100%;height:auto;\"   src=\"https:\/\/www.europesays.com\/es\/wp-content\/uploads\/2025\/10\/alejandradiezminutos3263-68fa33dec286d.jpg\" class=\"css-0 e1g79fud0\"\/><\/p>\n<p>Add Hearst<\/p>\n<p data-journey-content=\"true\" data-node-id=\"12\" class=\"css-6wxqfj emevuu60\"><strong data-node-id=\"12.0\">La primera vez que tu madre se enfrent\u00f3 al c\u00e1ncer, ten\u00edas 11 a\u00f1os, y la segunda, 17. \u00bfQu\u00e9 recuerdos tienes de aquella \u00e9poca?<\/strong><br data-node-id=\"12.1\"\/>Vi\u00e9ndolo con perspectiva, creo que mi madre me lo puso muy f\u00e1cil, se sacrific\u00f3 para que yo no lo pasara mal. No quiso que la viera sufrir, siempre con sentido del humor. Si me hubiera pillado ahora lo habr\u00eda llevado mucho peor. Entonces no era consciente de la gravedad del asunto.<\/p>\n<p data-journey-content=\"true\" data-node-id=\"14\" class=\"css-6wxqfj emevuu60\"><strong data-node-id=\"14.0\">\u00bfQu\u00e9 consejo le dar\u00edas a alguien que tiene un familiar cercano enfermo de c\u00e1ncer?<\/strong><br data-node-id=\"14.1\"\/>Que lo m\u00e1s importante es estar, nada m\u00e1s. No hace falta hablar, ni preguntar ni soltar frases hechas, que las odio. \u00ab\u00bfC\u00f3mo est\u00e1s?\u00bb. Pues mal, c\u00f3mo voy a estar.<\/p>\n<p data-journey-content=\"true\" data-node-id=\"16\" class=\"css-6wxqfj emevuu60\"><strong data-node-id=\"16.0\">Tu madre me dijo el otro d\u00eda que \u00abser Terelu es un co\u00f1azo\u00bb. \u00bfY ser Alejandra Rubio?<br data-node-id=\"16.0.1\"\/><\/strong>Pues tiene sus cosas buenas y sus cosas malas, como todo en la vida. <\/p>\n<p data-journey-content=\"true\" data-node-id=\"18\" class=\"css-6wxqfj emevuu60\"><strong data-node-id=\"18.0\">\u00bfQu\u00e9 es lo mejor y lo peor de la maternidad?<br data-node-id=\"18.0.1\"\/><\/strong>Lo mejor, todo. Cada d\u00eda vives cosas nuevas y me ha cambiado la vida para bien. Lo peor es la preocupaci\u00f3n constante, creo que no voy a dormir de un tir\u00f3n nunca m\u00e1s.<\/p>\n<p data-journey-content=\"true\" data-node-id=\"20\" class=\"css-6wxqfj emevuu60\"><strong data-node-id=\"20.0\">Hace unos d\u00edas Carlo y t\u00fa confirmasteis que os gustar\u00eda tener m\u00e1s ni\u00f1os. <br data-node-id=\"20.0.1\"\/>\u00bfTu n\u00famero ideal?<br data-node-id=\"20.0.3\"\/><\/strong>No tengo n\u00famero, que sea lo que Dios quiera. No quiero forzar las cosas, soy muy poco de planear, aunque con el ni\u00f1o tienes que tener rutinas.<\/p>\n<p data-journey-content=\"true\" data-node-id=\"22\" class=\"css-6wxqfj emevuu60\"><strong data-node-id=\"22.0\">Carlo tambi\u00e9n habl\u00f3 de boda. Confiesa, \u00bfha hincado ya la rodilla? <\/strong><br data-node-id=\"22.1\"\/>No ha hincado la rodilla, todav\u00eda no.<\/p>\n<p data-journey-content=\"true\" data-node-id=\"24\" class=\"css-6wxqfj emevuu60\"><strong data-node-id=\"24.0\">\u00bfC\u00f3mo ser\u00eda tu enlace so\u00f1ado?<br data-node-id=\"24.0.1\"\/><\/strong>Me encantar\u00eda que fuera una boda familiar, tranquila, sin tener que estar pendiente de invitados que estuvieran por compromiso.<\/p>\n<p data-journey-content=\"true\" data-node-id=\"26\" class=\"css-6wxqfj emevuu60\"><strong data-node-id=\"26.0\">\u00bfQuitar\u00edas los m\u00f3viles?<br data-node-id=\"26.0.1\"\/><\/strong>No lo s\u00e9. Si hay exclusiva, s\u00ed.<\/p>\n<p data-journey-content=\"true\" data-node-id=\"28\" class=\"css-6wxqfj emevuu60\"><strong data-node-id=\"28.0\">\u00bfQu\u00e9 pasar\u00e1 antes? \u00bfBoda o m\u00e1s ni\u00f1os?<br data-node-id=\"28.0.1\"\/><\/strong>\u00a1Igual no pasa nada! No s\u00e9 sabe lo que te deparar\u00e1 la vida.<\/p>\n<p><img draggable=\"true\" alt=\"alejandra rubio en nuestra entrevista\" title=\"alejandra rubio en nuestra entrevista\" loading=\"lazy\" width=\"2500\" height=\"3748\" decoding=\"async\" data-nimg=\"1\" style=\"color:transparent;width:100%;height:auto;\"   src=\"https:\/\/www.europesays.com\/es\/wp-content\/uploads\/2025\/10\/alejandradiezminutos3294-68fa38af29772.jpg\" class=\"css-0 e1g79fud0\"\/><\/p>\n<p>Add Hearst<\/p>\n<p>Alejandra Rubio sobre su hijo: \u00abSolo espero que tome su propio camino\u00bb<\/p>\n<p data-journey-content=\"true\" data-node-id=\"32\" class=\"css-6wxqfj emevuu60\"><strong data-node-id=\"32.0\">Tu madre est\u00e1 encantada con Carlo, \u00bfqu\u00e9 crees que hubiera opinado tu abuela, Mar\u00eda Teresa, de tu chico?<br data-node-id=\"32.0.1\"\/><\/strong>Mi abuela confiaba mucho en m\u00ed, en mi criterio. Me hubiera apoyado fijo y estoy segura<br data-node-id=\"32.2\"\/>de que le encantar\u00eda mi novio como persona. A ella le gustaba la gente con personalidad potente, y Carlo la tiene.<\/p>\n<p data-journey-content=\"true\" data-node-id=\"34\" class=\"css-6wxqfj emevuu60\"><strong data-node-id=\"34.0\">\u00bfC\u00f3mo te definir\u00edas fuera de los focos?<\/strong><br data-node-id=\"34.1\"\/>Soy otra persona cuando estoy en plat\u00f3. Me cuesta mucho abrirme p\u00fablicamente, siento que me cuesta hacerme entender, pero espero ir mejorando.<\/p>\n<p data-journey-content=\"true\" data-node-id=\"36\" class=\"css-6wxqfj emevuu60\"><strong data-node-id=\"36.0\">\u00bfQu\u00e9 crees que has heredado de tu madre y de tu padre?<br data-node-id=\"36.0.1\"\/><\/strong>De mi madre, ser una cabra loca, moverme emocionalmente a otro nivel. Mi madre es todo coraz\u00f3n, la cabeza la usa poco, y a m\u00ed me pasa lo mismo. Uf, mi padre es mi cable a tierra. Es la persona a la que pido consejo, hablo much\u00edsimo con \u00e9l y es important\u00edsimo en mi vida. Tener a mi padre, que est\u00e1 fuera de todo esto, es fundamental porque me da una visi\u00f3n objetiva, que es la que yo necesito.<\/p>\n<p data-journey-content=\"true\" data-node-id=\"38\" class=\"css-6wxqfj emevuu60\"><strong data-node-id=\"38.0\">Has estudiado para ser actriz, \u00bfte gustar\u00eda tener la oportunidad de actuar?<br data-node-id=\"38.0.1\"\/><\/strong>Por supuesto. He cursado tres a\u00f1os en el estudio de Juan Codina y ojal\u00e1, pero es tan dif\u00edcil vivir de ello\u2026<\/p>\n<p data-journey-content=\"true\" data-node-id=\"40\" class=\"css-6wxqfj emevuu60\"><strong data-node-id=\"40.0\">\u00bfTe subir\u00edas a las tablas como tu madre?<br data-node-id=\"40.0.1\"\/><\/strong>Hago lo que tenga que hacer. \u00a1Me vale todo y me gusta todo! Comedia, drama\u2026 Solo con poder vivir de esto ya ser\u00eda impresionante.<\/p>\n<p data-journey-content=\"true\" data-node-id=\"42\" class=\"css-6wxqfj emevuu60\"><strong data-node-id=\"42.0\">\u00bfPero haces castings?<br data-node-id=\"42.0.1\"\/><\/strong>Ese es mi miedo, enfrentarme a un casting y que me digan \u00abah, t\u00fa eres la de la tele\u00bb. Es un tema en el que todav\u00eda estoy trabajando.<\/p>\n<p data-journey-content=\"true\" data-node-id=\"44\" class=\"css-6wxqfj emevuu60\"><strong data-node-id=\"44.0\">\u00bfC\u00f3mo te gustar\u00eda verte dentro de cinco a\u00f1os?<br data-node-id=\"44.0.1\"\/><\/strong>Espero que igual de feliz. <\/p>\n<p data-journey-content=\"true\" data-node-id=\"46\" class=\"css-6wxqfj emevuu60\"><strong data-node-id=\"46.0\">Si el d\u00eda de ma\u00f1ana, tu hijo te dijera que quiere dedicarse a la televisi\u00f3n, <br data-node-id=\"46.0.1\"\/>\u00bfqu\u00e9 consejo le dar\u00edas?<br data-node-id=\"46.0.3\"\/><\/strong>No me lo he planteado, es muy peque\u00f1o todav\u00eda. Yo solo espero que tome su propio camino. Con la palabra propio creo que te respondo.<\/p>\n<p data-journey-content=\"true\" data-node-id=\"48\" class=\"css-6wxqfj emevuu60\"><strong data-node-id=\"48.0\">\u00bfCrees en el amor para toda la vida?<br data-node-id=\"48.0.1\"\/><\/strong>S\u00ed, y no lo digo como algo idealizado, sino como algo que se construye. Es muy dif\u00edcil, pero creo que hay que lucharlo y aportar d\u00eda a d\u00eda.<\/p>\n<p data-journey-content=\"true\" data-node-id=\"50\" class=\"css-6wxqfj emevuu60\"><strong data-node-id=\"50.0\">\u00bfY es algo que practicas con Carlo?<br data-node-id=\"50.0.1\"\/><\/strong>Por supuesto.<\/p>\n<p data-journey-content=\"true\" data-node-id=\"52\" class=\"css-6wxqfj emevuu60\"><strong data-node-id=\"52.0\">Despu\u00e9s de un mes hablando de Mar Flores, de su libro, etc\u2026 \u00bfSientes que esto os ha unido m\u00e1s como pareja?<\/strong><br data-node-id=\"52.1\"\/>Estoy bien y no necesito que nada externo me una como pareja. Estamos muy unidos.<\/p>\n<p data-journey-content=\"true\" data-node-id=\"54\" class=\"css-6wxqfj emevuu60\"><strong data-node-id=\"54.0\">\u00bfAlguna vez has pensado en dejarlo todo?<br data-node-id=\"54.0.1\"\/><\/strong>S\u00ed, pero sinceramente es un trabajo bien pagado y que no requiere esfuerzo f\u00edsico. Tambi\u00e9n te digo, psicol\u00f3gicamente no s\u00e9 si est\u00e1 tan bien pagado. No me puedo quejar. Hay veces que tengo d\u00edas malos y espero aprender a gestionarlos mejor.<\/p>\n<p data-journey-content=\"true\" data-node-id=\"56\" class=\"css-6wxqfj emevuu60\"><strong data-node-id=\"56.0\">\u00bfQu\u00e9 opinas de c\u00f3mo se valora a Carlo y su pasado?<br data-node-id=\"56.0.1\"\/><\/strong>Parece que somos una sociedad avanzada, que cree en la reinserci\u00f3n, pero luego es una mentira como una catedral. Lo veo diariamente y me da pena. Me encantar\u00eda que cambiara para futuras generaciones. Todo el mundo tiene derecho a equivocarse, a levantarse y a rehacer su vida.<\/p>\n<p data-journey-content=\"true\" data-node-id=\"58\" class=\"css-6wxqfj emevuu60\"><strong data-node-id=\"58.0\">Siempre dices que no tienes problemas con Mar Flores. \u00bfTe animar\u00edas a juntar a las familias en Navidad?<br data-node-id=\"58.0.1\"\/><\/strong>Yo s\u00ed, soy s\u00faper familiar y no tendr\u00eda ning\u00fan problema en juntarles a todos.<\/p>\n<p><img src=\"https:\/\/www.europesays.com\/es\/wp-content\/uploads\/2025\/10\/1761527107_551_7c4494ec-bc13-4f91-94b8-12db6c2792f4_1684752427.file\" alt=\"Headshot of Mar\u00eda Larrocha\" title=\"Headshot of Mar\u00eda Larrocha\" width=\"100%\" height=\"100%\" decoding=\"async\" loading=\"lazy\" class=\"css-o0wq4v ev8dhu53\"\/><\/p>\n<p>Mar\u00eda Larrocha es experta en cine, m\u00fasica, libros y temas relacionados con ecolog\u00eda y sostenibilidad. Y sobre todo, redactora de noticias del coraz\u00f3n, mundo en el que lleva con mucho orgullo desde 2004. \u00bfQui\u00e9n no se relaja leyendo el d\u00eda a d\u00eda de nuestros famosos? Ahora disfruta escribiendo sobre las \u2018celebrities\u2019 en Diez Minutos, donde tambi\u00e9n te cuenta los planes que no te puedes perder o c\u00f3mo poner nuestro granito de arena para hacer un mundo mejor. \u00a0\u00a0<\/p>\n<p>Licenciada en Ciencias de la Informaci\u00f3n por la Universidad Complutense de Madrid, empez\u00f3 en la secci\u00f3n de Cultura de La Raz\u00f3n, para despu\u00e9s trabajar en la radio, recalar como correctora en El Mundo durante unos meses y marcharse un a\u00f1o a Inglaterra para perfeccionar el ingl\u00e9s. De vuelta a Madrid aterriz\u00f3 en la revista Qu\u00e9 me dices!, d\u00f3nde aprendi\u00f3 que se puede hacer periodismo sin perder el sentido del humor. \u00a0\u00a0<\/p>\n","protected":false},"excerpt":{"rendered":"Lo confieso: iba con pies de plomo y con bastante cautela a mi entrevista con Alejandra Rubio. En&hellip;\n","protected":false},"author":2,"featured_media":202731,"comment_status":"","ping_status":"","sticky":false,"template":"","format":"standard","meta":{"footnotes":""},"categories":[174],"tags":[255,6007,55603,4242,146,147,25,24,256,4241,55602,23],"class_list":{"0":"post-202730","1":"post","2":"type-post","3":"status-publish","4":"format-standard","5":"has-post-thumbnail","7":"category-famosos","8":"tag-celebrities","9":"tag-content-type-default","10":"tag-contentid-870100a4-9b2b-4bcf-9175-c555a3bd6973","11":"tag-displaytype-standard-article","12":"tag-entertainment","13":"tag-entretenimiento","14":"tag-es","15":"tag-espana","16":"tag-famosos","17":"tag-locale-es","18":"tag-shorttitle-alejandra-rubio-desvela-sus-planes-para-navidad","19":"tag-spain"},"share_on_mastodon":{"url":"https:\/\/pubeurope.com\/@es\/115443448544652189","error":""},"_links":{"self":[{"href":"https:\/\/www.europesays.com\/es\/wp-json\/wp\/v2\/posts\/202730","targetHints":{"allow":["GET"]}}],"collection":[{"href":"https:\/\/www.europesays.com\/es\/wp-json\/wp\/v2\/posts"}],"about":[{"href":"https:\/\/www.europesays.com\/es\/wp-json\/wp\/v2\/types\/post"}],"author":[{"embeddable":true,"href":"https:\/\/www.europesays.com\/es\/wp-json\/wp\/v2\/users\/2"}],"replies":[{"embeddable":true,"href":"https:\/\/www.europesays.com\/es\/wp-json\/wp\/v2\/comments?post=202730"}],"version-history":[{"count":0,"href":"https:\/\/www.europesays.com\/es\/wp-json\/wp\/v2\/posts\/202730\/revisions"}],"wp:featuredmedia":[{"embeddable":true,"href":"https:\/\/www.europesays.com\/es\/wp-json\/wp\/v2\/media\/202731"}],"wp:attachment":[{"href":"https:\/\/www.europesays.com\/es\/wp-json\/wp\/v2\/media?parent=202730"}],"wp:term":[{"taxonomy":"category","embeddable":true,"href":"https:\/\/www.europesays.com\/es\/wp-json\/wp\/v2\/categories?post=202730"},{"taxonomy":"post_tag","embeddable":true,"href":"https:\/\/www.europesays.com\/es\/wp-json\/wp\/v2\/tags?post=202730"}],"curies":[{"name":"wp","href":"https:\/\/api.w.org\/{rel}","templated":true}]}}