{"id":202750,"date":"2025-10-27T01:17:09","date_gmt":"2025-10-27T01:17:09","guid":{"rendered":"https:\/\/www.europesays.com\/es\/202750\/"},"modified":"2025-10-27T01:17:09","modified_gmt":"2025-10-27T01:17:09","slug":"incautan-4-000-kilos-de-cocaina-con-destino-al-puerto-de-vigo","status":"publish","type":"post","link":"https:\/\/www.europesays.com\/es\/202750\/","title":{"rendered":"Incautan 4.000 kilos de coca\u00edna con destino al puerto de Vigo"},"content":{"rendered":"<p>El Grupo Especial de Operaciones (GEO) de la Polic\u00eda Nacional ha incautado a unas 600 millas (unos 1.100 kil\u00f3metros) de las islas Canarias a un mercante que transportaba<strong> 4.000 kilos de coca\u00edna<\/strong> y cuyo destino final era el <strong>puerto de Vigo.<\/strong><\/p>\n<p>La operaci\u00f3n, realizada en la noche del pasado mi\u00e9rcoles, ha concluido con la detenci\u00f3n de nueve miembros de la tripulaci\u00f3n de este barco, que hab\u00eda <strong>partido del puerto paname\u00f1o de Crist\u00f3bal<\/strong> y que luc\u00eda la <strong>bandera de Tanzania<\/strong>, seg\u00fan ha informado la Polic\u00eda Nacional en un comunicado.<\/p>\n<p>Se trata de una de las grandes operaciones de los \u00faltimos a\u00f1os contra el tr\u00e1fico de drogas por parte de las fuerzas y cuerpos de seguridad del Estado, que el pasado noviembre se <strong>incautaron m\u00e1s de 13.000 kilos<\/strong> de coca\u00edna en el puerto de Algeciras.<\/p>\n<p>En los \u00faltimos meses, los distintos cuerpos policiales han decomisado <strong>1.700 kilos de coca\u00edna<\/strong> en el puerto de Valencia, en una macrooperaci\u00f3n concluida este mismo octubre, y <strong>3.600 kilos de esa misma droga en Galicia<\/strong> el pasado septiembre, adem\u00e1s de muchas otras peque\u00f1as operaciones para luchar contra las drogas, seg\u00fan informa EFE. <\/p>\n<p>En este operativo, el cuerpo policial recibi\u00f3 la primera informaci\u00f3n el 8 de octubre procedente de la estadounidense <strong>Administraci\u00f3n de Control de Drogas<\/strong> (<strong>DEA<\/strong>, en sus siglas en ingl\u00e9s).<\/p>\n<p>Desde entonces, la <strong>Polic\u00eda Nacional<\/strong> coordin\u00f3 el operativo bajo la direcci\u00f3n de la Fiscal\u00eda Especial Antidroga de la Audiencia Nacional y con el apoyo de la Armada Espa\u00f1ola.<\/p>\n<p>La <strong>DEA<\/strong> alert\u00f3 al cuerpo espa\u00f1ol de las actividades de una organizaci\u00f3n criminal internacional que pretend\u00eda llevar a cabo el transporte de una gran cantidad de coca\u00edna a trav\u00e9s del oc\u00e9ano Atl\u00e1ntico.<\/p>\n<p>Sobre las 21:30 horas del pasado mi\u00e9rcoles, y con el apoyo de las Fuerzas Armadas espa\u00f1olas, los GEO de la <strong>Polic\u00eda Nacional<\/strong> establecieron un dispositivo de abordaje sobre el mercante y que se realiz\u00f3 desde un buque de la Armada.<\/p>\n<p>Tras localizar y <strong>detener a los nueve miembros<\/strong>, los agentes encontraron estructuras y construcciones ajenas a lo que se supone que es un buque de carga y que, seg\u00fan la Polic\u00eda Nacional, formaban parte de la log\u00edstica para almacenar las drogas.<\/p>\n<p>De acuerdo con el cuerpo policial, el buque ten\u00eda m\u00e1s de 54 metros de eslora, 12 de manga y cuatro y medio de puntal y <strong>buscaba alcanzar el puerto de Vigo<\/strong>, aunque no ha detallado la edad o la nacionalidad de los detenidos<\/p>\n<p>            <a class=\"articulo-relacionado__media\" href=\"https:\/\/www.elindependiente.com\/internacional\/2025\/10\/26\/fiscalia-francesa-confirma-arrestos-louvre-lamenta-difusion-precipitada\/\" title=\"La Fiscal\u00eda francesa confirma los arrestos del Louvre y lamenta su difusi\u00f3n precipitada\" rel=\"nofollow noopener\" target=\"_blank\"><\/p>\n<p>                <img loading=\"lazy\" decoding=\"async\" src=\"data:image\/svg+xml,%3Csvg%20xmlns=\" http:=\"\" width=\"390\" height=\"220\" alt=\"La Fiscal\u00eda francesa confirma los arrestos del Louvre y lamenta su difusi\u00f3n precipitada\" data-lazy-src=\"https:\/\/www.europesays.com\/es\/wp-content\/uploads\/2025\/10\/grua-louvre-390x220.jpg\"\/><\/p>\n<p>\t\t\t            <\/a><\/p>\n<p>PUBLICIDAD<\/p>\n","protected":false},"excerpt":{"rendered":"El Grupo Especial de Operaciones (GEO) de la Polic\u00eda Nacional ha incautado a unas 600 millas (unos 1.100&hellip;\n","protected":false},"author":2,"featured_media":202751,"comment_status":"","ping_status":"","sticky":false,"template":"","format":"standard","meta":{"footnotes":""},"categories":[8],"tags":[17,18,794,25,24,13,14,11,19,20,9,10,15,16,11739,23,12,21,22],"class_list":{"0":"post-202750","1":"post","2":"type-post","3":"status-publish","4":"format-standard","5":"has-post-thumbnail","7":"category-espana","8":"tag-breaking-news","9":"tag-breakingnews","10":"tag-drogas","11":"tag-es","12":"tag-espana","13":"tag-featured-news","14":"tag-featurednews","15":"tag-headlines","16":"tag-latest-news","17":"tag-latestnews","18":"tag-news","19":"tag-noticias","20":"tag-noticias-destacadas","21":"tag-noticiasdestacadas","22":"tag-policia-nacional","23":"tag-spain","24":"tag-titulares","25":"tag-ultimas-noticias","26":"tag-ultimasnoticias"},"share_on_mastodon":{"url":"https:\/\/pubeurope.com\/@es\/115443495292315297","error":""},"_links":{"self":[{"href":"https:\/\/www.europesays.com\/es\/wp-json\/wp\/v2\/posts\/202750","targetHints":{"allow":["GET"]}}],"collection":[{"href":"https:\/\/www.europesays.com\/es\/wp-json\/wp\/v2\/posts"}],"about":[{"href":"https:\/\/www.europesays.com\/es\/wp-json\/wp\/v2\/types\/post"}],"author":[{"embeddable":true,"href":"https:\/\/www.europesays.com\/es\/wp-json\/wp\/v2\/users\/2"}],"replies":[{"embeddable":true,"href":"https:\/\/www.europesays.com\/es\/wp-json\/wp\/v2\/comments?post=202750"}],"version-history":[{"count":0,"href":"https:\/\/www.europesays.com\/es\/wp-json\/wp\/v2\/posts\/202750\/revisions"}],"wp:featuredmedia":[{"embeddable":true,"href":"https:\/\/www.europesays.com\/es\/wp-json\/wp\/v2\/media\/202751"}],"wp:attachment":[{"href":"https:\/\/www.europesays.com\/es\/wp-json\/wp\/v2\/media?parent=202750"}],"wp:term":[{"taxonomy":"category","embeddable":true,"href":"https:\/\/www.europesays.com\/es\/wp-json\/wp\/v2\/categories?post=202750"},{"taxonomy":"post_tag","embeddable":true,"href":"https:\/\/www.europesays.com\/es\/wp-json\/wp\/v2\/tags?post=202750"}],"curies":[{"name":"wp","href":"https:\/\/api.w.org\/{rel}","templated":true}]}}