{"id":202761,"date":"2025-10-27T01:28:09","date_gmt":"2025-10-27T01:28:09","guid":{"rendered":"https:\/\/www.europesays.com\/es\/202761\/"},"modified":"2025-10-27T01:28:09","modified_gmt":"2025-10-27T01:28:09","slug":"el-plan-de-las-infantas-cristina-y-elena-con-antonio-resines-y-su-mujer-ana-perez-lorente-que-revoluciona-las-redes-sociales","status":"publish","type":"post","link":"https:\/\/www.europesays.com\/es\/202761\/","title":{"rendered":"El plan de las infantas Cristina y Elena con Antonio Resines y su mujer, Ana P\u00e9rez-Lorente, que revoluciona las redes sociales"},"content":{"rendered":"<p class=\"paragraph\" id=\"paragraph_1\">Un nuevo e inesperado plan ha puesto en el foco medi\u00e1tico a las hermanas del<a href=\"https:\/\/www.elespanol.com\/personajes\/felipe_vi\/?utm_cmp_rs=linksinline\" rel=\"nofollow noopener\" target=\"_blank\"><strong> rey Felipe VI<\/strong><\/a> (57 a\u00f1os) y <a href=\"https:\/\/www.elespanol.com\/personajes\/antonio_resines\/?utm_cmp_rs=linksinline\" rel=\"nofollow noopener\" target=\"_blank\"><strong>Antonio Resines<\/strong><\/a> (71). Este fin de semana, la<a href=\"https:\/\/www.elespanol.com\/personajes\/elena_de_borbon_y_grecia\/?utm_cmp_rs=linksinline\" rel=\"nofollow noopener\" target=\"_blank\"><strong> infanta Elena<\/strong><\/a> (61) y la <a href=\"https:\/\/www.elespanol.com\/personajes\/cristina_de_borbon_y_grecia\/?utm_cmp_rs=linksinline\" rel=\"nofollow noopener\" target=\"_blank\"><strong>infanta Cristina<\/strong> <\/a>(60 a\u00f1os) han disfrutado en compa\u00f1\u00eda del actor una escapada cultural en Burgos.<\/p>\n<p class=\"paragraph\" id=\"paragraph_2\">Juntos han visitado el <strong>Museo de la Evoluci\u00f3n Humana<\/strong>, tambi\u00e9n conocida como MEH. A la cita no ha faltado una persona muy especial para ellos: la mujer del int\u00e9rprete, <strong>Ana P\u00e9rez\u2011Lorente<\/strong> (68), amiga \u00edntima de las Infantas desde la \u00e9poca escolar.<\/p>\n<p class=\"paragraph\" id=\"paragraph_3\">Ha sido la propia entidad la que ha mostrado una imagen de sus cuatro destacados invitados en las<strong> redes sociales<\/strong>, provocando la sorpresa de muchos usuarios de esta plataforma social.<\/p>\n<p><img loading=\"lazy\" decoding=\"async\" alt=\"Pablo Urdangarin, arropado por su pareja, Johanna Zott, y su madre, la infanta Cristina, en su \u00faltimo partido.\" height=\"180\" src=\"https:\/\/www.europesays.com\/es\/wp-content\/uploads\/2025\/10\/1003743986284_259582333_320x180.jpg\" width=\"320\" data-lazy-status=\"processed\" data-lazy-info=\"remove loading item 1\"\/><\/p>\n<p><img decoding=\"async\" alt=\"Antonio Resines y su mujer, Ana P\u00e9rez-Lorente, con las infantas Elena y Cristina en su visita al Museo de la Evoluci\u00f3n Humana.\" data-imgm=\"true\" height=\"854\" loading=\"lazy\"  src=\"https:\/\/www.europesays.com\/es\/wp-content\/uploads\/2025\/10\/1003743986504_259585460_1280x1706.jpg\"  width=\"640\"\/><\/p>\n<p>                                                            Antonio Resines y su mujer, Ana P\u00e9rez-Lorente, con las infantas Elena y Cristina en su visita al Museo de la Evoluci\u00f3n Humana.<\/p>\n<p>                    @museoevolucionhumana<\/p>\n<p>\u00abMuy interesadas por los contenidos\u00bb<\/p>\n<p class=\"paragraph\" id=\"paragraph_4\">\u00abHoy nos han visitado en el Museo de la Evoluci\u00f3n Antonio Resines y su mujer Ana P\u00e9rez-Lorente, que <strong>ha venido acompa\u00f1ada de dos de sus mejores amigas de los a\u00f1os escolares<\/strong>, Sus Altezas Reales do\u00f1a Cristina y do\u00f1a Elena de Borb\u00f3n\u00bb, ha publicado la entidad en su cuenta oficial de <strong>Instagram<\/strong>, donde cuentan con m\u00e1s de<strong> 30.000 seguidores.<\/strong><\/p>\n<p class=\"paragraph\" id=\"paragraph_5\">Como suele suceder en estos casos, el aluvi\u00f3n de likes y comentarios no se ha hecho esperar. \u00abQu\u00e9 lujazo de visita\u00bb, \u00abResines, est\u00e1s en todas\u00bb o \u00abespero que hayan pagado las entradas\u00bb son algunos de los comentarios que han compartido los followers del museo.<\/p>\n<p class=\"paragraph\" id=\"paragraph_6\">Las Infantas, seg\u00fan consta en el post,<strong> \u00abse han mostrado muy interesadas por los contenidos cient\u00edficos\u00bb.<\/strong><\/p>\n<p><img decoding=\"async\" alt=\"DL_u445226_081\" height=\"180\" loading=\"lazy\" width=\"320\" data-lazy-status=\"processed\" id=\"191b48d3d2\" src=\"https:\/\/www.elespanol.com\/corazon\/casas-reales\/20251026\/plan-infantas-cristina-elena-antonio-resines-mujer-ana-perez-lorente-revoluciona-redes-sociales\/[\" https:=\"\" data-lazy-info=\"changed src\"\/><\/p>\n<p><img decoding=\"async\" alt=\"La infanta Cristina anima a su hijo Pablo Urdangarin durante uno de sus partidos de balonmano.\" data-imgm=\"true\" height=\"180\" loading=\"lazy\"  src=\"https:\/\/www.europesays.com\/es\/wp-content\/uploads\/2025\/10\/1003743986295_259582524_1024x576.jpg\"  width=\"320\"\/><\/p>\n<p>                                                            La infanta Cristina anima a su hijo Pablo Urdangarin durante uno de sus partidos de balonmano.<\/p>\n<p>                    Europa Press<\/p>\n<p>El plan de Cristina con el balonmano<\/p>\n<p class=\"paragraph\" id=\"paragraph_8\">Durante la visita, tal y como destacan desde la cuenta de Instagram del Museo Evoluci\u00f3n Humana, <strong>\u00abhan conocido tambi\u00e9n los yacimientos de Atapuerca\u00bb.<\/strong><\/p>\n<p class=\"paragraph\" id=\"paragraph_9\">Asimismo, \u00abhan estado acompa\u00f1adas en el MEH por<strong> Rodrigo de la Mu\u00f1oza<\/strong>, educador del museo y uno de los encargados de ofrecer <strong>visitas guiadas<\/strong>. Este museo pertenece a la red de museos de la <strong>Junta de Castilla y Le\u00f3n<\/strong> y se encuentra en la ciudad de <strong>Burgos<\/strong>.<\/p>\n<p class=\"paragraph\" id=\"paragraph_10\">El museo est\u00e1 ubicado en el <strong>Paseo Sierra de Atapuerca<\/strong>, muy cerca del centro y de la<strong> catedral de la ciudad<\/strong>. Es famoso por albergar una amplia exposici\u00f3n de los restos f\u00f3siles y hallazgos originales procedentes de los yacimientos de la Sierra de Atapuerca, declarados <strong>Patrimonio de la Humanidad por la UNESCO. <\/strong><\/p>\n<p class=\"paragraph\" id=\"paragraph_11\">En la actualidad es uno de los principales <strong>atractivos culturales y cient\u00edficos<\/strong> de la ciudad y de Castilla y Le\u00f3n.<\/p>\n<p class=\"paragraph\" id=\"paragraph_12\">Curiosamente, apenas unas horas antes de su visita a MEH, la infanta Cristina se dej\u00f3 ver en el \u00faltimo encuentro deportivo de su hijo <strong><a cmp-ltrk=\"links-parrafos\" cmp-ltrk-idx=\"0\" data-mrf-link=\"https:\/\/www.elespanol.com\/personajes\/pablo_urdangarin\/\" data-mrf-recirculation-id=\"links-parrafos_0\" href=\"https:\/\/www.elespanol.com\/personajes\/pablo_urdangarin\/?utm_cmp_rs=linksinline\" mrfobservableid=\"69120979-bbfb-4ef0-b2e3-4796ff727233\" rel=\"nofollow noopener\" target=\"_blank\">Pablo Urdangarin <\/a><\/strong>(24). El joven, actual jugador de balonmano del <strong>BM Granollers, <\/strong>particip\u00f3 en un encuentro contra el <strong>Bar\u00e7a<\/strong>. Al partido no falt\u00f3 su novia, <strong>Johanna Zott<\/strong> (22), quien se sent\u00f3 cerca de su suegra.<\/p>\n<p><img decoding=\"async\" alt=\"Antonio Resines y su mujer, Ana P\u00e9rez-Lorente, saludan a las infantas Elena y Cristina en el funeral de Paola Caprile.\" data-imgm=\"true\" height=\"180\" loading=\"lazy\"  src=\"https:\/\/www.europesays.com\/es\/wp-content\/uploads\/2025\/10\/1003743800948_256396852_1024x576.jpg\"  width=\"320\"\/><\/p>\n<p>                                                            Antonio Resines y su mujer, Ana P\u00e9rez-Lorente, saludan a las infantas Elena y Cristina en el funeral de Paola Caprile.<\/p>\n<p>                    GTRES<\/p>\n<p>Amistad desde el colegio<\/p>\n<p class=\"paragraph\" id=\"paragraph_14\">La imagen de las hijas de los reyes <a href=\"https:\/\/www.elespanol.com\/personajes\/juan_carlos_i\/?utm_cmp_rs=linksinline\" rel=\"nofollow noopener\" target=\"_blank\"><strong>Juan Carlos I<\/strong><\/a> (87) y <a href=\"https:\/\/www.elespanol.com\/personajes\/reina_sofia\/?utm_cmp_rs=linksinline\" rel=\"nofollow noopener\" target=\"_blank\"><strong>Sof\u00eda<\/strong><\/a> (86) compartiendo un plan tan \u00edntimo ha revolucionado las redes sociales y reavivado el inter\u00e9s por una amistad que se remonta a d\u00e9cadas.<\/p>\n<p class=\"paragraph\" id=\"paragraph_15\">La mujer de Antonio Resines y las Infantas se conocen desde la infancia. Los lazos de afecto entre ellas tuvieron su origen en los patios del colegio privado de <strong>Puerta de Hierro<\/strong> de <strong>Madrid<\/strong>, donde coincidieron.<\/p>\n<p class=\"paragraph\" id=\"paragraph_16\"><strong> \u201cSon amigas de mi mujer, nos whatsappeamos\u201d,<\/strong> declar\u00f3 Antonio Resines en <strong>2024<\/strong>, cuando se le pregunt\u00f3 por el v\u00ednculo que une a su esposa con las hermanas del Jefe de Estado.<\/p>\n<p class=\"paragraph\" id=\"paragraph_17\">Una de las \u00faltimas veces que se les ha visto juntos a los cuatro fue en junio del pasado a\u00f1o, cuando asistieron al funeral de <strong>Paola Caprile,<\/strong> hermana del dise\u00f1ador<a href=\"https:\/\/www.elespanol.com\/personajes\/lorenzo_caprile\/?utm_cmp_rs=linksinline\" rel=\"nofollow noopener\" target=\"_blank\"><strong> Lorenzo Caprile<\/strong><\/a> (58). En el sepelio, las infantas, Resines y su mujer fueron fotografiados juntos.<\/p>\n<p class=\"paragraph\" id=\"paragraph_18\">En <strong>2021<\/strong>, cuando el actor permaneci\u00f3 48 d\u00edas (23 de ellos <strong>en coma<\/strong>) ingresado en la <strong>Unidad de Cuidados Intensivos<\/strong> del <strong>Hospital Universitario Gregorio Mara\u00f1\u00f3n<\/strong> de Madrid a causa de la <strong>Covid-19<\/strong>, este recibi\u00f3 la llamada de la <a href=\"https:\/\/www.elespanol.com\/personajes\/reina_sofia\/?utm_cmp_rs=linksinline\" rel=\"nofollow noopener\" target=\"_blank\"><strong>reina Sof\u00eda<\/strong> <\/a>(86), quien se puso en contacto telef\u00f3nico con \u00e9l para interesarse por su evoluci\u00f3n.<\/p>\n","protected":false},"excerpt":{"rendered":"Un nuevo e inesperado plan ha puesto en el foco medi\u00e1tico a las hermanas del rey Felipe VI&hellip;\n","protected":false},"author":2,"featured_media":202762,"comment_status":"","ping_status":"","sticky":false,"template":"","format":"standard","meta":{"footnotes":""},"categories":[174],"tags":[13518,6042,14486,255,25406,48011,146,147,25,24,256,4536,23],"class_list":{"0":"post-202761","1":"post","2":"type-post","3":"status-publish","4":"format-standard","5":"has-post-thumbnail","7":"category-famosos","8":"tag-antonio-resines","9":"tag-casa-real","10":"tag-casas-reales","11":"tag-celebrities","12":"tag-cristina-de-borbon-y-grecia","13":"tag-elena-de-borbon-y-grecia","14":"tag-entertainment","15":"tag-entretenimiento","16":"tag-es","17":"tag-espana","18":"tag-famosos","19":"tag-instagram","20":"tag-spain"},"share_on_mastodon":{"url":"https:\/\/pubeurope.com\/@es\/115443539071873310","error":""},"_links":{"self":[{"href":"https:\/\/www.europesays.com\/es\/wp-json\/wp\/v2\/posts\/202761","targetHints":{"allow":["GET"]}}],"collection":[{"href":"https:\/\/www.europesays.com\/es\/wp-json\/wp\/v2\/posts"}],"about":[{"href":"https:\/\/www.europesays.com\/es\/wp-json\/wp\/v2\/types\/post"}],"author":[{"embeddable":true,"href":"https:\/\/www.europesays.com\/es\/wp-json\/wp\/v2\/users\/2"}],"replies":[{"embeddable":true,"href":"https:\/\/www.europesays.com\/es\/wp-json\/wp\/v2\/comments?post=202761"}],"version-history":[{"count":0,"href":"https:\/\/www.europesays.com\/es\/wp-json\/wp\/v2\/posts\/202761\/revisions"}],"wp:featuredmedia":[{"embeddable":true,"href":"https:\/\/www.europesays.com\/es\/wp-json\/wp\/v2\/media\/202762"}],"wp:attachment":[{"href":"https:\/\/www.europesays.com\/es\/wp-json\/wp\/v2\/media?parent=202761"}],"wp:term":[{"taxonomy":"category","embeddable":true,"href":"https:\/\/www.europesays.com\/es\/wp-json\/wp\/v2\/categories?post=202761"},{"taxonomy":"post_tag","embeddable":true,"href":"https:\/\/www.europesays.com\/es\/wp-json\/wp\/v2\/tags?post=202761"}],"curies":[{"name":"wp","href":"https:\/\/api.w.org\/{rel}","templated":true}]}}