{"id":202781,"date":"2025-10-27T01:40:07","date_gmt":"2025-10-27T01:40:07","guid":{"rendered":"https:\/\/www.europesays.com\/es\/202781\/"},"modified":"2025-10-27T01:40:07","modified_gmt":"2025-10-27T01:40:07","slug":"la-falta-de-comunicacion-de-una-falla-con-el-ayuntamiento-de-valencia-retraso-media-hora-la-manifestacion-contra-mazon-por-la-dana","status":"publish","type":"post","link":"https:\/\/www.europesays.com\/es\/202781\/","title":{"rendered":"La falta de comunicaci\u00f3n de una falla con el Ayuntamiento de Val\u00e8ncia retras\u00f3 media hora la manifestaci\u00f3n contra Maz\u00f3n por la dana"},"content":{"rendered":"<p class=\"article-text\">\n        La multitudinaria manifestaci\u00f3n que, con motivo del aniversario de la dana, exigi\u00f3 la dimisi\u00f3n de Carlos Maz\u00f3n en el centro de Val\u00e8ncia, no estuvo exenta de obst\u00e1culos. Los organizadores denuncian un intento de boicot por parte del Ayuntamiento de Val\u00e8ncia, gobernado por PP y Vox, para retrasar el inicio de la marcha y \u201cdesincentivar\u201d a los participantes y les acusaron de no informar de la suspensi\u00f3n de un evento que afectaba al recorrido. La cuesti\u00f3n se debe, seg\u00fan los organizadores del evento, un concierto fallero, a un \u201cmalentendido\u201d: acordaron suspender esa misma tarde y no trasladaron el aviso ni al consistorio ni a la Polic\u00eda Local, encargada de la seguridad.\n    <\/p>\n<p>    <a href=\"https:\/\/www.eldiario.es\/comunitat-valenciana\/punt-emite-programa-corridas-toros-historicas-miles-personas-manifiestan-mazon-ano-despues-dana_1_12715002.html\" data-mrf-recirculation=\"saber-mas\" data-dl-event=\"saber-mas\" rel=\"nofollow noopener\" target=\"_blank\"><\/p>\n<p class=\"know-more__title\">\u00c0 Punt emite un programa de corridas de toros \u00abhist\u00f3ricas\u00bb mientras miles de personas se manifiestan contra Maz\u00f3n un a\u00f1o despu\u00e9s de la dana<\/p>\n<p>            <img decoding=\"async\" class=\"lazy\" loading=\"lazy\" data-src=\"https:\/\/static.eldiario.es\/clip\/335f6770-26f0-42e6-8b6d-4a77a2763979_16-9-aspect-ratio_default_0.jpg\" src=\"data:image\/svg+xml,%3Csvg xmlns=\" http:=\"\" viewbox=\"0 0 880 495\" alt=\"\u00c0 Punt emite un programa de corridas de toros &quot;hist\u00f3ricas&quot; mientras miles de personas se manifiestan contra Maz\u00f3n un a\u00f1o despu\u00e9s de la dana\"\/><\/p>\n<p>                        <\/a><\/p>\n<p class=\"article-text\">\n        Las ganas de sumarse a la manifestaci\u00f3n eran evidentes desde la cabecera, donde los organizadores deb\u00edan explicar constantemente a las personas que quer\u00edan sumarse por la parte delantera que deb\u00edan hacerlo detr\u00e1s de la pancarta principal, que portaban las v\u00edctimas. La marcha, convocada para las 18 horas formalmente, arranc\u00f3 con m\u00e1s de media hora de retraso, y despu\u00e9s avanz\u00f3 lentamente dado el aluvi\u00f3n de participantes.\n    <\/p>\n<p class=\"article-text\">\n        La portavoz de Intersindical, una de las 200 entidades convocantes, denunci\u00f3 durante la lectura del manifiesto un \u201cintento de boicot\u201d por parte de la Alcaldesa, Mar\u00eda Jos\u00e9 Catal\u00e1. \u201cSe inform\u00f3 que un concierto en la Plaza de la Reina imped\u00eda entrar hasta las 20.30 horas\u201d en el recinto, apunta. \u201cQuer\u00eda retrasar para desanimar la ciudadan\u00eda. Ese acto no se realiz\u00f3 y en ning\u00fan momento avisaron. Como siempre: no avisaron\u201d, denunci\u00f3 la representante sindical.\n    <\/p>\n<p class=\"article-text\">\n        Seg\u00fan la documentaci\u00f3n a la que ha tenido acceso elDiario.es, la Unidad de Planificaci\u00f3n de la Polic\u00eda Local inform\u00f3 de actos que durante el 25 de octubre se solapaban con el recorrido de la protesta que pod\u00edan afectar a la seguridad de los participantes. En concreto, consta el evento \u201cCien a\u00f1os de m\u00fasica y tradici\u00f3n\u201d, con una asistencia de unas 100 personas, que ocupar\u00eda la parte central de la plaza de la Reina con 50 sillas para los m\u00fasicos y espacio para el p\u00fablico entre las 18:30 y las 20:00 horas.\n    <\/p>\n<p class=\"article-text\">\n        La Falla que convoc\u00f3 el acto ha admitido este domingo que no traslad\u00f3 la cancelaci\u00f3n, que decidi\u00f3 la misma tarde del s\u00e1bado. La comisi\u00f3n fallera dice que \u201ca causa de la gran masificaci\u00f3n del centro, decidimos suspender el concierto\u201d y traslada sus disculpas a la organizaci\u00f3n de la manifestaci\u00f3n por un \u201cmalentendido\u201d.\n    <\/p>\n<blockquote class=\"twitter-tweet\" data-lang=\"es\"><p><a href=\"https:\/\/twitter.com\/X\/status\/1982572711865205112?ref_src=twsrc%5Etfw\" rel=\"nofollow noopener\" target=\"_blank\"><\/p><\/blockquote>\n<p class=\"article-text\">\n        Cada vez que hay una manifestaci\u00f3n, la Polic\u00eda debe realizar un informe sobre todo aquello que pueda interferir en el recorrido o provocar alg\u00fan conflicto, estudio que se hace tambi\u00e9n en caso de otros grandes eventos. Semanalmente se emite un informe sobre eventos en la ciudad. El aviso de suspensi\u00f3n de dichos actos unca lleg\u00f3.\n    <\/p>\n<p class=\"article-text\">\n        Adem\u00e1s, el consistorio de PP y Vox redujo notablemente las cifras de asistencia a la manifestaci\u00f3n. Mientras la delegaci\u00f3n del Gobierno apunt\u00f3 a \u201cm\u00e1s de 50.000\u201d participantes, el consistorio inform\u00f3 de que, seg\u00fan la Polic\u00eda Local, solo hab\u00eda 32.000 personas. En ambos casos, se ha trasladado la responsabilidad al Cuerpo municipal. No es la primera vez que esto sucede: en la cuarta protesta, del pasado 1 de febrero, la Delegaci\u00f3n del Gobierno habl\u00f3 de 25.000 asistentes y la Polic\u00eda Local, que se pronunci\u00f3 por primera vez, indic\u00f3 que hab\u00edan asistido unas 7.000 personas.\n    <\/p>\n<p class=\"article-text\">\n        La coalici\u00f3n Comprom\u00eds habla de manipulaci\u00f3n de cifras por parte del gobierno local de PP y Vox a trav\u00e9s de la Polic\u00eda Local, que rebaj\u00f3 la asistencia de 50.000 a 32.000 personas. \u201cLa cifra que ofreci\u00f3 ayer la Polic\u00eda Local de Val\u00e8ncia sobre el n\u00famero de asistentes en la manifestaci\u00f3n es una aut\u00e9ntica verg\u00fcenza. La de ayer fue, junto con la primera, la manifestaci\u00f3n con m\u00e1s apoyo para exigir la dimisi\u00f3n del presidente de la Generalitat Valenciana, Carlos Maz\u00f3n\u201d, se\u00f1ala su portavoz, Papi Robles.\n    <\/p>\n<p>    <a href=\"https:\/\/www.eldiario.es\/comunitat-valenciana\/miles-personas-llenan-calles-valencia-ano-despues-dana-exigir-justicia-reparacion_1_12713396.html\" data-mrf-recirculation=\"saber-mas-abajo\" data-dl-event=\"saber-mas-abajo\" rel=\"nofollow noopener\" target=\"_blank\"><\/p>\n<p class=\"know-more__title\">El grito que no cesa: m\u00e1s de 50.000 personas exigen a Maz\u00f3n responsabilidades pol\u00edticas un a\u00f1o despu\u00e9s de la dana\n<\/p>\n<p>            <img decoding=\"async\" class=\"lazy\" loading=\"lazy\" data-src=\"https:\/\/static.eldiario.es\/clip\/e6ecdd9a-dfed-4a2b-90b1-801ddc7f41ce_16-9-aspect-ratio_default_0_x940y480.jpg\" src=\"data:image\/svg+xml,%3Csvg xmlns=\" http:=\"\" viewbox=\"0 0 880 495\" alt=\"El grito que no cesa: m\u00e1s de 50.000 personas exigen a Maz\u00f3n responsabilidades pol\u00edticas un a\u00f1o despu\u00e9s de la dana\"\/><\/p>\n<p>                        <\/a><\/p>\n<p class=\"article-text\">\n        Los valencianistas ya preguntaron al consistorio por el baile de cifras del Cuerpo local. En respuesta escrita, el concejal de Seguridad, Jes\u00fas Carbonell, reconoce que no hay normativa que le otorgue la facultad de cuantificar los asistentes a manifestaciones e insinu\u00f3 una intencionalidad pol\u00edtica, y explic\u00f3 que el recuento obecede a par\u00e1metros t\u00e9cnicos: cuatro personas por metro cuadrado, que se reducen a una si est\u00e1n en movimiento. <a href=\"https:\/\/www.eldiario.es\/comunitat-valenciana\/policia-local-valencia-insinua-visperas-sexta-manifestacion-mazon-delegacion-gobierno-infla-cifras_1_12170209.html\" data-mrf-recirculation=\"links-noticia\" class=\"link\" rel=\"nofollow noopener\" target=\"_blank\">La misma respuesta apunta que Delegaci\u00f3n de Gobierno infla las cifras, algo que choca con la percepci\u00f3n de los convocantes, que a menudo apuntan que las reduce.<\/a>\n    <\/p>\n<blockquote class=\"twitter-tweet\" data-lang=\"es\"><p><a href=\"https:\/\/twitter.com\/X\/status\/1982435473000677588?ref_src=twsrc%5Etfw\" rel=\"nofollow noopener\" target=\"_blank\"><\/p><\/blockquote>\n<p>                                    <script async src=\"https:\/\/platform.twitter.com\/widgets.js\" charset=\"utf-8\"><\/script><\/p>\n","protected":false},"excerpt":{"rendered":"La multitudinaria manifestaci\u00f3n que, con motivo del aniversario de la dana, exigi\u00f3 la dimisi\u00f3n de Carlos Maz\u00f3n en&hellip;\n","protected":false},"author":2,"featured_media":202782,"comment_status":"","ping_status":"","sticky":false,"template":"","format":"standard","meta":{"footnotes":""},"categories":[8],"tags":[517,2206,1705,17,18,3965,242,25,24,13,14,11,1667,19,20,9,10,15,16,1925,23,12,21,22,235],"class_list":{"0":"post-202781","1":"post","2":"type-post","3":"status-publish","4":"format-standard","5":"has-post-thumbnail","7":"category-espana","8":"tag-actualidad","9":"tag-alicante","10":"tag-analisis","11":"tag-breaking-news","12":"tag-breakingnews","13":"tag-castellon","14":"tag-comunidad-valenciana","15":"tag-es","16":"tag-espana","17":"tag-featured-news","18":"tag-featurednews","19":"tag-headlines","20":"tag-informacion","21":"tag-latest-news","22":"tag-latestnews","23":"tag-news","24":"tag-noticias","25":"tag-noticias-destacadas","26":"tag-noticiasdestacadas","27":"tag-opinion","28":"tag-spain","29":"tag-titulares","30":"tag-ultimas-noticias","31":"tag-ultimasnoticias","32":"tag-valencia"},"share_on_mastodon":{"url":"https:\/\/pubeurope.com\/@es\/115443585887840252","error":""},"_links":{"self":[{"href":"https:\/\/www.europesays.com\/es\/wp-json\/wp\/v2\/posts\/202781","targetHints":{"allow":["GET"]}}],"collection":[{"href":"https:\/\/www.europesays.com\/es\/wp-json\/wp\/v2\/posts"}],"about":[{"href":"https:\/\/www.europesays.com\/es\/wp-json\/wp\/v2\/types\/post"}],"author":[{"embeddable":true,"href":"https:\/\/www.europesays.com\/es\/wp-json\/wp\/v2\/users\/2"}],"replies":[{"embeddable":true,"href":"https:\/\/www.europesays.com\/es\/wp-json\/wp\/v2\/comments?post=202781"}],"version-history":[{"count":0,"href":"https:\/\/www.europesays.com\/es\/wp-json\/wp\/v2\/posts\/202781\/revisions"}],"wp:featuredmedia":[{"embeddable":true,"href":"https:\/\/www.europesays.com\/es\/wp-json\/wp\/v2\/media\/202782"}],"wp:attachment":[{"href":"https:\/\/www.europesays.com\/es\/wp-json\/wp\/v2\/media?parent=202781"}],"wp:term":[{"taxonomy":"category","embeddable":true,"href":"https:\/\/www.europesays.com\/es\/wp-json\/wp\/v2\/categories?post=202781"},{"taxonomy":"post_tag","embeddable":true,"href":"https:\/\/www.europesays.com\/es\/wp-json\/wp\/v2\/tags?post=202781"}],"curies":[{"name":"wp","href":"https:\/\/api.w.org\/{rel}","templated":true}]}}