{"id":202795,"date":"2025-10-27T01:54:19","date_gmt":"2025-10-27T01:54:19","guid":{"rendered":"https:\/\/www.europesays.com\/es\/202795\/"},"modified":"2025-10-27T01:54:19","modified_gmt":"2025-10-27T01:54:19","slug":"rtve-y-lasexta-se-vuelcan-con-la-dana-un-ano-despues-con-una-programacion-especial","status":"publish","type":"post","link":"https:\/\/www.europesays.com\/es\/202795\/","title":{"rendered":"RTVE y laSexta se vuelcan con la DANA un a\u00f1o despu\u00e9s con una programaci\u00f3n especial"},"content":{"rendered":"<p class=\"ft-text\">Un a\u00f1o despu\u00e9s del fat\u00eddico 29 de octubre, cuando la catastr\u00f3fica <a class=\"ft-link ft-link--decoration\" href=\"https:\/\/www.elperiodico.com\/es\/temas\/dana-gota-fria-43153\" target=\"_blank\" rel=\"nofollow noopener\">DANA<\/a> dej\u00f3 m\u00e1s de 200 muertes en nuestro pa\u00eds, <strong>RTVE<\/strong> y <strong>laSexta<\/strong> se vuelcan para emitir una programaci\u00f3n especial que ayude a recordar c\u00f3mo fue ese d\u00eda y que aportar una visi\u00f3n de c\u00f3mo est\u00e1 siendo la reconstrucci\u00f3n de los lugares afectados, as\u00ed como de las familias.<\/p>\n<p class=\"ft-text\">Y aunque ese aniversario ser\u00e1 el 29 de octubre, las cadenas antes mencionadas ya han empezado su programaci\u00f3n especial. En el caso de La 1, ayer mismo emiti\u00f3 un especial de &#8216;Informe Semanal&#8217;. Adem\u00e1s, durante la pr\u00f3xima semana,<strong> &#8216;La Hora de La 1&#8217;<\/strong>, <strong>&#8216;Ma\u00f1aneros 360&#8217;, &#8216;<\/strong>Directo al grano&#8217;, <strong>&#8216;Malas Lenguas&#8217;<\/strong> (tambi\u00e9n en La 2) y <strong>&#8216;Aqu\u00ed la tierra&#8217;<\/strong> adaptar\u00e1n sus contenidos para recordar aquel tr\u00e1gico d\u00eda.<\/p>\n<p class=\"ft-text\">El momento m\u00e1s especial en la cadena p\u00fablica llegar\u00e1 el d\u00eda 29, cuando a las <strong>18:00 horas<\/strong> se retransmitir\u00e1 un especial sobre el <strong>funeral de Estado<\/strong> de las v\u00edctimas que dejaron las torrenciales lluvias de aquella tarde y las decisiones pol\u00edticas que se tomaron y que no se tomaron y que estar\u00e1 presentado por Pepa Bueno.<\/p>\n<p class=\"ft-text\">Por su parte, en laSexta tambi\u00e9n han preparado un seguimiento del aniversario de la DANA. En el caso de la cadena de Atresmedia, el martes emitir\u00e1 un especial de<strong> &#8216;Equipo de Investigaci\u00f3n&#8217; <\/strong>que estar\u00e1 centrado en la ausencia de <a class=\"ft-link ft-link--decoration\" href=\"https:\/\/www.elperiodico.com\/es\/temas\/carlos-mazon-1849520\" target=\"_blank\" rel=\"nofollow noopener\">Carlos Maz\u00f3n<\/a>, president de la Comunitat Valenciana, en las horas claves.<\/p>\n<p class=\"ft-text\">Un d\u00eda despu\u00e9s, el 29 de octubre, la cadena optar\u00e1 por un nuevo especial de<strong> &#8216;El Objetivo&#8217;.<\/strong> <strong>Ana Pastor<\/strong> se desplazar\u00e1 hasta Valencia para presentar en directo esta nueva entrega un a\u00f1o despu\u00e9s de la DANA.<\/p>\n<p class=\"ft-text\">Se espera que ese d\u00eda todas las cadenas recuerden el acontecimiento, por lo que seguramente habr\u00e1 coberturas especiales en programas informativos de cada cadena.<\/p>\n","protected":false},"excerpt":{"rendered":"Un a\u00f1o despu\u00e9s del fat\u00eddico 29 de octubre, cuando la catastr\u00f3fica DANA dej\u00f3 m\u00e1s de 200 muertes en&hellip;\n","protected":false},"author":2,"featured_media":202796,"comment_status":"","ping_status":"","sticky":false,"template":"","format":"standard","meta":{"footnotes":""},"categories":[171],"tags":[1611,1681,11210,146,147,25,24,5079,5622,518,23,214,55610],"class_list":{"0":"post-202795","1":"post","2":"type-post","3":"status-publish","4":"format-standard","5":"has-post-thumbnail","7":"category-tv","8":"tag-ano","9":"tag-dana","10":"tag-dana-gota-fria","11":"tag-entertainment","12":"tag-entretenimiento","13":"tag-es","14":"tag-espana","15":"tag-la-sexta","16":"tag-lasexta","17":"tag-rtve","18":"tag-spain","19":"tag-tv","20":"tag-vuelcan"},"share_on_mastodon":{"url":"https:\/\/pubeurope.com\/@es\/115443641230425543","error":""},"_links":{"self":[{"href":"https:\/\/www.europesays.com\/es\/wp-json\/wp\/v2\/posts\/202795","targetHints":{"allow":["GET"]}}],"collection":[{"href":"https:\/\/www.europesays.com\/es\/wp-json\/wp\/v2\/posts"}],"about":[{"href":"https:\/\/www.europesays.com\/es\/wp-json\/wp\/v2\/types\/post"}],"author":[{"embeddable":true,"href":"https:\/\/www.europesays.com\/es\/wp-json\/wp\/v2\/users\/2"}],"replies":[{"embeddable":true,"href":"https:\/\/www.europesays.com\/es\/wp-json\/wp\/v2\/comments?post=202795"}],"version-history":[{"count":0,"href":"https:\/\/www.europesays.com\/es\/wp-json\/wp\/v2\/posts\/202795\/revisions"}],"wp:featuredmedia":[{"embeddable":true,"href":"https:\/\/www.europesays.com\/es\/wp-json\/wp\/v2\/media\/202796"}],"wp:attachment":[{"href":"https:\/\/www.europesays.com\/es\/wp-json\/wp\/v2\/media?parent=202795"}],"wp:term":[{"taxonomy":"category","embeddable":true,"href":"https:\/\/www.europesays.com\/es\/wp-json\/wp\/v2\/categories?post=202795"},{"taxonomy":"post_tag","embeddable":true,"href":"https:\/\/www.europesays.com\/es\/wp-json\/wp\/v2\/tags?post=202795"}],"curies":[{"name":"wp","href":"https:\/\/api.w.org\/{rel}","templated":true}]}}