{"id":202806,"date":"2025-10-27T02:01:14","date_gmt":"2025-10-27T02:01:14","guid":{"rendered":"https:\/\/www.europesays.com\/es\/202806\/"},"modified":"2025-10-27T02:01:14","modified_gmt":"2025-10-27T02:01:14","slug":"estas-son-las-lecciones-que-deja-el-fallo-masivo-de-amazon-web-services-para-latinoamerica","status":"publish","type":"post","link":"https:\/\/www.europesays.com\/es\/202806\/","title":{"rendered":"Estas son las lecciones que deja el fallo masivo de Amazon Web Services para Latinoam\u00e9rica"},"content":{"rendered":"<p class=\"body-paragraph\">Bloomberg L\u00ednea \u2014 <b>Los fallos de Amazon Web Services (AWS)<\/b>, el mayor proveedor de infraestructura en la nube del mundo, evidencia la necesidad en Latinoam\u00e9rica de desarrollar infraestructura propia de cloud p\u00fablica y soberana, con miras a <b>garantizar autonom\u00eda y contrarrestar el impacto de este tipo de contingencias, <\/b>seg\u00fan especialistas consultados.<\/p>\n<p class=\"body-paragraph\">El fallo masivo de <b>Amazon Web Services <\/b>(<a href=\"https:\/\/www.bloomberglinea.com\/quote\/AMZN:UN\/\" target=\"_self\" rel=\"nofollow noopener\" title=\"https:\/\/www.bloomberglinea.com\/quote\/AMZN:UN\/\">AMZN<\/a>)<b>,<\/b> que esta semana impact\u00f3 desde plataformas financieras hasta sitios gubernamentales, abri\u00f3 dudas con respecto a las implicaciones que tiene para los pa\u00edses <b>depender de unos cuantos pocos proveedores de soluciones de computaci\u00f3n en la nube. <\/b><\/p>\n<p class=\"body-paragraph\">AWS registr\u00f3 el lunes una interrupci\u00f3n global y pese a que el origen del fallo se localiz\u00f3 en Estados Unidos, <b>el impacto se sinti\u00f3 a escala global.<\/b> La regi\u00f3n US-EAST-1, donde se produjo la interrupci\u00f3n, es<b> una de las m\u00e1s utilizadas por empresas de tecnolog\u00eda y servicios financieros para alojar operaciones cr\u00edticas y respaldos. <\/b><\/p>\n<p class=\"body-paragraph\">De Colombia a Argentina, la interrupci\u00f3n de AWS se extendi\u00f3 por horas, generando fallos en m\u00faltiples servicios de empresas como <b>Ual\u00e1, Mercado Pago, Bancolombia, Nequi, Daviplata y Davivienda. <\/b><\/p>\n<p class=\"body-paragraph\">Aunque el impacto econ\u00f3mico est\u00e1 por determinarse, el principal efecto recae en la reputaci\u00f3n de Amazon Web Services y la confianza en la nube<b>, justo cuando el crecimiento de ventas se frena y la empresa enfrenta fuerte competencia.<\/b><\/p>\n<p class=\"default__StyledVerMasText-sc-108h6at-0 cPZEdR body-paragraph view-more-paragraph\"><b>Ver m\u00e1s: <\/b><a href=\"https:\/\/www.bloomberglinea.com\/negocios\/amazon-pierde-atractivo-bursatil-ante-avance-de-rivales-en-la-nube-como-microsoft-y-oracle\/\" target=\"_self\" rel=\"nofollow noopener\" title=\"https:\/\/www.bloomberglinea.com\/negocios\/amazon-pierde-atractivo-bursatil-ante-avance-de-rivales-en-la-nube-como-microsoft-y-oracle\/\">Amazon pierde atractivo burs\u00e1til ante avance de rivales en la nube como Microsoft y Oracle<\/a><\/p>\n<p class=\"body-paragraph\"><b>\u201cEsta situaci\u00f3n subraya la necesidad de diversificaci\u00f3n y robustecimiento de infraestructuras para evitar vulnerabilidades sist\u00e9micas\u201d<\/b>, dijo a Bloomberg L\u00ednea el analista en asuntos tecnol\u00f3gicos y director del TicTank del Centro de Pensamiento para Innovar de la Universidad del Rosario en Colombia, Erick Rinc\u00f3n C\u00e1rdenas.<\/p>\n<p class=\"body-paragraph\">\u201cLatinoam\u00e9rica est\u00e1 en camino hacia una mayor autosuficiencia en servicios de nube p\u00fablica,<b> aunque todav\u00eda lejos de una soluci\u00f3n completa como la de China<\/b>, que opera infraestructuras estatales de gran escala y control absoluto\u201d, apunt\u00f3 Rinc\u00f3n C\u00e1rdenas. \u201cLas ventajas de estas nubes soberanas incluyen mejor control y seguridad de datos sensibles\u201d.<\/p>\n<p><img decoding=\"async\" alt=\"Servidores en un centro de datos en Mosc\u00fa\" title=\"Servidores en un centro de datos en Mosc\u00fa\" src=\"https:\/\/www.europesays.com\/es\/wp-content\/uploads\/2025\/10\/QYDJ72DM4NE5ZE6VFY3XZYZB3A.jpg\" style=\"aspect-ratio:4000\/2668;object-fit:cover\" width=\"4000\" height=\"1779\" loading=\"lazy\" class=\"w-full undefined\"\/><\/p>\n<p class=\"image-metadata\">Centros de datosBastidores de servidores en un centro de datos dentro de la oficina de VK Company Ltd. en Mosc\u00fa, Rusia, el mi\u00e9rcoles 19 de enero de 2022.(Bloomberg\/Andrey Rudakov)<\/p>\n<p class=\"default__StyledVerMasText-sc-108h6at-0 cPZEdR body-paragraph view-more-paragraph\"><b>Ver m\u00e1s: <\/b><a href=\"https:\/\/www.bloomberglinea.com\/tecnologia\/amazon-web-services-sufre-interrupcion-masiva-perplexity-coinbase-y-roblox-afectados\/\" target=\"_self\" rel=\"nofollow noopener\" title=\"https:\/\/www.bloomberglinea.com\/tecnologia\/amazon-web-services-sufre-interrupcion-masiva-perplexity-coinbase-y-roblox-afectados\/\">Amazon reanuda las operaciones normales en AWS tras una falla que dur\u00f3 15 horas<\/a><\/p>\n<p class=\"body-paragraph\">La empresa regional enfocada en seguridad de la informaci\u00f3n GMS dice que lo ideal es mantener una <b>combinaci\u00f3n equilibrada entre sistemas locales y servicios en la nube<\/b>, de manera que<b> la operaci\u00f3n principal de las compa\u00f1\u00edas no dependa exclusivamente de esta \u00faltima.<\/b><\/p>\n<p class=\"body-paragraph\">\u201cUna estrategia <b>multinube<\/b> puede aminorar los riesgos ante una eventual ca\u00edda de una de las nubes\u201d, dijo a Bloomberg L\u00ednea Alejandro Navarro, gerente general de GMS Colombia. \u201cSin embargo, <b>si tenemos una cat\u00e1strofe que afecte todas las nubes y no tenemos un plan de resiliencia local, definitivamente estar\u00edamos en el mismo problema<\/b>\u201d.<\/p>\n<p class=\"body-paragraph\">Uno de los principales problemas ante una interrupci\u00f3n de servicios en la nube es<b> la presi\u00f3n inmediata por restablecer las operaciones. <\/b>En esos casos, los equipos tecnol\u00f3gicos tienden a <b>saltar controles de seguridad<\/b> para recuperar los sistemas r\u00e1pidamente, <b>lo que abre oportunidades para los cibercriminales<\/b>. <\/p>\n<p class=\"body-paragraph\">Durante estas contingencias, Navarro detall\u00f3 que las barreras tradicionales de protecci\u00f3n se debilitan y se generan puertas de acceso que pueden derivar en <b>filtraciones de datos sensibles<\/b>. Por ello, recomend\u00f3 contar con <b>protocolos definidos<\/b> para responder ante posibles ca\u00eddas de este tipo.<\/p>\n<p>Urgencia de construir capacidades propias de nube<\/p>\n<p class=\"body-paragraph\">Los analistas consideran <b>ideal el desarrollo de servicios de nube propios<\/b> para regiones como Latinoam\u00e9rica. <\/p>\n<p class=\"body-paragraph\">Rinc\u00f3n C\u00e1rdenas considera que la ca\u00edda de AWS ofrece \u201duna lecci\u00f3n clara sobre la urgencia de construir capacidades propias en servicios de nube p\u00fablica soberana\u00bb.<\/p>\n<p class=\"body-paragraph\">Estas capacidades deber\u00edan <b>permitir un mayor control, seguridad y autonom\u00eda frente a otros proveedores extranjeros. <\/b><\/p>\n<p class=\"body-paragraph\">Los <b>altos costos de infraestructura<\/b> representan un obst\u00e1culo importante para estos planes.<\/p>\n<p class=\"body-paragraph\">Los analistas se\u00f1alan que<b> los gobiernos de la regi\u00f3n a\u00fan no destinan recursos suficientes para avanzar hacia ese objetivo. <\/b><\/p>\n<p class=\"default__StyledVerMasText-sc-108h6at-0 cPZEdR body-paragraph view-more-paragraph\"><b>Ver m\u00e1s: <\/b><a href=\"https:\/\/www.bloomberglinea.com\/negocios\/ibm-alerta-que-latinoamerica-corre-el-riesgo-de-rezagarse-en-la-carrera-cuantica\/\" target=\"_self\" rel=\"nofollow noopener\" title=\"https:\/\/www.bloomberglinea.com\/negocios\/ibm-alerta-que-latinoamerica-corre-el-riesgo-de-rezagarse-en-la-carrera-cuantica\/\">IBM alerta que Latinoam\u00e9rica corre el riesgo de rezagarse en la carrera cu\u00e1ntica<\/a><\/p>\n<p class=\"body-paragraph\">En visi\u00f3n de la firma de seguridad digital GMS, ser\u00eda clave establecer una <b>pol\u00edtica p\u00fablica regional<\/b> que fomente <b>la creaci\u00f3n de nubes soberanas.<\/b><\/p>\n<p class=\"body-paragraph\"><b>Esta pol\u00edtica deber\u00eda integrar<\/b> <b>normas claras de ciberseguridad<\/b> que protejan los datos de los usuarios y de las organizaciones latinoamericanas.<\/p>\n<p class=\"body-paragraph\">En la regi\u00f3n, pa\u00edses como<b> Brasil, Argentina, M\u00e9xico y Uruguay <\/b>han avanzado en el desarrollo de nubes gubernamentales o nacionales, aunque con limitaciones en escala y sofisticaci\u00f3n tecnol\u00f3gica, de acuerdo al jefe del TicTank de la Universidad del Rosario.<\/p>\n<p class=\"body-paragraph\">Estos proyectos buscan mitigar riesgos asociados a la dependencia externa y promover la soberan\u00eda digital.<\/p>\n<p class=\"body-paragraph\">No obstante, tambi\u00e9n <b>enfrentan desaf\u00edos significativos no solo asociados a inversi\u00f3n, sino tambi\u00e9n talento y modernizaci\u00f3n constante, as\u00ed como la necesidad de establecer esos marcos regulatorios claros y fomentar la colaboraci\u00f3n p\u00fablico-privada.\u200b<\/b><\/p>\n<p>\u00bfQu\u00e9 tan preparadas est\u00e1n las empresas?<img decoding=\"async\" alt=\"Centro de datos\" title=\"Centro de datos\" src=\"https:\/\/www.europesays.com\/es\/wp-content\/uploads\/2025\/10\/GR6P75DL2ZFS7FVYB5FHJ6NURA.jpg\" style=\"aspect-ratio:3508\/2002;object-fit:cover\" width=\"3508\" height=\"1142\" loading=\"lazy\" class=\"w-full undefined\"\/><\/p>\n<p class=\"image-metadata\">Centro de datosLos centros de datos con filas de servidores con luz parpadeante que indican procesamiento constante.<\/p>\n<p class=\"body-paragraph\">Diego Ossa, country manager y chief strategy officer de la consultora Stefanini Group para Latinoam\u00e9rica y el Caribe, explic\u00f3 a Bloomberg L\u00ednea que los fallos en los servicios en la nube exigen que las organizaciones eval\u00faen la arquitectura tecnol\u00f3gica de sus sistemas y su <b>resiliencia digital.<\/b><\/p>\n<p class=\"body-paragraph\">Esta es la capacidad que tienen las organizaciones de recuperarse r\u00e1pidamente ante incidentes,<b> incluyendo ataques cibern\u00e9ticos, para garantizar la continuidad operacional.<\/b><\/p>\n<p class=\"body-paragraph\">Ossa destac\u00f3 la importancia de contar con un <b>Business Continuity Plan <\/b><b>(BCP)<\/b> que ayude a analizar la resiliencia organizacional y a plantear escenarios como la multinube.<\/p>\n<p class=\"body-paragraph\">En ese sentido,<b> ve clave evitar depender de un solo proveedor o incluso desarrollar infraestructura propia para operaciones cr\u00edticas. <\/b><\/p>\n<p class=\"default__StyledVerMasText-sc-108h6at-0 cPZEdR body-paragraph view-more-paragraph\"><b>Ver m\u00e1s:<\/b> <a href=\"https:\/\/www.bloomberglinea.com\/negocios\/la-caida-de-aws-deja-en-evidencia-los-riesgos-del-dominio-mundial-de-amazon-en-la-nube\/\" target=\"_blank\" rel=\"noreferrer nofollow noopener\" title=\"https:\/\/www.bloomberglinea.com\/negocios\/la-caida-de-aws-deja-en-evidencia-los-riesgos-del-dominio-mundial-de-amazon-en-la-nube\/\">La ca\u00edda de AWS deja en evidencia los riesgos del dominio mundial de Amazon en la nube<\/a><\/p>\n<p class=\"body-paragraph\">Asimismo, subray\u00f3 la relevancia de la replicaci\u00f3n de datos y el mantenimiento de backups de forma peri\u00f3dica<b>, m\u00e1s all\u00e1 de simplemente construir grandes nubes.<\/b><\/p>\n<p class=\"body-paragraph\">La preparaci\u00f3n de los pa\u00edses frente a estas contingencias se determina a partir de su resiliencia<b> ante fallas el\u00e9ctricas, desastres naturales u otros eventos. <\/b><\/p>\n<p class=\"body-paragraph\">Los pa\u00edses m\u00e1s avanzados en servicios digitales para ciudadanos en Latinoam\u00e9rica, <b>como Brasil, Chile y Colombia<\/b>, muestran mayor fortaleza, de acuerdo al ejecutivo. <\/p>\n<p class=\"body-paragraph\">\u201cT\u00edpicamente, pa\u00edses que est\u00e1n m\u00e1s avanzados en los servicios digitales disponibles para sus ciudadanos en t\u00e9rminos transaccionales invierte m\u00e1s en esas capacidades\u201d, coment\u00f3. <\/p>\n<p class=\"body-paragraph\">Ossa agreg\u00f3 que Argentina, pese a los retos macroecon\u00f3micos recientes, mantiene un nivel de madurez tecnol\u00f3gica relevante, al igual que Per\u00fa, <b>que progresa de manera constante. <\/b><\/p>\n<p class=\"body-paragraph\">En Centroam\u00e9rica, se\u00f1al\u00f3 que el desarrollo a\u00fan est\u00e1 en etapas m\u00e1s tempranas, <b>pero con potencial de desarrollo.<\/b><\/p>\n<p>Desaf\u00edos en la adopci\u00f3n <img decoding=\"async\" alt=\"Un t\u00e9cnico trabaja cerca de los servidores de rack en la sala de servidores del centro de procesamiento de datos de Sberbank PJSC (DPC) en el Centro de Innovaci\u00f3n Skolkovo, en Mosc\u00fa, Rusia, el martes 26 de diciembre de 2017.\" title=\"Un t\u00e9cnico trabaja cerca de los servidores de rack en la sala de servidores del centro de procesamiento de datos de Sberbank PJSC (DPC) en el Centro de Innovaci\u00f3n Skolkovo, en Mosc\u00fa, Rusia, el martes 26 de diciembre de 2017.\" src=\"https:\/\/www.europesays.com\/es\/wp-content\/uploads\/2025\/10\/4A6MAP6U2BAS3DQEF2ZUWUYGZY.jpg\" style=\"aspect-ratio:3999\/2667;object-fit:cover\" width=\"3999\" height=\"1778\" loading=\"lazy\" class=\"w-full undefined\"\/><\/p>\n<p class=\"image-metadata\">Computaci\u00f3n en la nubeUn t\u00e9cnico trabaja cerca de los servidores de rack en la sala de servidores del centro de procesamiento de datos de Sberbank PJSC (DPC) en el Centro de Innovaci\u00f3n Skolkovo, en Mosc\u00fa, Rusia, el martes 26 de diciembre de 2017.(Bloomberg\/Andrey Rudakov)<\/p>\n<p class=\"body-paragraph\">De acuerdo a un reciente informe de la consultora EY, el nivel de adopci\u00f3n de la nube en Latinoam\u00e9rica por parte de la industria financiera<b> \u201csigue siendo conservador\u201d. <\/b><\/p>\n<p class=\"body-paragraph\">En Latinoam\u00e9rica, la adopci\u00f3n de la nube en la industria financiera muestra que <b>el 50\u202f% de las organizaciones alojan menos del 25\u202f% de su portafolio de aplicaciones en la nube<\/b>, seg\u00fan el informe Cloud Adoption Survey de 2024, en el que participaron cerca de 80 empresas.<\/p>\n<p class=\"default__StyledVerMasText-sc-108h6at-0 cPZEdR body-paragraph view-more-paragraph\"><b>Ver m\u00e1s: <\/b><a href=\"https:\/\/www.bloomberglinea.com\/mercados\/invertir-en-las-10-empresas-latinas-mas-valiosas-de-wall-street-asi-estan-las-recomendaciones\/\" target=\"_self\" rel=\"nofollow noopener\" title=\"https:\/\/www.bloomberglinea.com\/mercados\/invertir-en-las-10-empresas-latinas-mas-valiosas-de-wall-street-asi-estan-las-recomendaciones\/\">\u00bfInvertir en las 10 empresas latinas m\u00e1s valiosas de Wall Street? As\u00ed est\u00e1n las recomendaciones<\/a><\/p>\n<p class=\"body-paragraph\">A pesar de esto, <b>el 68\u202f% ya cuenta con un plan espec\u00edfico para mejorar las habilidades de sus colaboradores en este \u00e1mbito<\/b>, mientras que el 20\u202f% ya est\u00e1 incorporando inteligencia artificial en sus programas en la nube.<\/p>\n<p class=\"body-paragraph\">En todo caso, un 35 % de las organizaciones est\u00e1n al l\u00edmite o sobrepasan sus proyecciones de gasto en la nube, seg\u00fan EY.<\/p>\n<p>Las 15 horas de paralizaci\u00f3n fueron cr\u00edticas<img decoding=\"async\" alt=\"El logotipo de Amazon Web Services Inc (AWS) aparece en un cartel en una oficina temporal antes del Foro Econ\u00f3mico Mundial (FEM) en Davos, Suiza, el lunes 21 de enero de 2019.\" title=\"El logotipo de Amazon Web Services Inc (AWS) aparece en un cartel en una oficina temporal antes del Foro Econ\u00f3mico Mundial (FEM) en Davos, Suiza, el lunes 21 de enero de 2019.\" src=\"https:\/\/www.europesays.com\/es\/wp-content\/uploads\/2025\/10\/67FD5WMMQVBMNNFUB5FS66BC5I.jpg\" style=\"aspect-ratio:3998\/2667;object-fit:cover\" width=\"3998\" height=\"1779\" loading=\"lazy\" class=\"w-full undefined\"\/><\/p>\n<p class=\"image-metadata\">Amazon Web ServicesEl logotipo de Amazon Web Services Inc (AWS) aparece en un cartel en una oficina temporal antes del Foro Econ\u00f3mico Mundial (FEM) en Davos, Suiza, el lunes 21 de enero de 2019.(Bloomberg\/Jason Alden)<\/p>\n<p class=\"body-paragraph\">En la actualidad, Amazon Web Services abarca un 30% del mercado global de infraestructura en la nube.<\/p>\n<p class=\"body-paragraph\">Entre tanto, <b>Microsoft Azure alcanza una cuota del 20% del mercado<\/b>, superando a <b>Google Cloud Platform, que tiene el 12%<\/b>, de acuerdo con cifras recopiladas por la firma de investigaci\u00f3n del sector HG Insights.<\/p>\n<p class=\"body-paragraph\">Estos gigantes de la nube son claves para el funcionamiento de servicios cr\u00edticos como redes sociales, plataformas de streaming, servicios bancarios y aplicaciones de inteligencia artificial. <\/p>\n<p class=\"body-paragraph\">El incidente con AWS fue calificado como el peor apag\u00f3n de Amazon desde 2021, ya que la interrupci\u00f3n de los servicios por un lapso de al menos 15 horas impact\u00f3 a compa\u00f1\u00edas del tama\u00f1o de Apple (<a href=\"https:\/\/www.bloomberglinea.com\/quote\/AAPL:UN\/\" target=\"_blank\" rel=\"noreferrer nofollow noopener\" title=\"https:\/\/www.bloomberglinea.com\/quote\/AAPL:UN\/\">AAPL<\/a>) y McDonald\u2019s Corp. (<a href=\"https:\/\/www.bloomberglinea.com\/quote\/MCD:UN\/\" target=\"_blank\" rel=\"noreferrer nofollow noopener\" title=\"https:\/\/www.bloomberglinea.com\/quote\/MCD:UN\/\">MCD<\/a>).<\/p>\n<p class=\"default__StyledVerMasText-sc-108h6at-0 cPZEdR body-paragraph view-more-paragraph\"><b>Ver m\u00e1s: <\/b><a href=\"https:\/\/www.bloomberglinea.com\/mercados\/oracle-se-desploma-previsiones-sobre-su-negocio-de-la-nube-no-cumplen-expectativas\/\" target=\"_self\" rel=\"nofollow noopener\" title=\"https:\/\/www.bloomberglinea.com\/mercados\/oracle-se-desploma-previsiones-sobre-su-negocio-de-la-nube-no-cumplen-expectativas\/\">Oracle se desploma: previsiones sobre su negocio de la nube no cumplen expectativas<\/a><\/p>\n","protected":false},"excerpt":{"rendered":"Bloomberg L\u00ednea \u2014 Los fallos de Amazon Web Services (AWS), el mayor proveedor de infraestructura en la nube&hellip;\n","protected":false},"author":2,"featured_media":202807,"comment_status":"","ping_status":"","sticky":false,"template":"","format":"standard","meta":{"footnotes":""},"categories":[80],"tags":[50707,50708,14355,82,4429,55611,55612,95,94,5911,25,24,4440,55613,55614,17461,55615,55616,14363,14364,26766,23,17765,118,55617],"class_list":{"0":"post-202806","1":"post","2":"type-post","3":"status-publish","4":"format-standard","5":"has-post-thumbnail","7":"category-economia","8":"tag-best-photo","9":"tag-best-photos","10":"tag-bric-countries","11":"tag-business","12":"tag-business-news","13":"tag-commercial-space","14":"tag-computing","15":"tag-economia","16":"tag-economy","17":"tag-emea","18":"tag-es","19":"tag-espana","20":"tag-industries","21":"tag-information-technology","22":"tag-mergers-acquisitions","23":"tag-office","24":"tag-office-properties","25":"tag-office-workers","26":"tag-russia","27":"tag-russian","28":"tag-social-media","29":"tag-spain","30":"tag-tech","31":"tag-technology","32":"tag-vkontakte"},"share_on_mastodon":{"url":"https:\/\/pubeurope.com\/@es\/115443668423975000","error":""},"_links":{"self":[{"href":"https:\/\/www.europesays.com\/es\/wp-json\/wp\/v2\/posts\/202806","targetHints":{"allow":["GET"]}}],"collection":[{"href":"https:\/\/www.europesays.com\/es\/wp-json\/wp\/v2\/posts"}],"about":[{"href":"https:\/\/www.europesays.com\/es\/wp-json\/wp\/v2\/types\/post"}],"author":[{"embeddable":true,"href":"https:\/\/www.europesays.com\/es\/wp-json\/wp\/v2\/users\/2"}],"replies":[{"embeddable":true,"href":"https:\/\/www.europesays.com\/es\/wp-json\/wp\/v2\/comments?post=202806"}],"version-history":[{"count":0,"href":"https:\/\/www.europesays.com\/es\/wp-json\/wp\/v2\/posts\/202806\/revisions"}],"wp:featuredmedia":[{"embeddable":true,"href":"https:\/\/www.europesays.com\/es\/wp-json\/wp\/v2\/media\/202807"}],"wp:attachment":[{"href":"https:\/\/www.europesays.com\/es\/wp-json\/wp\/v2\/media?parent=202806"}],"wp:term":[{"taxonomy":"category","embeddable":true,"href":"https:\/\/www.europesays.com\/es\/wp-json\/wp\/v2\/categories?post=202806"},{"taxonomy":"post_tag","embeddable":true,"href":"https:\/\/www.europesays.com\/es\/wp-json\/wp\/v2\/tags?post=202806"}],"curies":[{"name":"wp","href":"https:\/\/api.w.org\/{rel}","templated":true}]}}