{"id":202820,"date":"2025-10-27T02:12:13","date_gmt":"2025-10-27T02:12:13","guid":{"rendered":"https:\/\/www.europesays.com\/es\/202820\/"},"modified":"2025-10-27T02:12:13","modified_gmt":"2025-10-27T02:12:13","slug":"alimerka-oviedo-baloncesto-palmer-basket-mallorca-palma-primera-feb","status":"publish","type":"post","link":"https:\/\/www.europesays.com\/es\/202820\/","title":{"rendered":"ALIMERKA OVIEDO BALONCESTO PALMER BASKET MALLORCA PALMA PRIMERA FEB"},"content":{"rendered":"<p class=\"ft-text ft-helper-closenews\"><a class=\"ft-link ft-link--decoration\" href=\"https:\/\/www.lne.es\/deportes\/deporte-astur\/2025\/10\/23\/nuevo-alimerka-oviedo-baloncesto-palacio-122931743.html\" rel=\"nofollow noopener\" target=\"_blank\">Este es el Alimerka Oviedo Baloncesto que puede ilusionar a la afici\u00f3n asturiana con un bonita temporada en Primera FEB.<\/a><strong> Un equipo serio, que comparte el bal\u00f3n, que gana a base de rebotear m\u00e1s que el rival y que tiene el suficiente talento como para superar a un Palmer Basket Mallorca que apenas opuso resistencia ante el conjunto de Javi Rodr\u00edguez<\/strong>. Una victoria que sirve al conjunto <strong>asturiano <\/strong>para sumar <a class=\"ft-link ft-link--decoration\" href=\"https:\/\/www.lne.es\/deportes\/deporte-astur\/2025\/10\/18\/alimerka-oviedo-baloncesto-monta-fiesta-122763921.html\" rel=\"nofollow noopener\" target=\"_blank\">su segunda victoria del curso en liga (van cinco jornadas) y la primera a domicilio. <\/a><\/p>\n<p>Un gran trabajo y un final de segundo cuarto que lo emborrona <\/p>\n<p class=\"ft-text\"><strong>El OCB desperdici\u00f3 en la primera parte la ocasi\u00f3n de dejar finiquitado un encuentro en el que fue muy superior<\/strong>, pero en el que tuvo un apag\u00f3n antes del descanso que dio ciertas esperanzas al equipo mallorqu\u00edn. <a class=\"ft-link ft-link--decoration\" href=\"https:\/\/www.lne.es\/deportes\/deporte-astur\/2025\/09\/18\/director-general-alimerka-oviedo-baloncesto-121687248.html\" rel=\"nofollow noopener\" target=\"_blank\">El OCB, ordenado y con las ideas muy claras, lo hizo casi todo bien, en defensa, en ataque y en pr\u00e1cticamente todas las facetas del juego<\/a>. <strong>Tras cuatro minutos de intercambio de canastas, un sensacional Lobaco -enorme partidazo del capit\u00e1n- lider\u00f3 la ofensiva azul hasta que un triple de Faure elev\u00f3 la renta visitante a los once puntos (13-24)<\/strong> a 1:48 minutos del final del primer parcial.<\/p>\n<p class=\"ft-text\">Al segundo se lleg\u00f3 ya <strong>con una renta de 14 puntos y con el equipo de Oviedo dominando, <\/strong><a class=\"ft-link ft-link--decoration\" href=\"https:\/\/www.lne.es\/deportes\/deporte-astur\/2025\/10\/14\/alimerka-oviedo-baloncesto-espera-townes-122585785.html\" rel=\"nofollow noopener\" target=\"_blank\"><strong>con Townes sinti\u00e9ndose c\u00f3modo en la direcci\u00f3n de juego<\/strong><\/a><strong>, siendo \u00e9l el encargado de elevar la renta a 22 puntos (16-38) a 5:20 del descanso.<\/strong> Pero en ese \u00faltimo tramo antes de irse a vestuarios,<strong> el OCB tir\u00f3 parte del trabajo hecho en el momento en el que el Palmer Mallorca <\/strong>subi\u00f3 un punto su intensidad defensiva, comenz\u00f3 a provocar p\u00e9rdidas y malos tiros de <strong>Oviedo<\/strong>, a lo que se uni\u00f3 un poco de acierto exterior. Un c\u00f3ctel que dej\u00f3 la renta del equipo asturiano en diez puntos (32-42) al descanso. <a class=\"ft-link ft-link--decoration\" href=\"https:\/\/www.lne.es\/deportes\/deporte-astur\/2025\/10\/11\/alimerka-oviedo-baloncesto-atasca-barro-122520688.html\" rel=\"nofollow noopener\" target=\"_blank\"><strong>Todo ello gracias a un parcial de 16-4 en esos \u00faltimos cinco minutos.<\/strong><\/a><\/p>\n<p>El partido, finiquitado tras el descanso <\/p>\n<p class=\"ft-text\">Pero <strong>dej\u00f3 claro muy r\u00e1pido Oviedo que no ten\u00eda ninguna intenci\u00f3n de complicarse la vida en un partido que estaba dominando. <\/strong>Tras el descanso, entre <strong>Lobaco<\/strong>, que acab\u00f3 siendo el m\u00e1s valorado del partido con sus <strong>18 puntos y 7 rebotes<\/strong>, y<strong> Dan Duscak<\/strong>, cuyo tobillo le dio tregua para ayudar a un nivel muy alto a la victoria del equipo, casi dejaron finiquitado el choque. <strong>Dos triples seguidos del base esloveno dejaron <\/strong><a class=\"ft-link ft-link--decoration\" href=\"https:\/\/www.lne.es\/deportes\/deporte-astur\/2025\/09\/26\/gran-dia-baloncesto-oviedo-alimerka-122003448.html\" rel=\"nofollow noopener\" target=\"_blank\"><strong>dieron la m\u00e1xima ventaja al OCB (35-58) a 5:15 de acabar el cuarto. <\/strong><\/a><\/p>\n<p><img decoding=\"async\" src=\"https:\/\/www.europesays.com\/es\/wp-content\/uploads\/2025\/10\/6dcd6d2d-fd6d-4b8b-be7f-e19c69bc559c_alta-libre-aspect-ratio_default_0.jpg\" width=\"1200\" height=\"1796\" alt=\"Calvin Hermanson lanza a canasta en el partido ante el Palmer Basket Mallorca Palma\" class=\"ft-helper-img-rd\" loading=\"lazy\" hasdataaida=\"true\"\/><\/p>\n<p class=\"ft-helper-fontColor-quaternary ft-helper-fontSize-body-S ft-helper-spacer-t-xxs\">Calvin Hermanson lanza a canasta en el partido ante el Palmer Basket Mallorca Palma  \/ Palmer Basket<\/p>\n<p>El Mallorca sobrevive con triples<\/p>\n<p class=\"ft-text\">Tres triples seguidos de Mallorca<strong>, el primero de ellos del exjugador del OCB Chapela (en Palmer particip\u00f3 tambi\u00e9n Comendador, otro exjugador azul), redujeron algo la renta, que fue de 17 puntos al final del tercer cuarto (45-62)<\/strong>. Pero, m\u00e1s all\u00e1 del resultado,<strong> la sensaci\u00f3n era la de una enorme superioridad del equipo asturiano<\/strong>. Puede que esa superioridad se hiciera evidente especialmente en el rebote, <strong>cogiendo Oviedo 42 y su rival 24<\/strong>.<strong> Entre Cosialls y Shelist, otros dos que estuvieron especialmente inspirados en el lado azul, dieron una y otra vez segundas oportunidades a sus compa\u00f1eros.<\/strong><\/p>\n<p>El \u00faltimo cuarto, con todo decidido <\/p>\n<p class=\"ft-text\">El \u00faltimo cuarto fue una confirmaci\u00f3n de lo visto en los 30 minutos anteriores.<strong> El OCB no baj\u00f3 los brazos y mantuvo siempre una renta a su favor en torno a los veinte puntos.<\/strong> En los minutos finales salt\u00f3 a la pista el canterano <strong>Jorge Arias<\/strong>, que volvi\u00f3 a aprovechar la oportunidad, anotando cuatro puntos y demostrando que puede jugar en esta categor\u00eda y confirmando que lleva varios a\u00f1os haciendo <strong>un muy buen trabajo para crecer y confirmarse como uno de los proyectos importantes dentro del baloncesto asturiano.<\/strong><\/p>\n<p class=\"ft-text\">El pr\u00f3ximo s\u00e1bado (19:00 horas) <strong>el Alimerka Oviedo tendr\u00e1 que recibir de nuevo en el Palacio de los Deportes al Monbus Obradoiro<\/strong>, que acaba de ganar en la cancha del <a class=\"ft-link ft-link--decoration\" href=\"https:\/\/www.lne.es\/deportes\/deporte-astur\/2025\/09\/26\/alimerka-oviedo-estrena-palacio-deportes-122004065.html\" rel=\"nofollow noopener\" target=\"_blank\">Estudiantes <\/a>y que <a class=\"ft-link ft-link--decoration\" href=\"https:\/\/www.lne.es\/deportes\/deporte-astur\/2025\/10\/22\/alimerka-oviedo-baloncesto-baja-copa-122909022.html\" rel=\"nofollow noopener\" target=\"_blank\">se impuso en un ajustado partido de Copa Espa\u00f1a al propio OCB hace solo unos d\u00edas<\/a>. <strong>El espect\u00e1culo promete<\/strong>.<\/p>\n<p data-close=\"closedContent\" class=\"subscribeHideForDisplay\">Suscr\u00edbete para seguir leyendo<\/p>\n","protected":false},"excerpt":{"rendered":"Este es el Alimerka Oviedo Baloncesto que puede ilusionar a la afici\u00f3n asturiana con un bonita temporada en&hellip;\n","protected":false},"author":2,"featured_media":202821,"comment_status":"","ping_status":"","sticky":false,"template":"","format":"standard","meta":{"footnotes":""},"categories":[269],"tags":[1795,12232,299,298,168,26592,25,24,2457,1797,1796,6484,1078,33649,23,167],"class_list":{"0":"post-202820","1":"post","2":"type-post","3":"status-publish","4":"format-standard","5":"has-post-thumbnail","7":"category-baloncesto","8":"tag-alimerka","9":"tag-asturiano","10":"tag-baloncesto","11":"tag-basketball","12":"tag-deportes","13":"tag-domicilio","14":"tag-es","15":"tag-espana","16":"tag-mallorca","17":"tag-ocb","18":"tag-oviedo","19":"tag-oviedo-baloncesto","20":"tag-primera","21":"tag-renta","22":"tag-spain","23":"tag-sports"},"share_on_mastodon":{"url":"https:\/\/pubeurope.com\/@es\/115443711869099667","error":""},"_links":{"self":[{"href":"https:\/\/www.europesays.com\/es\/wp-json\/wp\/v2\/posts\/202820","targetHints":{"allow":["GET"]}}],"collection":[{"href":"https:\/\/www.europesays.com\/es\/wp-json\/wp\/v2\/posts"}],"about":[{"href":"https:\/\/www.europesays.com\/es\/wp-json\/wp\/v2\/types\/post"}],"author":[{"embeddable":true,"href":"https:\/\/www.europesays.com\/es\/wp-json\/wp\/v2\/users\/2"}],"replies":[{"embeddable":true,"href":"https:\/\/www.europesays.com\/es\/wp-json\/wp\/v2\/comments?post=202820"}],"version-history":[{"count":0,"href":"https:\/\/www.europesays.com\/es\/wp-json\/wp\/v2\/posts\/202820\/revisions"}],"wp:featuredmedia":[{"embeddable":true,"href":"https:\/\/www.europesays.com\/es\/wp-json\/wp\/v2\/media\/202821"}],"wp:attachment":[{"href":"https:\/\/www.europesays.com\/es\/wp-json\/wp\/v2\/media?parent=202820"}],"wp:term":[{"taxonomy":"category","embeddable":true,"href":"https:\/\/www.europesays.com\/es\/wp-json\/wp\/v2\/categories?post=202820"},{"taxonomy":"post_tag","embeddable":true,"href":"https:\/\/www.europesays.com\/es\/wp-json\/wp\/v2\/tags?post=202820"}],"curies":[{"name":"wp","href":"https:\/\/api.w.org\/{rel}","templated":true}]}}