{"id":202824,"date":"2025-10-27T02:14:09","date_gmt":"2025-10-27T02:14:09","guid":{"rendered":"https:\/\/www.europesays.com\/es\/202824\/"},"modified":"2025-10-27T02:14:09","modified_gmt":"2025-10-27T02:14:09","slug":"ana-morgade-volvio-a-al-cielo-con-ella-tras-creer-que-le-habian-echado-y-reivindico-mas-ayuda-para-la-salud-mental","status":"publish","type":"post","link":"https:\/\/www.europesays.com\/es\/202824\/","title":{"rendered":"Ana Morgade volvi\u00f3 a &#8216;Al cielo con ella&#8217; tras creer que le hab\u00edan echado y reivindic\u00f3 m\u00e1s ayuda para la salud mental"},"content":{"rendered":"<p class=\"article-text\">\n        La 2 emiti\u00f3 una nueva entrega de <strong>Al cielo con ella <\/strong>en la que<strong> Henar \u00c1lvarez<\/strong> recibi\u00f3 a <strong>Juan Diego Botto<\/strong>, entrevist\u00f3 de forma conjunta a <strong>Mar\u00eda Pel\u00e1e y Rozal\u00e9n<\/strong> y aplaudi\u00f3 el regreso de la secci\u00f3n de<strong> Ana Morgade<\/strong>.\n    <\/p>\n<p>    <a href=\"https:\/\/www.eldiario.es\/vertele\/noticias\/ada-colau-explico-cielo-ayudar-gaza-bromeo-jurado-premio-planeta-nobel_1_12696785.html\" data-mrf-recirculation=\"saber-mas\" data-dl-event=\"saber-mas\" rel=\"nofollow noopener\" target=\"_blank\"><\/p>\n<p class=\"know-more__title\">Ada Colau explic\u00f3 en &#8216;Al cielo con ella&#8217; c\u00f3mo ayudar a Gaza y brome\u00f3 con el jurado del Premio Planeta y del Nobel<\/p>\n<p>            <img decoding=\"async\" class=\"lazy\" loading=\"lazy\" data-src=\"https:\/\/static.eldiario.es\/clip\/877ff215-e4ac-443d-8441-f9b8564b8f6c_16-9-aspect-ratio_default_0.jpg\" src=\"data:image\/svg+xml,%3Csvg xmlns=\" http:=\"\" viewbox=\"0 0 880 495\" alt=\"Ada Colau explic\u00f3 en 'Al cielo con ella' c\u00f3mo ayudar a Gaza y brome\u00f3 con el jurado del Premio Planeta y del Nobel\"\/><\/p>\n<p>                        <\/a><\/p>\n<p class=\"article-text\">\n        \u201cAhora viene con nosotras una colabora que<strong> no viene desde el a\u00f1o pasado<\/strong> y ten\u00edamos unas ganas tremendas de verla en este plat\u00f3\u201d, dijo la presentadora para dar paso a la humorista, que al sentarse confes\u00f3 que pensaba que no iba a volver al programa:\n    <\/p>\n<p class=\"article-text\">\n        \u201cHe visto que arrancabais, he visto en las redes sociales que esto ya estaba en marcha, y <strong>digo &#8216;eso es que no me hab\u00e9is renovado y os ha dado pena dec\u00edrmelo&#8217;. <\/strong>Soy as\u00ed, siempre pienso que todo el mundo me ha echado, en cuanto no me llaman dos d\u00edas\u201d, asegur\u00f3 entre risas.\n    <\/p>\n<p class=\"article-text\">\n        Sin embargo, Henar se\u00f1alaba que era todo lo contrario: \u201cQue no hombre, que no. <strong>Te hemos echado mucho de menos, ten\u00edamos muchas ganas<\/strong>\u201d. Por lo que Morgade continu\u00f3 con su secci\u00f3n que dedic\u00f3 a las fobias.\n    <\/p>\n<blockquote class=\"twitter-tweet\" data-lang=\"es\"><p><a href=\"https:\/\/twitter.com\/X\/status\/1982568419942916486?ref_src=twsrc%5Etfw\" rel=\"nofollow noopener\" target=\"_blank\"><\/p><\/blockquote>\n<p class=\"article-text\">\n        La c\u00f3mica se\u00f1al\u00f3 varios famosos y sus miedos irracionales, hasta que lleg\u00f3 a ella misma que tiene \u201cmotefobia\u201d, es decir,<strong> un \u201cmiedo desproporcionado a las polillas\u201d<\/strong>. Morgade explic\u00f3 que est\u00e1 \u201ctrabajando en terapia para saber de d\u00f3nde viene. Hay momentos que no las puedo ver ni dibujadas\u201d, lament\u00f3.\n    <\/p>\n<p>    <a href=\"https:\/\/www.eldiario.es\/vertele\/noticias\/mainat-dice-arrepiente-no-irrumpir-operacion-triunfo-despedir-directo-risto-mejide_1_12715410.html\" data-mrf-recirculation=\"saber-mas-abajo\" data-dl-event=\"saber-mas-abajo\" rel=\"nofollow noopener\" target=\"_blank\"><\/p>\n<p class=\"know-more__title\">Mainat dice que se \u201carrepiente\u201d de no irrumpir en &#8216;Operaci\u00f3n Triunfo&#8217; para despedir en directo a Risto Mejide<\/p>\n<p>            <img decoding=\"async\" class=\"lazy\" loading=\"lazy\" data-src=\"https:\/\/static.eldiario.es\/clip\/fe3353ca-8c39-44c4-91c2-d00fae461446_16-9-aspect-ratio_default_0.jpg\" src=\"data:image\/svg+xml,%3Csvg xmlns=\" http:=\"\" viewbox=\"0 0 880 495\" alt=\"Mainat dice que se &quot;arrepiente&quot; de no irrumpir en 'Operaci\u00f3n Triunfo' para despedir en directo a Risto Mejide\"\/><\/p>\n<p>                        <\/a><\/p>\n<p class=\"article-text\">\n        Para acabar, la colaboradora quiso lanzar un mensaje esperanzador para todos aquellos que tengan alg\u00fan problema de salud mental, asegurando que \u201chay luz al final del t\u00fanel, con ayuda especializada\u201d. Y como esa ayuda suele ser cara, lanz\u00f3 un consejo: \u201c<strong>No votes nunca, bajo ning\u00fan concepto, a partidos pol\u00edticos que s\u00ed tienen fobia a invertir en salud mental\u201d<\/strong>, zanj\u00f3 entre aplausos.\n    <\/p>\n<p>                                <script async src=\"https:\/\/platform.twitter.com\/widgets.js\" charset=\"utf-8\"><\/script><\/p>\n","protected":false},"excerpt":{"rendered":"La 2 emiti\u00f3 una nueva entrega de Al cielo con ella en la que Henar \u00c1lvarez recibi\u00f3 a&hellip;\n","protected":false},"author":2,"featured_media":202825,"comment_status":"","ping_status":"","sticky":false,"template":"","format":"standard","meta":{"footnotes":""},"categories":[174],"tags":[683,3229,255,6884,21027,55620,146,147,25,24,256,55619,3294,4214,55618,43950,166,23,24632],"class_list":{"0":"post-202824","1":"post","2":"type-post","3":"status-publish","4":"format-standard","5":"has-post-thumbnail","7":"category-famosos","8":"tag-ana","9":"tag-ayuda","10":"tag-celebrities","11":"tag-cielo","12":"tag-creer","13":"tag-echado","14":"tag-entertainment","15":"tag-entretenimiento","16":"tag-es","17":"tag-espana","18":"tag-famosos","19":"tag-habian","20":"tag-le","21":"tag-mental","22":"tag-morgade","23":"tag-reivindico","24":"tag-salud","25":"tag-spain","26":"tag-volvio"},"share_on_mastodon":{"url":"https:\/\/pubeurope.com\/@es\/115443719443164519","error":""},"_links":{"self":[{"href":"https:\/\/www.europesays.com\/es\/wp-json\/wp\/v2\/posts\/202824","targetHints":{"allow":["GET"]}}],"collection":[{"href":"https:\/\/www.europesays.com\/es\/wp-json\/wp\/v2\/posts"}],"about":[{"href":"https:\/\/www.europesays.com\/es\/wp-json\/wp\/v2\/types\/post"}],"author":[{"embeddable":true,"href":"https:\/\/www.europesays.com\/es\/wp-json\/wp\/v2\/users\/2"}],"replies":[{"embeddable":true,"href":"https:\/\/www.europesays.com\/es\/wp-json\/wp\/v2\/comments?post=202824"}],"version-history":[{"count":0,"href":"https:\/\/www.europesays.com\/es\/wp-json\/wp\/v2\/posts\/202824\/revisions"}],"wp:featuredmedia":[{"embeddable":true,"href":"https:\/\/www.europesays.com\/es\/wp-json\/wp\/v2\/media\/202825"}],"wp:attachment":[{"href":"https:\/\/www.europesays.com\/es\/wp-json\/wp\/v2\/media?parent=202824"}],"wp:term":[{"taxonomy":"category","embeddable":true,"href":"https:\/\/www.europesays.com\/es\/wp-json\/wp\/v2\/categories?post=202824"},{"taxonomy":"post_tag","embeddable":true,"href":"https:\/\/www.europesays.com\/es\/wp-json\/wp\/v2\/tags?post=202824"}],"curies":[{"name":"wp","href":"https:\/\/api.w.org\/{rel}","templated":true}]}}